{"id":193070,"date":"2026-03-13T10:38:00","date_gmt":"2026-03-13T13:38:00","guid":{"rendered":"https:\/\/www.hoymercedes.com.ar\/principal\/?p=193070"},"modified":"2026-03-12T12:41:39","modified_gmt":"2026-03-12T15:41:39","slug":"el-teatro-argentino-sera-escenario-de-un-desfile-por-la-inclusion-y-la-ley-de-talles","status":"publish","type":"post","link":"https:\/\/www.hoymercedes.com.ar\/principal\/2026\/03\/13\/el-teatro-argentino-sera-escenario-de-un-desfile-por-la-inclusion-y-la-ley-de-talles\/","title":{"rendered":"El Teatro Argentino ser\u00e1 escenario de un desfile por la inclusi\u00f3n y la Ley de Talles"},"content":{"rendered":"\n<p>El <strong>Teatro Argentino \u201cJulio C\u00e9sar Gioscio\u201d de Mercedes<\/strong> ser\u00e1 sede de un <strong>desfile de modas por la inclusi\u00f3n social y la Ley de Talles<\/strong>, una propuesta que combina est\u00e9tica, compromiso social y concientizaci\u00f3n sobre la diversidad de cuerpos.<\/p>\n\n\n\n<figure class=\"wp-block-image size-large\"><img loading=\"lazy\" decoding=\"async\" width=\"1024\" height=\"768\" data-attachment-id=\"193071\" data-permalink=\"https:\/\/www.hoymercedes.com.ar\/principal\/2026\/03\/13\/el-teatro-argentino-sera-escenario-de-un-desfile-por-la-inclusion-y-la-ley-de-talles\/image-317\/#main\" data-orig-file=\"https:\/\/www.hoymercedes.com.ar\/principal\/wp-content\/uploads\/2026\/03\/image-46.png\" data-orig-size=\"2048,1536\" data-comments-opened=\"0\" data-image-meta=\"{&quot;aperture&quot;:&quot;0&quot;,&quot;credit&quot;:&quot;&quot;,&quot;camera&quot;:&quot;&quot;,&quot;caption&quot;:&quot;&quot;,&quot;created_timestamp&quot;:&quot;0&quot;,&quot;copyright&quot;:&quot;&quot;,&quot;focal_length&quot;:&quot;0&quot;,&quot;iso&quot;:&quot;0&quot;,&quot;shutter_speed&quot;:&quot;0&quot;,&quot;title&quot;:&quot;&quot;,&quot;orientation&quot;:&quot;0&quot;}\" data-image-title=\"image\" data-image-description=\"\" data-image-caption=\"\" data-large-file=\"https:\/\/www.hoymercedes.com.ar\/principal\/wp-content\/uploads\/2026\/03\/image-46-1024x768.png\" src=\"https:\/\/www.hoymercedes.com.ar\/principal\/wp-content\/uploads\/2026\/03\/image-46-1024x768.png\" alt=\"\" class=\"wp-image-193071\" srcset=\"https:\/\/www.hoymercedes.com.ar\/principal\/wp-content\/uploads\/2026\/03\/image-46-1024x768.png 1024w, https:\/\/www.hoymercedes.com.ar\/principal\/wp-content\/uploads\/2026\/03\/image-46-630x473.png 630w, https:\/\/www.hoymercedes.com.ar\/principal\/wp-content\/uploads\/2026\/03\/image-46-150x113.png 150w, https:\/\/www.hoymercedes.com.ar\/principal\/wp-content\/uploads\/2026\/03\/image-46-1536x1152.png 1536w, https:\/\/www.hoymercedes.com.ar\/principal\/wp-content\/uploads\/2026\/03\/image-46.png 2048w\" sizes=\"auto, (max-width: 1024px) 100vw, 1024px\" \/><\/figure>\n\n\n\n<p>La actividad se realizar\u00e1 <strong>el s\u00e1bado 14 de marzo a las 17:30 horas<\/strong> y busca <strong>romper con los estereotipos tradicionales de belleza<\/strong>, promoviendo el cumplimiento de la normativa de talles en el comercio y fomentando una mirada m\u00e1s inclusiva dentro de la moda.<\/p>\n\n\n\n<p>El evento es impulsado por la organizaci\u00f3n <strong>\u201cMujeres Mercedinas en Uni\u00f3n y por la Paz\u201d<\/strong>, encabezada por <strong>Mirtha Retamozo<\/strong>, que este a\u00f1o celebra <strong>21 a\u00f1os de trabajo solidario en la ciudad<\/strong>, promoviendo el respeto por la diversidad y la inclusi\u00f3n social.<\/p>\n\n\n\n<p>Siguiendo el esp\u00edritu solidario de la agrupaci\u00f3n, <strong>la entrada no tendr\u00e1 costo econ\u00f3mico<\/strong>: quienes asistan podr\u00e1n ingresar <strong>donando un alimento no perecedero<\/strong>, que luego ser\u00e1 destinado a ayudar a personas que lo necesiten.<\/p>\n\n\n\n<p>La iniciativa propone <strong>una pasarela con participaci\u00f3n de mujeres de la comunidad<\/strong>, poniendo el foco en la aceptaci\u00f3n personal y colectiva, y reforzando el mensaje de que <strong>la moda tambi\u00e9n puede ser una herramienta para promover igualdad y respeto por la diversidad<\/strong>.<\/p>\n","protected":false},"excerpt":{"rendered":"<p>El Teatro Argentino \u201cJulio C\u00e9sar Gioscio\u201d de Mercedes ser\u00e1 sede de un desfile de modas por la inclusi\u00f3n social y &#8230; <a title=\"El Teatro Argentino ser\u00e1 escenario de un desfile por la inclusi\u00f3n y la Ley de Talles\" class=\"read-more\" href=\"https:\/\/www.hoymercedes.com.ar\/principal\/2026\/03\/13\/el-teatro-argentino-sera-escenario-de-un-desfile-por-la-inclusion-y-la-ley-de-talles\/\" aria-label=\"Leer m\u00e1s sobre El Teatro Argentino ser\u00e1 escenario de un desfile por la inclusi\u00f3n y la Ley de Talles\">Leer m\u00e1s<\/a><\/p>\n","protected":false},"author":1,"featured_media":193071,"comment_status":"closed","ping_status":"open","sticky":false,"template":"","format":"standard","meta":{"_monsterinsights_skip_tracking":false,"_monsterinsights_sitenote_active":false,"_monsterinsights_sitenote_note":"","_monsterinsights_sitenote_category":0,"jetpack_post_was_ever_published":false,"_jetpack_newsletter_access":"","_jetpack_dont_email_post_to_subs":false,"_jetpack_newsletter_tier_id":0,"_jetpack_memberships_contains_paywalled_content":false,"_jetpack_memberships_contains_paid_content":false,"footnotes":"","jetpack_publicize_message":"","jetpack_publicize_feature_enabled":true,"jetpack_social_post_already_shared":true,"jetpack_social_options":{"image_generator_settings":{"template":"highway","default_image_id":0,"font":"","enabled":false},"version":2},"_wpas_customize_per_network":false},"categories":[104],"tags":[],"class_list":["post-193070","post","type-post","status-publish","format-standard","has-post-thumbnail","hentry","category-cultura","generate-columns","tablet-grid-50","mobile-grid-100","grid-parent","grid-50"],"jetpack_publicize_connections":[],"jetpack_featured_media_url":"https:\/\/www.hoymercedes.com.ar\/principal\/wp-content\/uploads\/2026\/03\/image-46.png","wps_subtitle":"","jetpack_sharing_enabled":true,"_links":{"self":[{"href":"https:\/\/www.hoymercedes.com.ar\/principal\/wp-json\/wp\/v2\/posts\/193070","targetHints":{"allow":["GET"]}}],"collection":[{"href":"https:\/\/www.hoymercedes.com.ar\/principal\/wp-json\/wp\/v2\/posts"}],"about":[{"href":"https:\/\/www.hoymercedes.com.ar\/principal\/wp-json\/wp\/v2\/types\/post"}],"author":[{"embeddable":true,"href":"https:\/\/www.hoymercedes.com.ar\/principal\/wp-json\/wp\/v2\/users\/1"}],"replies":[{"embeddable":true,"href":"https:\/\/www.hoymercedes.com.ar\/principal\/wp-json\/wp\/v2\/comments?post=193070"}],"version-history":[{"count":1,"href":"https:\/\/www.hoymercedes.com.ar\/principal\/wp-json\/wp\/v2\/posts\/193070\/revisions"}],"predecessor-version":[{"id":193072,"href":"https:\/\/www.hoymercedes.com.ar\/principal\/wp-json\/wp\/v2\/posts\/193070\/revisions\/193072"}],"wp:featuredmedia":[{"embeddable":true,"href":"https:\/\/www.hoymercedes.com.ar\/principal\/wp-json\/wp\/v2\/media\/193071"}],"wp:attachment":[{"href":"https:\/\/www.hoymercedes.com.ar\/principal\/wp-json\/wp\/v2\/media?parent=193070"}],"wp:term":[{"taxonomy":"category","embeddable":true,"href":"https:\/\/www.hoymercedes.com.ar\/principal\/wp-json\/wp\/v2\/categories?post=193070"},{"taxonomy":"post_tag","embeddable":true,"href":"https:\/\/www.hoymercedes.com.ar\/principal\/wp-json\/wp\/v2\/tags?post=193070"}],"curies":[{"name":"wp","href":"https:\/\/api.w.org\/{rel}","templated":true}]}}