{"id":193076,"date":"2026-03-12T14:52:00","date_gmt":"2026-03-12T17:52:00","guid":{"rendered":"https:\/\/www.hoymercedes.com.ar\/principal\/?p=193076"},"modified":"2026-03-12T12:54:52","modified_gmt":"2026-03-12T15:54:52","slug":"dos-siniestros-viales-en-pocos-dias-dejaron-heridos-en-mercedes","status":"publish","type":"post","link":"https:\/\/www.hoymercedes.com.ar\/principal\/2026\/03\/12\/dos-siniestros-viales-en-pocos-dias-dejaron-heridos-en-mercedes\/","title":{"rendered":"Dos siniestros viales en pocos d\u00edas dejaron heridos en Mercedes"},"content":{"rendered":"\n<p>En el inicio de la semana se registraron <strong>dos accidentes de tr\u00e1nsito en la ciudad de Mercedes<\/strong>, ambos con personas heridas y con intervenci\u00f3n de servicios de emergencia.<\/p>\n\n\n\n<figure class=\"wp-block-image size-large\"><img loading=\"lazy\" decoding=\"async\" width=\"1024\" height=\"682\" data-attachment-id=\"185452\" data-permalink=\"https:\/\/www.hoymercedes.com.ar\/principal\/2025\/06\/19\/dos-aprehendidos-por-varios-hechos-de-escruches\/policia-bonaerense-patrullero-2\/#main\" data-orig-file=\"https:\/\/www.hoymercedes.com.ar\/principal\/wp-content\/uploads\/2025\/06\/Policia-Bonaerense-Patrullero-2.jpg\" data-orig-size=\"1319,879\" data-comments-opened=\"0\" data-image-meta=\"{&quot;aperture&quot;:&quot;0&quot;,&quot;credit&quot;:&quot;&quot;,&quot;camera&quot;:&quot;&quot;,&quot;caption&quot;:&quot;&quot;,&quot;created_timestamp&quot;:&quot;0&quot;,&quot;copyright&quot;:&quot;&quot;,&quot;focal_length&quot;:&quot;0&quot;,&quot;iso&quot;:&quot;0&quot;,&quot;shutter_speed&quot;:&quot;0&quot;,&quot;title&quot;:&quot;&quot;,&quot;orientation&quot;:&quot;0&quot;}\" data-image-title=\"Policia-Bonaerense-Patrullero-2\" data-image-description=\"&lt;p&gt;Polic\u00eda Bonaerense &amp;#8211; Mercedes &amp;#8211; Buenos Aires&lt;\/p&gt;\n\" data-image-caption=\"\" data-large-file=\"https:\/\/www.hoymercedes.com.ar\/principal\/wp-content\/uploads\/2025\/06\/Policia-Bonaerense-Patrullero-2-1024x682.jpg\" src=\"https:\/\/www.hoymercedes.com.ar\/principal\/wp-content\/uploads\/2025\/06\/Policia-Bonaerense-Patrullero-2-1024x682.jpg\" alt=\"Polic\u00eda Bonaerense - Mercedes - Buenos Aires\" class=\"wp-image-185452\" srcset=\"https:\/\/www.hoymercedes.com.ar\/principal\/wp-content\/uploads\/2025\/06\/Policia-Bonaerense-Patrullero-2-1024x682.jpg 1024w, https:\/\/www.hoymercedes.com.ar\/principal\/wp-content\/uploads\/2025\/06\/Policia-Bonaerense-Patrullero-2-630x420.jpg 630w, https:\/\/www.hoymercedes.com.ar\/principal\/wp-content\/uploads\/2025\/06\/Policia-Bonaerense-Patrullero-2-150x100.jpg 150w, https:\/\/www.hoymercedes.com.ar\/principal\/wp-content\/uploads\/2025\/06\/Policia-Bonaerense-Patrullero-2-700x465.jpg 700w, https:\/\/www.hoymercedes.com.ar\/principal\/wp-content\/uploads\/2025\/06\/Policia-Bonaerense-Patrullero-2.jpg 1319w\" sizes=\"auto, (max-width: 1024px) 100vw, 1024px\" \/><\/figure>\n\n\n\n<p>El primero ocurri\u00f3 <strong>el lunes 9 por la ma\u00f1ana en la intersecci\u00f3n de calles 10 y 45<\/strong>, donde <strong>un autom\u00f3vil y una motocicleta protagonizaron un choque<\/strong>. Como consecuencia del impacto, <strong>la conductora del rodado menor result\u00f3 herida<\/strong> y debi\u00f3 ser asistida y trasladada para su atenci\u00f3n m\u00e9dica.<\/p>\n\n\n\n<p>El segundo siniestro se produjo <strong>el mi\u00e9rcoles 11 alrededor de las 9.35 en la esquina de calles 13 y 28<\/strong>. En este caso, <strong>un autom\u00f3vil colision\u00f3 con una bicicleta<\/strong>, y <strong>un joven que circulaba en el rodado menor sufri\u00f3 lesiones<\/strong>, por lo que tambi\u00e9n recibi\u00f3 asistencia tras el impacto.<\/p>\n\n\n\n<p>Ambos hechos vuelven a poner en foco <strong>la reiteraci\u00f3n de siniestros viales en cruces urbanos de la ciudad<\/strong>, especialmente aquellos donde conviven autos, motos y bicicletas.<\/p>\n","protected":false},"excerpt":{"rendered":"<p>En el inicio de la semana se registraron dos accidentes de tr\u00e1nsito en la ciudad de Mercedes, ambos con personas &#8230; <a title=\"Dos siniestros viales en pocos d\u00edas dejaron heridos en Mercedes\" class=\"read-more\" href=\"https:\/\/www.hoymercedes.com.ar\/principal\/2026\/03\/12\/dos-siniestros-viales-en-pocos-dias-dejaron-heridos-en-mercedes\/\" aria-label=\"Leer m\u00e1s sobre Dos siniestros viales en pocos d\u00edas dejaron heridos en Mercedes\">Leer m\u00e1s<\/a><\/p>\n","protected":false},"author":1,"featured_media":185452,"comment_status":"closed","ping_status":"open","sticky":false,"template":"","format":"standard","meta":{"_monsterinsights_skip_tracking":false,"_monsterinsights_sitenote_active":false,"_monsterinsights_sitenote_note":"","_monsterinsights_sitenote_category":0,"jetpack_post_was_ever_published":false,"_jetpack_newsletter_access":"","_jetpack_dont_email_post_to_subs":false,"_jetpack_newsletter_tier_id":0,"_jetpack_memberships_contains_paywalled_content":false,"_jetpack_memberships_contains_paid_content":false,"footnotes":"","jetpack_publicize_message":"","jetpack_publicize_feature_enabled":true,"jetpack_social_post_already_shared":true,"jetpack_social_options":{"image_generator_settings":{"template":"highway","default_image_id":0,"font":"","enabled":false},"version":2},"_wpas_customize_per_network":false},"categories":[85],"tags":[],"class_list":["post-193076","post","type-post","status-publish","format-standard","has-post-thumbnail","hentry","category-policial","generate-columns","tablet-grid-50","mobile-grid-100","grid-parent","grid-50"],"jetpack_publicize_connections":[],"jetpack_featured_media_url":"https:\/\/www.hoymercedes.com.ar\/principal\/wp-content\/uploads\/2025\/06\/Policia-Bonaerense-Patrullero-2.jpg","wps_subtitle":"","jetpack_sharing_enabled":true,"_links":{"self":[{"href":"https:\/\/www.hoymercedes.com.ar\/principal\/wp-json\/wp\/v2\/posts\/193076","targetHints":{"allow":["GET"]}}],"collection":[{"href":"https:\/\/www.hoymercedes.com.ar\/principal\/wp-json\/wp\/v2\/posts"}],"about":[{"href":"https:\/\/www.hoymercedes.com.ar\/principal\/wp-json\/wp\/v2\/types\/post"}],"author":[{"embeddable":true,"href":"https:\/\/www.hoymercedes.com.ar\/principal\/wp-json\/wp\/v2\/users\/1"}],"replies":[{"embeddable":true,"href":"https:\/\/www.hoymercedes.com.ar\/principal\/wp-json\/wp\/v2\/comments?post=193076"}],"version-history":[{"count":1,"href":"https:\/\/www.hoymercedes.com.ar\/principal\/wp-json\/wp\/v2\/posts\/193076\/revisions"}],"predecessor-version":[{"id":193077,"href":"https:\/\/www.hoymercedes.com.ar\/principal\/wp-json\/wp\/v2\/posts\/193076\/revisions\/193077"}],"wp:featuredmedia":[{"embeddable":true,"href":"https:\/\/www.hoymercedes.com.ar\/principal\/wp-json\/wp\/v2\/media\/185452"}],"wp:attachment":[{"href":"https:\/\/www.hoymercedes.com.ar\/principal\/wp-json\/wp\/v2\/media?parent=193076"}],"wp:term":[{"taxonomy":"category","embeddable":true,"href":"https:\/\/www.hoymercedes.com.ar\/principal\/wp-json\/wp\/v2\/categories?post=193076"},{"taxonomy":"post_tag","embeddable":true,"href":"https:\/\/www.hoymercedes.com.ar\/principal\/wp-json\/wp\/v2\/tags?post=193076"}],"curies":[{"name":"wp","href":"https:\/\/api.w.org\/{rel}","templated":true}]}}