{"id":193078,"date":"2026-03-12T14:06:20","date_gmt":"2026-03-12T17:06:20","guid":{"rendered":"https:\/\/www.hoymercedes.com.ar\/principal\/?p=193078"},"modified":"2026-03-12T14:06:23","modified_gmt":"2026-03-12T17:06:23","slug":"se-incendio-un-camion-en-ruta-n41-partido-de-mercedes-video","status":"publish","type":"post","link":"https:\/\/www.hoymercedes.com.ar\/principal\/2026\/03\/12\/se-incendio-un-camion-en-ruta-n41-partido-de-mercedes-video\/","title":{"rendered":"Se incendi\u00f3 un cami\u00f3n en Ruta N\u00b041 partido de Mercedes (video)"},"content":{"rendered":"\n<p>Durante horas de la ma\u00f1ana se incendi\u00f3 un cami\u00f3n de gran porte en ruta provincial n\u00b041, a la altura de la planta de La Seren\u00edsima. Se trata de un Ford Cargo donde debieron intervenir loa Bomberos de Mecedes.<\/p>\n\n\n\n<figure class=\"wp-block-image size-large\"><img loading=\"lazy\" decoding=\"async\" width=\"1024\" height=\"576\" data-attachment-id=\"193079\" data-permalink=\"https:\/\/www.hoymercedes.com.ar\/principal\/2026\/03\/12\/se-incendio-un-camion-en-ruta-n41-partido-de-mercedes-video\/whatsapp-image-2026-03-12-at-14-00-13\/#main\" data-orig-file=\"https:\/\/www.hoymercedes.com.ar\/principal\/wp-content\/uploads\/2026\/03\/WhatsApp-Image-2026-03-12-at-14.00.13.jpeg\" data-orig-size=\"1600,900\" data-comments-opened=\"0\" data-image-meta=\"{&quot;aperture&quot;:&quot;0&quot;,&quot;credit&quot;:&quot;&quot;,&quot;camera&quot;:&quot;&quot;,&quot;caption&quot;:&quot;&quot;,&quot;created_timestamp&quot;:&quot;0&quot;,&quot;copyright&quot;:&quot;&quot;,&quot;focal_length&quot;:&quot;0&quot;,&quot;iso&quot;:&quot;0&quot;,&quot;shutter_speed&quot;:&quot;0&quot;,&quot;title&quot;:&quot;&quot;,&quot;orientation&quot;:&quot;0&quot;}\" data-image-title=\"WhatsApp Image 2026-03-12 at 14.00.13\" data-image-description=\"\" data-image-caption=\"\" data-large-file=\"https:\/\/www.hoymercedes.com.ar\/principal\/wp-content\/uploads\/2026\/03\/WhatsApp-Image-2026-03-12-at-14.00.13-1024x576.jpeg\" src=\"https:\/\/www.hoymercedes.com.ar\/principal\/wp-content\/uploads\/2026\/03\/WhatsApp-Image-2026-03-12-at-14.00.13-1024x576.jpeg\" alt=\"\" class=\"wp-image-193079\" srcset=\"https:\/\/www.hoymercedes.com.ar\/principal\/wp-content\/uploads\/2026\/03\/WhatsApp-Image-2026-03-12-at-14.00.13-1024x576.jpeg 1024w, https:\/\/www.hoymercedes.com.ar\/principal\/wp-content\/uploads\/2026\/03\/WhatsApp-Image-2026-03-12-at-14.00.13-630x354.jpeg 630w, https:\/\/www.hoymercedes.com.ar\/principal\/wp-content\/uploads\/2026\/03\/WhatsApp-Image-2026-03-12-at-14.00.13-150x84.jpeg 150w, https:\/\/www.hoymercedes.com.ar\/principal\/wp-content\/uploads\/2026\/03\/WhatsApp-Image-2026-03-12-at-14.00.13-1536x864.jpeg 1536w, https:\/\/www.hoymercedes.com.ar\/principal\/wp-content\/uploads\/2026\/03\/WhatsApp-Image-2026-03-12-at-14.00.13.jpeg 1600w\" sizes=\"auto, (max-width: 1024px) 100vw, 1024px\" \/><\/figure>\n\n\n\n<p>Destrucci\u00f3n total fue el resultado del siniestro.<\/p>\n\n\n\n<p>Los motivos del incendio es ahora materia del peritaje, pero no descartan alg\u00fan desperfecto t\u00e9cnico.<\/p>\n\n\n\n<p>Para poder trabajar la ruta debi\u00f3 ser cortada en ambos sentidos.<\/p>\n\n\n\n<p>Actu\u00f3 el m\u00f3vil n\u00b032 de los Bomberos de nuestra ciudad.<\/p>\n\n\n\n<p>No se supo a qu\u00e9 rubro o empresa pertenece el veh\u00edculo dado que a la hora de realizar esta cr\u00f3nica se segu\u00eda trabajando en el lugar.<\/p>\n\n\n\n<figure class=\"wp-block-embed is-type-video is-provider-youtube wp-block-embed-youtube wp-embed-aspect-9-16 wp-has-aspect-ratio\"><div class=\"wp-block-embed__wrapper\">\n<iframe loading=\"lazy\" title=\"Se incendi\u00f3 un cami\u00f3n en Ruta 41.\" width=\"563\" height=\"1000\" src=\"https:\/\/www.youtube.com\/embed\/G16Kf8vj1Rg?feature=oembed\" frameborder=\"0\" allow=\"accelerometer; autoplay; clipboard-write; encrypted-media; gyroscope; picture-in-picture; web-share\" referrerpolicy=\"strict-origin-when-cross-origin\" allowfullscreen><\/iframe>\n<\/div><\/figure>\n","protected":false},"excerpt":{"rendered":"<p>Durante horas de la ma\u00f1ana se incendi\u00f3 un cami\u00f3n de gran porte en ruta provincial n\u00b041, a la altura de &#8230; <a title=\"Se incendi\u00f3 un cami\u00f3n en Ruta N\u00b041 partido de Mercedes (video)\" class=\"read-more\" href=\"https:\/\/www.hoymercedes.com.ar\/principal\/2026\/03\/12\/se-incendio-un-camion-en-ruta-n41-partido-de-mercedes-video\/\" aria-label=\"Leer m\u00e1s sobre Se incendi\u00f3 un cami\u00f3n en Ruta N\u00b041 partido de Mercedes (video)\">Leer m\u00e1s<\/a><\/p>\n","protected":false},"author":1,"featured_media":193079,"comment_status":"closed","ping_status":"open","sticky":false,"template":"","format":"standard","meta":{"_monsterinsights_skip_tracking":false,"_monsterinsights_sitenote_active":false,"_monsterinsights_sitenote_note":"","_monsterinsights_sitenote_category":0,"jetpack_post_was_ever_published":false,"_jetpack_newsletter_access":"","_jetpack_dont_email_post_to_subs":false,"_jetpack_newsletter_tier_id":0,"_jetpack_memberships_contains_paywalled_content":false,"_jetpack_memberships_contains_paid_content":false,"footnotes":"","jetpack_publicize_message":"","jetpack_publicize_feature_enabled":true,"jetpack_social_post_already_shared":true,"jetpack_social_options":{"image_generator_settings":{"template":"highway","default_image_id":0,"font":"","enabled":false},"version":2},"_wpas_customize_per_network":false},"categories":[85],"tags":[],"class_list":["post-193078","post","type-post","status-publish","format-standard","has-post-thumbnail","hentry","category-policial","generate-columns","tablet-grid-50","mobile-grid-100","grid-parent","grid-50"],"jetpack_publicize_connections":[],"jetpack_featured_media_url":"https:\/\/www.hoymercedes.com.ar\/principal\/wp-content\/uploads\/2026\/03\/WhatsApp-Image-2026-03-12-at-14.00.13.jpeg","wps_subtitle":"","jetpack_sharing_enabled":true,"_links":{"self":[{"href":"https:\/\/www.hoymercedes.com.ar\/principal\/wp-json\/wp\/v2\/posts\/193078","targetHints":{"allow":["GET"]}}],"collection":[{"href":"https:\/\/www.hoymercedes.com.ar\/principal\/wp-json\/wp\/v2\/posts"}],"about":[{"href":"https:\/\/www.hoymercedes.com.ar\/principal\/wp-json\/wp\/v2\/types\/post"}],"author":[{"embeddable":true,"href":"https:\/\/www.hoymercedes.com.ar\/principal\/wp-json\/wp\/v2\/users\/1"}],"replies":[{"embeddable":true,"href":"https:\/\/www.hoymercedes.com.ar\/principal\/wp-json\/wp\/v2\/comments?post=193078"}],"version-history":[{"count":1,"href":"https:\/\/www.hoymercedes.com.ar\/principal\/wp-json\/wp\/v2\/posts\/193078\/revisions"}],"predecessor-version":[{"id":193081,"href":"https:\/\/www.hoymercedes.com.ar\/principal\/wp-json\/wp\/v2\/posts\/193078\/revisions\/193081"}],"wp:featuredmedia":[{"embeddable":true,"href":"https:\/\/www.hoymercedes.com.ar\/principal\/wp-json\/wp\/v2\/media\/193079"}],"wp:attachment":[{"href":"https:\/\/www.hoymercedes.com.ar\/principal\/wp-json\/wp\/v2\/media?parent=193078"}],"wp:term":[{"taxonomy":"category","embeddable":true,"href":"https:\/\/www.hoymercedes.com.ar\/principal\/wp-json\/wp\/v2\/categories?post=193078"},{"taxonomy":"post_tag","embeddable":true,"href":"https:\/\/www.hoymercedes.com.ar\/principal\/wp-json\/wp\/v2\/tags?post=193078"}],"curies":[{"name":"wp","href":"https:\/\/api.w.org\/{rel}","templated":true}]}}