{"id":193086,"date":"2026-03-12T16:28:00","date_gmt":"2026-03-12T19:28:00","guid":{"rendered":"https:\/\/www.hoymercedes.com.ar\/principal\/?p=193086"},"modified":"2026-03-12T15:41:00","modified_gmt":"2026-03-12T18:41:00","slug":"el-colegio-de-arquitectos-cambia-sus-numeros-de-telefonos","status":"publish","type":"post","link":"https:\/\/www.hoymercedes.com.ar\/principal\/2026\/03\/12\/el-colegio-de-arquitectos-cambia-sus-numeros-de-telefonos\/","title":{"rendered":"El Colegio de Arquitectos cambia sus n\u00fameros de tel\u00e9fonos"},"content":{"rendered":"\n<p>Desde el Colegio de Arquitectos &#8211; Distrito 5 que tiene su sede central en Mercedes comunicaron que cambiaron los n\u00fameros telef\u00f3nicos. <\/p>\n\n\n\n<p>\u00abMotivado por una actualizaci\u00f3n tecnol\u00f3gica de la empresa proveedora del servicio de telefon\u00eda y cuestiones t\u00e9cnicas que esto implica, los n\u00fameros telef\u00f3nicos de la sede distrital tuvieron que ser modificados\u00bb, expresan desde la instituci\u00f3n de avenida 30.<\/p>\n\n\n\n<p>\u00abEste cambio se relaciona a un mejoramiento en la tecnolog\u00eda a la que podemos acceder para garantizar conectividad y comunicaci\u00f3n con la matr\u00edcula. La linea m\u00f3vil de Whatsapp se mantene igual\u00bb, agregan. <\/p>\n\n\n\n<p>Las nuevas v\u00edas de comunicaci\u00f3n de lineas fijas para cuestiones adminitrativas y de visados, \u00a0respectivamente, son: <br>\u00c1rea Administrativa: Tel: 2324 441175<br>\u00c1rea Delegaci\u00f3n: Tel: 2324 441176<br>Whatsapp Secretar\u00eda: Cel: 2324 56 0009<\/p>\n","protected":false},"excerpt":{"rendered":"<p>Desde el Colegio de Arquitectos &#8211; Distrito 5 que tiene su sede central en Mercedes comunicaron que cambiaron los n\u00fameros &#8230; <a title=\"El Colegio de Arquitectos cambia sus n\u00fameros de tel\u00e9fonos\" class=\"read-more\" href=\"https:\/\/www.hoymercedes.com.ar\/principal\/2026\/03\/12\/el-colegio-de-arquitectos-cambia-sus-numeros-de-telefonos\/\" aria-label=\"Leer m\u00e1s sobre El Colegio de Arquitectos cambia sus n\u00fameros de tel\u00e9fonos\">Leer m\u00e1s<\/a><\/p>\n","protected":false},"author":1,"featured_media":151955,"comment_status":"closed","ping_status":"open","sticky":false,"template":"","format":"standard","meta":{"_monsterinsights_skip_tracking":false,"_monsterinsights_sitenote_active":false,"_monsterinsights_sitenote_note":"","_monsterinsights_sitenote_category":0,"jetpack_post_was_ever_published":false,"_jetpack_newsletter_access":"","_jetpack_dont_email_post_to_subs":false,"_jetpack_newsletter_tier_id":0,"_jetpack_memberships_contains_paywalled_content":false,"_jetpack_memberships_contains_paid_content":false,"footnotes":"","jetpack_publicize_message":"","jetpack_publicize_feature_enabled":true,"jetpack_social_post_already_shared":true,"jetpack_social_options":{"image_generator_settings":{"template":"highway","default_image_id":0,"font":"","enabled":false},"version":2},"_wpas_customize_per_network":false},"categories":[8],"tags":[],"class_list":["post-193086","post","type-post","status-publish","format-standard","has-post-thumbnail","hentry","category-sociedad","generate-columns","tablet-grid-50","mobile-grid-100","grid-parent","grid-50"],"jetpack_publicize_connections":[],"jetpack_featured_media_url":"https:\/\/www.hoymercedes.com.ar\/principal\/wp-content\/uploads\/2022\/08\/Colegio-Arquitectos-Mercedes.jpg","wps_subtitle":"","jetpack_sharing_enabled":true,"_links":{"self":[{"href":"https:\/\/www.hoymercedes.com.ar\/principal\/wp-json\/wp\/v2\/posts\/193086","targetHints":{"allow":["GET"]}}],"collection":[{"href":"https:\/\/www.hoymercedes.com.ar\/principal\/wp-json\/wp\/v2\/posts"}],"about":[{"href":"https:\/\/www.hoymercedes.com.ar\/principal\/wp-json\/wp\/v2\/types\/post"}],"author":[{"embeddable":true,"href":"https:\/\/www.hoymercedes.com.ar\/principal\/wp-json\/wp\/v2\/users\/1"}],"replies":[{"embeddable":true,"href":"https:\/\/www.hoymercedes.com.ar\/principal\/wp-json\/wp\/v2\/comments?post=193086"}],"version-history":[{"count":1,"href":"https:\/\/www.hoymercedes.com.ar\/principal\/wp-json\/wp\/v2\/posts\/193086\/revisions"}],"predecessor-version":[{"id":193087,"href":"https:\/\/www.hoymercedes.com.ar\/principal\/wp-json\/wp\/v2\/posts\/193086\/revisions\/193087"}],"wp:featuredmedia":[{"embeddable":true,"href":"https:\/\/www.hoymercedes.com.ar\/principal\/wp-json\/wp\/v2\/media\/151955"}],"wp:attachment":[{"href":"https:\/\/www.hoymercedes.com.ar\/principal\/wp-json\/wp\/v2\/media?parent=193086"}],"wp:term":[{"taxonomy":"category","embeddable":true,"href":"https:\/\/www.hoymercedes.com.ar\/principal\/wp-json\/wp\/v2\/categories?post=193086"},{"taxonomy":"post_tag","embeddable":true,"href":"https:\/\/www.hoymercedes.com.ar\/principal\/wp-json\/wp\/v2\/tags?post=193086"}],"curies":[{"name":"wp","href":"https:\/\/api.w.org\/{rel}","templated":true}]}}