{"id":193090,"date":"2026-03-13T12:40:44","date_gmt":"2026-03-13T15:40:44","guid":{"rendered":"https:\/\/www.hoymercedes.com.ar\/principal\/?p=193090"},"modified":"2026-03-13T12:40:47","modified_gmt":"2026-03-13T15:40:47","slug":"se-viene-la-noche-del-vermucito","status":"publish","type":"post","link":"https:\/\/www.hoymercedes.com.ar\/principal\/2026\/03\/13\/se-viene-la-noche-del-vermucito\/","title":{"rendered":"Se viene la noche del vermucito"},"content":{"rendered":"\n<p>En el&nbsp;<strong>Anfiteatro Municipal<\/strong>&nbsp;se viene una nueva propuesta para el encuentro y el impulso a los emprendimientos locales: Noche del Vermut. Habr\u00e1 los mejores tragos, m\u00fasica en vivo, gastronom\u00eda y un excelente ambiente para disfrutar entre amigos y familia. Ser\u00e1 el&nbsp;<strong>21 de marzo desde las 19hs.<\/strong><\/p>\n\n\n\n<figure class=\"wp-block-image size-large\"><img loading=\"lazy\" decoding=\"async\" width=\"1024\" height=\"577\" data-attachment-id=\"193091\" data-permalink=\"https:\/\/www.hoymercedes.com.ar\/principal\/2026\/03\/13\/se-viene-la-noche-del-vermucito\/dsc07406\/#main\" data-orig-file=\"https:\/\/www.hoymercedes.com.ar\/principal\/wp-content\/uploads\/2026\/03\/DSC07406.jpg\" data-orig-size=\"1561,879\" data-comments-opened=\"0\" data-image-meta=\"{&quot;aperture&quot;:&quot;0&quot;,&quot;credit&quot;:&quot;&quot;,&quot;camera&quot;:&quot;&quot;,&quot;caption&quot;:&quot;&quot;,&quot;created_timestamp&quot;:&quot;0&quot;,&quot;copyright&quot;:&quot;&quot;,&quot;focal_length&quot;:&quot;0&quot;,&quot;iso&quot;:&quot;0&quot;,&quot;shutter_speed&quot;:&quot;0&quot;,&quot;title&quot;:&quot;&quot;,&quot;orientation&quot;:&quot;0&quot;}\" data-image-title=\"DSC07406\" data-image-description=\"\" data-image-caption=\"\" data-large-file=\"https:\/\/www.hoymercedes.com.ar\/principal\/wp-content\/uploads\/2026\/03\/DSC07406-1024x577.jpg\" src=\"https:\/\/www.hoymercedes.com.ar\/principal\/wp-content\/uploads\/2026\/03\/DSC07406-1024x577.jpg\" alt=\"\" class=\"wp-image-193091\" srcset=\"https:\/\/www.hoymercedes.com.ar\/principal\/wp-content\/uploads\/2026\/03\/DSC07406-1024x577.jpg 1024w, https:\/\/www.hoymercedes.com.ar\/principal\/wp-content\/uploads\/2026\/03\/DSC07406-630x355.jpg 630w, https:\/\/www.hoymercedes.com.ar\/principal\/wp-content\/uploads\/2026\/03\/DSC07406-150x84.jpg 150w, https:\/\/www.hoymercedes.com.ar\/principal\/wp-content\/uploads\/2026\/03\/DSC07406-1536x865.jpg 1536w, https:\/\/www.hoymercedes.com.ar\/principal\/wp-content\/uploads\/2026\/03\/DSC07406.jpg 1561w\" sizes=\"auto, (max-width: 1024px) 100vw, 1024px\" \/><\/figure>\n\n\n\n<p><strong>Conmemoraci\u00f3n<\/strong><\/p>\n\n\n\n<p>El evento coincide con el D\u00eda Internacional del Vermut, contar\u00e1 con entrada libre y gratuita, m\u00fasica en vivo y una oferta gastron\u00f3mica dise\u00f1ada especialmente para maridar con esta bebida tradicional. La iniciativa surge de la uni\u00f3n de tres marcas locales: Dio Furbo, Macanudo Vermut y Porto San Giorgio, quienes impulsan este encuentro de manera autogestiva con el acompa\u00f1amiento de la Municipalidad de Mercedes.<\/p>\n\n\n\n<p><strong>Satisfacci\u00f3n<\/strong><\/p>\n\n\n\n<p>El intendente&nbsp;<strong>Juani Ustarroz<\/strong>&nbsp;puso especial \u00e9nfasis en el car\u00e1cter colaborativo de la propuesta. \u00abQue entre tres proyectos se pongan de acuerdo y trabajen para realizar algo en conjunto de manera colaborativa es un enorme ejemplo\u00bb, manifest\u00f3 el jefe comunal, quien adem\u00e1s subray\u00f3 que la planificaci\u00f3n de estos espacios p\u00fablicos tiene como objetivo central estar al servicio de los comerciantes y productores locales. \u00abVemos que hay mucha iniciativa, fortaleza y capacidad de trabajo; para nosotros es un orgullo brindar el espacio y acompa\u00f1arlos para que sea un acontecimiento m\u00e1s que nos permita unirnos y seguir fomentando y creando trabajo en nuestra comunidad\u00bb, concluy\u00f3 el mandatario.<\/p>\n\n\n\n<p><strong>Originalidad<\/strong><\/p>\n\n\n\n<p>Uno de los grandes anuncios de la jornada fue la&nbsp;<strong>creaci\u00f3n de un vermut colaborativo denominado \u00abMercedes 274\u00bb,<\/strong>&nbsp;elaborado por los tres emprendimientos como un homenaje a la historia de la ciudad.<\/p>\n\n\n\n<figure class=\"wp-block-image size-large\"><img loading=\"lazy\" decoding=\"async\" width=\"1024\" height=\"577\" data-attachment-id=\"193092\" data-permalink=\"https:\/\/www.hoymercedes.com.ar\/principal\/2026\/03\/13\/se-viene-la-noche-del-vermucito\/dsc07371\/#main\" data-orig-file=\"https:\/\/www.hoymercedes.com.ar\/principal\/wp-content\/uploads\/2026\/03\/DSC07371.jpg\" data-orig-size=\"1561,879\" data-comments-opened=\"0\" data-image-meta=\"{&quot;aperture&quot;:&quot;0&quot;,&quot;credit&quot;:&quot;&quot;,&quot;camera&quot;:&quot;&quot;,&quot;caption&quot;:&quot;&quot;,&quot;created_timestamp&quot;:&quot;0&quot;,&quot;copyright&quot;:&quot;&quot;,&quot;focal_length&quot;:&quot;0&quot;,&quot;iso&quot;:&quot;0&quot;,&quot;shutter_speed&quot;:&quot;0&quot;,&quot;title&quot;:&quot;&quot;,&quot;orientation&quot;:&quot;0&quot;}\" data-image-title=\"DSC07371\" data-image-description=\"\" data-image-caption=\"\" data-large-file=\"https:\/\/www.hoymercedes.com.ar\/principal\/wp-content\/uploads\/2026\/03\/DSC07371-1024x577.jpg\" src=\"https:\/\/www.hoymercedes.com.ar\/principal\/wp-content\/uploads\/2026\/03\/DSC07371-1024x577.jpg\" alt=\"\" class=\"wp-image-193092\" srcset=\"https:\/\/www.hoymercedes.com.ar\/principal\/wp-content\/uploads\/2026\/03\/DSC07371-1024x577.jpg 1024w, https:\/\/www.hoymercedes.com.ar\/principal\/wp-content\/uploads\/2026\/03\/DSC07371-630x355.jpg 630w, https:\/\/www.hoymercedes.com.ar\/principal\/wp-content\/uploads\/2026\/03\/DSC07371-150x84.jpg 150w, https:\/\/www.hoymercedes.com.ar\/principal\/wp-content\/uploads\/2026\/03\/DSC07371-1536x865.jpg 1536w, https:\/\/www.hoymercedes.com.ar\/principal\/wp-content\/uploads\/2026\/03\/DSC07371.jpg 1561w\" sizes=\"auto, (max-width: 1024px) 100vw, 1024px\" \/><\/figure>\n\n\n\n<p><strong>Protagonistas<\/strong><\/p>\n\n\n\n<p><strong>Juan Manuel de Lorenzo<\/strong>, del emprendimiento&nbsp;<strong>Macanudo<\/strong>, destac\u00f3 el car\u00e1cter identitario de la bebida al explicar que \u00abel evento surgi\u00f3 por iniciativa de nosotros tres y tomamos la misi\u00f3n de elaborar un vermut en conjunto; cada uno aport\u00f3 hierbas, el vino inicial, el gin y las ideas, eligiendo plantas espec\u00edficas que est\u00e1n en Mercedes y en la zona para esta primera edici\u00f3n\u00bb.<\/p>\n\n\n\n<p>Seg\u00fan detallaron los productores, la intenci\u00f3n es renovar esta receta a\u00f1o tras a\u00f1o, manteniendo el nombre en referencia a la edad de la ciudad.<\/p>\n\n\n\n<p>Por su parte,&nbsp;<strong>Nicol\u00e1s Cestari<\/strong>, de&nbsp;<strong>Dio Furbo<\/strong>, brind\u00f3 detalles sobre la composici\u00f3n t\u00e9cnica del producto y la log\u00edstica del evento. \u00abDesde San Giorgio pusieron el vino, la gente de Pescio puso los duraznos en su gin, y sumamos eucalipto mentolado, manzanilla y carqueja de campos locales; solo agregamos el ajenjo tra\u00eddo de Entre R\u00edos para completar la base\u00bb, precis\u00f3 el productor, aclarando que se lanzar\u00e1 una edici\u00f3n limitada de 274 botellas numeradas.<\/p>\n\n\n\n<p>Respecto a la din\u00e1mica de la noche, Cestari adelant\u00f3 que la propuesta musical incluir\u00e1 a Los Toreros, una banda de cumbia de Par\u00eds y un cierre con DJ, mientras que la gastronom\u00eda contar\u00e1 con el infaltable salame quintero, picadas, pizzas y s\u00e1ndwiches de bondiola.<\/p>\n\n\n\n<p><strong>Autogesti\u00f3n<\/strong><\/p>\n\n\n\n<p>Desde la gesti\u00f3n municipal, el director de Turismo, Francisco Dinova, resalt\u00f3 el valor de la autogesti\u00f3n en el contexto econ\u00f3mico actual y felicit\u00f3 a los emprendedores por generar trabajo para artistas, feriantes y gastron\u00f3micos de la ciudad. \u00abUstedes son pioneros en crear una nueva ruta del sabor en Mercedes vinculada a quesos, destilados y vermut\u00bb, se\u00f1al\u00f3 Dinova, quien tambi\u00e9n anunci\u00f3 un pr\u00f3ximo convenio con la Facultad de Agronom\u00eda de la UBA para brindar asistencia t\u00e9cnica al sector.<\/p>\n\n\n\n<p><strong>Participaci\u00f3n<\/strong><\/p>\n\n\n\n<p>Finalmente, se inform\u00f3 que quienes deseen participar de las degustaciones ya pueden adquirir las cuponeras anticipadas a un valor de 15 mil pesos en los puntos de venta habilitados como P\u00e1ramo, 1812 y Fresca, o a trav\u00e9s de las redes sociales de los productores. La cuponera incluye tres consumiciones, permitiendo a los asistentes probar una variedad de cada una de las marcas protagonistas en lo que promete ser una jornada hist\u00f3rica para la producci\u00f3n mercedina.<\/p>\n\n\n\n<p><strong>Presencia<\/strong><\/p>\n\n\n\n<p>Estuvo tambi\u00e9n presente el productor&nbsp;<strong>Ariel Achilli<\/strong>, de Porto San Giorgio,&nbsp;<strong>Mart\u00edn Boragno<\/strong>, director de turismo, ratificando la invitaci\u00f3n para que las y los mercedinos digamos presente en esta nuevo encuentro social y cultural.<\/p>\n","protected":false},"excerpt":{"rendered":"<p>En el&nbsp;Anfiteatro Municipal&nbsp;se viene una nueva propuesta para el encuentro y el impulso a los emprendimientos locales: Noche del Vermut. &#8230; <a title=\"Se viene la noche del vermucito\" class=\"read-more\" href=\"https:\/\/www.hoymercedes.com.ar\/principal\/2026\/03\/13\/se-viene-la-noche-del-vermucito\/\" aria-label=\"Leer m\u00e1s sobre Se viene la noche del vermucito\">Leer m\u00e1s<\/a><\/p>\n","protected":false},"author":1,"featured_media":193091,"comment_status":"closed","ping_status":"open","sticky":false,"template":"","format":"standard","meta":{"_monsterinsights_skip_tracking":false,"_monsterinsights_sitenote_active":false,"_monsterinsights_sitenote_note":"","_monsterinsights_sitenote_category":0,"jetpack_post_was_ever_published":false,"_jetpack_newsletter_access":"","_jetpack_dont_email_post_to_subs":false,"_jetpack_newsletter_tier_id":0,"_jetpack_memberships_contains_paywalled_content":false,"_jetpack_memberships_contains_paid_content":false,"footnotes":"","jetpack_publicize_message":"","jetpack_publicize_feature_enabled":true,"jetpack_social_post_already_shared":true,"jetpack_social_options":{"image_generator_settings":{"template":"highway","default_image_id":0,"font":"","enabled":false},"version":2},"_wpas_customize_per_network":false},"categories":[8],"tags":[],"class_list":["post-193090","post","type-post","status-publish","format-standard","has-post-thumbnail","hentry","category-sociedad","generate-columns","tablet-grid-50","mobile-grid-100","grid-parent","grid-50"],"jetpack_publicize_connections":[],"jetpack_featured_media_url":"https:\/\/www.hoymercedes.com.ar\/principal\/wp-content\/uploads\/2026\/03\/DSC07406.jpg","wps_subtitle":"","jetpack_sharing_enabled":true,"_links":{"self":[{"href":"https:\/\/www.hoymercedes.com.ar\/principal\/wp-json\/wp\/v2\/posts\/193090","targetHints":{"allow":["GET"]}}],"collection":[{"href":"https:\/\/www.hoymercedes.com.ar\/principal\/wp-json\/wp\/v2\/posts"}],"about":[{"href":"https:\/\/www.hoymercedes.com.ar\/principal\/wp-json\/wp\/v2\/types\/post"}],"author":[{"embeddable":true,"href":"https:\/\/www.hoymercedes.com.ar\/principal\/wp-json\/wp\/v2\/users\/1"}],"replies":[{"embeddable":true,"href":"https:\/\/www.hoymercedes.com.ar\/principal\/wp-json\/wp\/v2\/comments?post=193090"}],"version-history":[{"count":1,"href":"https:\/\/www.hoymercedes.com.ar\/principal\/wp-json\/wp\/v2\/posts\/193090\/revisions"}],"predecessor-version":[{"id":193093,"href":"https:\/\/www.hoymercedes.com.ar\/principal\/wp-json\/wp\/v2\/posts\/193090\/revisions\/193093"}],"wp:featuredmedia":[{"embeddable":true,"href":"https:\/\/www.hoymercedes.com.ar\/principal\/wp-json\/wp\/v2\/media\/193091"}],"wp:attachment":[{"href":"https:\/\/www.hoymercedes.com.ar\/principal\/wp-json\/wp\/v2\/media?parent=193090"}],"wp:term":[{"taxonomy":"category","embeddable":true,"href":"https:\/\/www.hoymercedes.com.ar\/principal\/wp-json\/wp\/v2\/categories?post=193090"},{"taxonomy":"post_tag","embeddable":true,"href":"https:\/\/www.hoymercedes.com.ar\/principal\/wp-json\/wp\/v2\/tags?post=193090"}],"curies":[{"name":"wp","href":"https:\/\/api.w.org\/{rel}","templated":true}]}}