{"id":193103,"date":"2026-03-13T13:57:02","date_gmt":"2026-03-13T16:57:02","guid":{"rendered":"https:\/\/www.hoymercedes.com.ar\/principal\/?p=193103"},"modified":"2026-03-13T13:57:06","modified_gmt":"2026-03-13T16:57:06","slug":"detenidos-tras-multiples-allanamientos-en-chivilcoy-y-chacabuco","status":"publish","type":"post","link":"https:\/\/www.hoymercedes.com.ar\/principal\/2026\/03\/13\/detenidos-tras-multiples-allanamientos-en-chivilcoy-y-chacabuco\/","title":{"rendered":"Detenidos tras m\u00faltiples allanamientos en Chivilcoy y Chacabuco"},"content":{"rendered":"\n<p>En la causa interviene activamente la Justicia del Departamento Judicial de Mercedes, bajo cuyas directivas se llevaron adelante las detenciones y el secuestro de material il\u00edcito.En una serie de operativos simult\u00e1neos realizados este jueves en ambas ciudades, las fuerzas de seguridad lograron desarticular puntos de venta de estupefacientes.<\/p>\n\n\n\n<figure class=\"wp-block-image size-full\"><img loading=\"lazy\" decoding=\"async\" width=\"980\" height=\"700\" data-attachment-id=\"193104\" data-permalink=\"https:\/\/www.hoymercedes.com.ar\/principal\/2026\/03\/13\/detenidos-tras-multiples-allanamientos-en-chivilcoy-y-chacabuco\/whatsapp-image-2026-03-13-at-13-13-50\/#main\" data-orig-file=\"https:\/\/www.hoymercedes.com.ar\/principal\/wp-content\/uploads\/2026\/03\/WhatsApp-Image-2026-03-13-at-13.13.50.jpeg\" data-orig-size=\"980,700\" data-comments-opened=\"0\" data-image-meta=\"{&quot;aperture&quot;:&quot;0&quot;,&quot;credit&quot;:&quot;&quot;,&quot;camera&quot;:&quot;&quot;,&quot;caption&quot;:&quot;&quot;,&quot;created_timestamp&quot;:&quot;0&quot;,&quot;copyright&quot;:&quot;&quot;,&quot;focal_length&quot;:&quot;0&quot;,&quot;iso&quot;:&quot;0&quot;,&quot;shutter_speed&quot;:&quot;0&quot;,&quot;title&quot;:&quot;&quot;,&quot;orientation&quot;:&quot;0&quot;}\" data-image-title=\"WhatsApp Image 2026-03-13 at 13.13.50\" data-image-description=\"\" data-image-caption=\"\" data-large-file=\"https:\/\/www.hoymercedes.com.ar\/principal\/wp-content\/uploads\/2026\/03\/WhatsApp-Image-2026-03-13-at-13.13.50.jpeg\" src=\"https:\/\/www.hoymercedes.com.ar\/principal\/wp-content\/uploads\/2026\/03\/WhatsApp-Image-2026-03-13-at-13.13.50.jpeg\" alt=\"\" class=\"wp-image-193104\" srcset=\"https:\/\/www.hoymercedes.com.ar\/principal\/wp-content\/uploads\/2026\/03\/WhatsApp-Image-2026-03-13-at-13.13.50.jpeg 980w, https:\/\/www.hoymercedes.com.ar\/principal\/wp-content\/uploads\/2026\/03\/WhatsApp-Image-2026-03-13-at-13.13.50-630x450.jpeg 630w, https:\/\/www.hoymercedes.com.ar\/principal\/wp-content\/uploads\/2026\/03\/WhatsApp-Image-2026-03-13-at-13.13.50-150x107.jpeg 150w\" sizes=\"auto, (max-width: 980px) 100vw, 980px\" \/><\/figure>\n\n\n\n<p>En el marco de una investigaci\u00f3n iniciada meses atr\u00e1s, personal de la Delegaci\u00f3n de Investigaciones del Tr\u00e1fico de Drogas Il\u00edcitas llev\u00f3 a cabo este jueves una serie de allanamientos en las localidades de Chivilcoy y Chacabuco. El resultado de los procedimientos fue la detenci\u00f3n de dos personas mayores de edad, quienes quedaron a disposici\u00f3n de la Justicia de Mercedes, acusadas de infracci\u00f3n a la Ley 23.737 de estupefacientes.<\/p>\n\n\n\n<p>Los operativos se concentraron en domicilios particulares que, seg\u00fan las tareas de inteligencia previa y la recolecci\u00f3n de pruebas, funcionaban como centros de almacenamiento y comercializaci\u00f3n de drogas bajo la modalidad de \u00abmenudeo\u00bb.<\/p>\n\n\n\n<p>Durante las requisas, los efectivos policiales lograron incautar una cantidad significativa de clorhidrato de coca\u00edna fraccionada para su venta, marihuana, balanzas de precisi\u00f3n, dinero en efectivo en moneda nacional y tel\u00e9fonos celulares, elementos que resultan claves para el avance de la instrucci\u00f3n judicial.<\/p>\n\n\n\n<p>Desde la fiscal\u00eda interviniente del Departamento Judicial de Mercedes se dispuso el traslado de los detenidos para su declaraci\u00f3n indagatoria en las pr\u00f3ximas horas. Asimismo, las autoridades destacaron la importancia del trabajo coordinado entre las distintas fuerzas para combatir el tr\u00e1fico de sustancias en la regi\u00f3n, remarcando que la causa contin\u00faa abierta y no se descartan nuevas diligencias.<\/p>\n","protected":false},"excerpt":{"rendered":"<p>En la causa interviene activamente la Justicia del Departamento Judicial de Mercedes, bajo cuyas directivas se llevaron adelante las detenciones &#8230; <a title=\"Detenidos tras m\u00faltiples allanamientos en Chivilcoy y Chacabuco\" class=\"read-more\" href=\"https:\/\/www.hoymercedes.com.ar\/principal\/2026\/03\/13\/detenidos-tras-multiples-allanamientos-en-chivilcoy-y-chacabuco\/\" aria-label=\"Leer m\u00e1s sobre Detenidos tras m\u00faltiples allanamientos en Chivilcoy y Chacabuco\">Leer m\u00e1s<\/a><\/p>\n","protected":false},"author":1,"featured_media":193104,"comment_status":"closed","ping_status":"open","sticky":false,"template":"","format":"standard","meta":{"_monsterinsights_skip_tracking":false,"_monsterinsights_sitenote_active":false,"_monsterinsights_sitenote_note":"","_monsterinsights_sitenote_category":0,"jetpack_post_was_ever_published":false,"_jetpack_newsletter_access":"","_jetpack_dont_email_post_to_subs":false,"_jetpack_newsletter_tier_id":0,"_jetpack_memberships_contains_paywalled_content":false,"_jetpack_memberships_contains_paid_content":false,"footnotes":"","jetpack_publicize_message":"","jetpack_publicize_feature_enabled":true,"jetpack_social_post_already_shared":true,"jetpack_social_options":{"image_generator_settings":{"template":"highway","default_image_id":0,"font":"","enabled":false},"version":2},"_wpas_customize_per_network":false},"categories":[85],"tags":[],"class_list":["post-193103","post","type-post","status-publish","format-standard","has-post-thumbnail","hentry","category-policial","generate-columns","tablet-grid-50","mobile-grid-100","grid-parent","grid-50"],"jetpack_publicize_connections":[],"jetpack_featured_media_url":"https:\/\/www.hoymercedes.com.ar\/principal\/wp-content\/uploads\/2026\/03\/WhatsApp-Image-2026-03-13-at-13.13.50.jpeg","wps_subtitle":"","jetpack_sharing_enabled":true,"_links":{"self":[{"href":"https:\/\/www.hoymercedes.com.ar\/principal\/wp-json\/wp\/v2\/posts\/193103","targetHints":{"allow":["GET"]}}],"collection":[{"href":"https:\/\/www.hoymercedes.com.ar\/principal\/wp-json\/wp\/v2\/posts"}],"about":[{"href":"https:\/\/www.hoymercedes.com.ar\/principal\/wp-json\/wp\/v2\/types\/post"}],"author":[{"embeddable":true,"href":"https:\/\/www.hoymercedes.com.ar\/principal\/wp-json\/wp\/v2\/users\/1"}],"replies":[{"embeddable":true,"href":"https:\/\/www.hoymercedes.com.ar\/principal\/wp-json\/wp\/v2\/comments?post=193103"}],"version-history":[{"count":1,"href":"https:\/\/www.hoymercedes.com.ar\/principal\/wp-json\/wp\/v2\/posts\/193103\/revisions"}],"predecessor-version":[{"id":193105,"href":"https:\/\/www.hoymercedes.com.ar\/principal\/wp-json\/wp\/v2\/posts\/193103\/revisions\/193105"}],"wp:featuredmedia":[{"embeddable":true,"href":"https:\/\/www.hoymercedes.com.ar\/principal\/wp-json\/wp\/v2\/media\/193104"}],"wp:attachment":[{"href":"https:\/\/www.hoymercedes.com.ar\/principal\/wp-json\/wp\/v2\/media?parent=193103"}],"wp:term":[{"taxonomy":"category","embeddable":true,"href":"https:\/\/www.hoymercedes.com.ar\/principal\/wp-json\/wp\/v2\/categories?post=193103"},{"taxonomy":"post_tag","embeddable":true,"href":"https:\/\/www.hoymercedes.com.ar\/principal\/wp-json\/wp\/v2\/tags?post=193103"}],"curies":[{"name":"wp","href":"https:\/\/api.w.org\/{rel}","templated":true}]}}