{"id":193110,"date":"2026-03-14T13:59:34","date_gmt":"2026-03-14T16:59:34","guid":{"rendered":"https:\/\/www.hoymercedes.com.ar\/principal\/?p=193110"},"modified":"2026-03-13T14:01:39","modified_gmt":"2026-03-13T17:01:39","slug":"gilense-despista-y-vuelca-en-el-enlace-de-acceso-oeste-a-ruta-5","status":"publish","type":"post","link":"https:\/\/www.hoymercedes.com.ar\/principal\/2026\/03\/14\/gilense-despista-y-vuelca-en-el-enlace-de-acceso-oeste-a-ruta-5\/","title":{"rendered":"Gilense despista y vuelca en el enlace de Acceso Oeste a Ruta 5"},"content":{"rendered":"\n<p>Con informaci\u00f3n de El Civismo. Un <strong>autom\u00f3vil protagoniz\u00f3 un despiste y posterior vuelco en el empalme de la Autov\u00eda 5<\/strong>, a la altura del <strong>kil\u00f3metro 64 en sentido hacia la Ciudad de Buenos Aires<\/strong>, lo que motiv\u00f3 un operativo de emergencia en la zona.<\/p>\n\n\n\n<figure class=\"wp-block-image size-large\"><img loading=\"lazy\" decoding=\"async\" width=\"1024\" height=\"883\" data-attachment-id=\"193111\" data-permalink=\"https:\/\/www.hoymercedes.com.ar\/principal\/2026\/03\/14\/gilense-despista-y-vuelca-en-el-enlace-de-acceso-oeste-a-ruta-5\/image-320\/#main\" data-orig-file=\"https:\/\/www.hoymercedes.com.ar\/principal\/wp-content\/uploads\/2026\/03\/image-49.png\" data-orig-size=\"1200,1035\" data-comments-opened=\"0\" data-image-meta=\"{&quot;aperture&quot;:&quot;0&quot;,&quot;credit&quot;:&quot;&quot;,&quot;camera&quot;:&quot;&quot;,&quot;caption&quot;:&quot;&quot;,&quot;created_timestamp&quot;:&quot;0&quot;,&quot;copyright&quot;:&quot;&quot;,&quot;focal_length&quot;:&quot;0&quot;,&quot;iso&quot;:&quot;0&quot;,&quot;shutter_speed&quot;:&quot;0&quot;,&quot;title&quot;:&quot;&quot;,&quot;orientation&quot;:&quot;0&quot;}\" data-image-title=\"image\" data-image-description=\"\" data-image-caption=\"\" data-large-file=\"https:\/\/www.hoymercedes.com.ar\/principal\/wp-content\/uploads\/2026\/03\/image-49-1024x883.png\" src=\"https:\/\/www.hoymercedes.com.ar\/principal\/wp-content\/uploads\/2026\/03\/image-49-1024x883.png\" alt=\"\" class=\"wp-image-193111\" srcset=\"https:\/\/www.hoymercedes.com.ar\/principal\/wp-content\/uploads\/2026\/03\/image-49-1024x883.png 1024w, https:\/\/www.hoymercedes.com.ar\/principal\/wp-content\/uploads\/2026\/03\/image-49-630x543.png 630w, https:\/\/www.hoymercedes.com.ar\/principal\/wp-content\/uploads\/2026\/03\/image-49-150x129.png 150w, https:\/\/www.hoymercedes.com.ar\/principal\/wp-content\/uploads\/2026\/03\/image-49.png 1200w\" sizes=\"auto, (max-width: 1024px) 100vw, 1024px\" \/><\/figure>\n\n\n\n<p>El siniestro ocurri\u00f3 en horas de la ma\u00f1ana y fue advertido tras <strong>la salida de los Bomberos Voluntarios del Cuartel Central<\/strong>, que acudieron al lugar luego de recibir el alerta. Al llegar, los rescatistas encontraron <strong>un Volkswagen Bora gris completamente volcado, con las ruedas hacia arriba<\/strong>.<\/p>\n\n\n\n<p>Seg\u00fan se inform\u00f3, <strong>hab\u00eda personas atrapadas dentro del veh\u00edculo<\/strong>, por lo que los bomberos debieron trabajar en tareas de rescate junto a personal de asistencia y de la concesionaria vial que opera el corredor.<\/p>\n\n\n\n<p>A ra\u00edz del accidente, <strong>Autopista del Oeste emiti\u00f3 una alerta de tr\u00e1nsito<\/strong> y se dispuso la <strong>reducci\u00f3n del carril izquierdo<\/strong> para permitir el operativo y asistir a los heridos, mientras se solicit\u00f3 a los conductores circular con precauci\u00f3n.<\/p>\n\n\n\n<p>Por el momento <strong>no se inform\u00f3 oficialmente el origen del vuelco ni si participaron otros veh\u00edculos<\/strong>, mientras contin\u00faan las actuaciones correspondientes para determinar c\u00f3mo se produjo el hecho.<\/p>\n","protected":false},"excerpt":{"rendered":"<p>Con informaci\u00f3n de El Civismo. Un autom\u00f3vil protagoniz\u00f3 un despiste y posterior vuelco en el empalme de la Autov\u00eda 5, &#8230; <a title=\"Gilense despista y vuelca en el enlace de Acceso Oeste a Ruta 5\" class=\"read-more\" href=\"https:\/\/www.hoymercedes.com.ar\/principal\/2026\/03\/14\/gilense-despista-y-vuelca-en-el-enlace-de-acceso-oeste-a-ruta-5\/\" aria-label=\"Leer m\u00e1s sobre Gilense despista y vuelca en el enlace de Acceso Oeste a Ruta 5\">Leer m\u00e1s<\/a><\/p>\n","protected":false},"author":1,"featured_media":193111,"comment_status":"closed","ping_status":"open","sticky":false,"template":"","format":"standard","meta":{"_monsterinsights_skip_tracking":false,"_monsterinsights_sitenote_active":false,"_monsterinsights_sitenote_note":"","_monsterinsights_sitenote_category":0,"jetpack_post_was_ever_published":false,"_jetpack_newsletter_access":"","_jetpack_dont_email_post_to_subs":false,"_jetpack_newsletter_tier_id":0,"_jetpack_memberships_contains_paywalled_content":false,"_jetpack_memberships_contains_paid_content":false,"footnotes":"","jetpack_publicize_message":"","jetpack_publicize_feature_enabled":true,"jetpack_social_post_already_shared":true,"jetpack_social_options":{"image_generator_settings":{"template":"highway","default_image_id":0,"font":"","enabled":false},"version":2},"_wpas_customize_per_network":false},"categories":[85],"tags":[],"class_list":["post-193110","post","type-post","status-publish","format-standard","has-post-thumbnail","hentry","category-policial","generate-columns","tablet-grid-50","mobile-grid-100","grid-parent","grid-50"],"jetpack_publicize_connections":[],"jetpack_featured_media_url":"https:\/\/www.hoymercedes.com.ar\/principal\/wp-content\/uploads\/2026\/03\/image-49.png","wps_subtitle":"","jetpack_sharing_enabled":true,"_links":{"self":[{"href":"https:\/\/www.hoymercedes.com.ar\/principal\/wp-json\/wp\/v2\/posts\/193110","targetHints":{"allow":["GET"]}}],"collection":[{"href":"https:\/\/www.hoymercedes.com.ar\/principal\/wp-json\/wp\/v2\/posts"}],"about":[{"href":"https:\/\/www.hoymercedes.com.ar\/principal\/wp-json\/wp\/v2\/types\/post"}],"author":[{"embeddable":true,"href":"https:\/\/www.hoymercedes.com.ar\/principal\/wp-json\/wp\/v2\/users\/1"}],"replies":[{"embeddable":true,"href":"https:\/\/www.hoymercedes.com.ar\/principal\/wp-json\/wp\/v2\/comments?post=193110"}],"version-history":[{"count":1,"href":"https:\/\/www.hoymercedes.com.ar\/principal\/wp-json\/wp\/v2\/posts\/193110\/revisions"}],"predecessor-version":[{"id":193112,"href":"https:\/\/www.hoymercedes.com.ar\/principal\/wp-json\/wp\/v2\/posts\/193110\/revisions\/193112"}],"wp:featuredmedia":[{"embeddable":true,"href":"https:\/\/www.hoymercedes.com.ar\/principal\/wp-json\/wp\/v2\/media\/193111"}],"wp:attachment":[{"href":"https:\/\/www.hoymercedes.com.ar\/principal\/wp-json\/wp\/v2\/media?parent=193110"}],"wp:term":[{"taxonomy":"category","embeddable":true,"href":"https:\/\/www.hoymercedes.com.ar\/principal\/wp-json\/wp\/v2\/categories?post=193110"},{"taxonomy":"post_tag","embeddable":true,"href":"https:\/\/www.hoymercedes.com.ar\/principal\/wp-json\/wp\/v2\/tags?post=193110"}],"curies":[{"name":"wp","href":"https:\/\/api.w.org\/{rel}","templated":true}]}}