{"id":193113,"date":"2026-03-15T10:01:00","date_gmt":"2026-03-15T13:01:00","guid":{"rendered":"https:\/\/www.hoymercedes.com.ar\/principal\/?p=193113"},"modified":"2026-03-15T20:14:19","modified_gmt":"2026-03-15T23:14:19","slug":"habra-misa-a-un-ano-de-la-muerte-del-papa-francisco","status":"publish","type":"post","link":"https:\/\/www.hoymercedes.com.ar\/principal\/2026\/03\/15\/habra-misa-a-un-ano-de-la-muerte-del-papa-francisco\/","title":{"rendered":"Habr\u00e1 misa a un a\u00f1o de la muerte del Papa Francisco"},"content":{"rendered":"\n<p>La <strong>Bas\u00edlica Nuestra Se\u00f1ora de Luj\u00e1n<\/strong> ser\u00e1 escenario de una misa especial al cumplirse <strong>un a\u00f1o del fallecimiento del papa Francisco<\/strong>, ocurrida el <strong>21 de abril de 2025<\/strong>. La ceremonia se celebrar\u00e1 <strong>el martes 21 de abril a las 17<\/strong> y convocar\u00e1 a fieles de distintos puntos del pa\u00eds.<\/p>\n\n\n\n<figure class=\"wp-block-image size-full\"><img loading=\"lazy\" decoding=\"async\" width=\"900\" height=\"600\" data-attachment-id=\"193114\" data-permalink=\"https:\/\/www.hoymercedes.com.ar\/principal\/2026\/03\/15\/habra-misa-a-un-ano-de-la-muerte-del-papa-francisco\/image-321\/#main\" data-orig-file=\"https:\/\/www.hoymercedes.com.ar\/principal\/wp-content\/uploads\/2026\/03\/image-50.png\" data-orig-size=\"900,600\" data-comments-opened=\"0\" data-image-meta=\"{&quot;aperture&quot;:&quot;0&quot;,&quot;credit&quot;:&quot;&quot;,&quot;camera&quot;:&quot;&quot;,&quot;caption&quot;:&quot;&quot;,&quot;created_timestamp&quot;:&quot;0&quot;,&quot;copyright&quot;:&quot;&quot;,&quot;focal_length&quot;:&quot;0&quot;,&quot;iso&quot;:&quot;0&quot;,&quot;shutter_speed&quot;:&quot;0&quot;,&quot;title&quot;:&quot;&quot;,&quot;orientation&quot;:&quot;0&quot;}\" data-image-title=\"image\" data-image-description=\"\" data-image-caption=\"\" data-large-file=\"https:\/\/www.hoymercedes.com.ar\/principal\/wp-content\/uploads\/2026\/03\/image-50.png\" src=\"https:\/\/www.hoymercedes.com.ar\/principal\/wp-content\/uploads\/2026\/03\/image-50.png\" alt=\"\" class=\"wp-image-193114\" srcset=\"https:\/\/www.hoymercedes.com.ar\/principal\/wp-content\/uploads\/2026\/03\/image-50.png 900w, https:\/\/www.hoymercedes.com.ar\/principal\/wp-content\/uploads\/2026\/03\/image-50-630x420.png 630w, https:\/\/www.hoymercedes.com.ar\/principal\/wp-content\/uploads\/2026\/03\/image-50-150x100.png 150w\" sizes=\"auto, (max-width: 900px) 100vw, 900px\" \/><\/figure>\n\n\n\n<p>La Eucarist\u00eda contar\u00e1 con <strong>la presencia de obispos argentinos<\/strong> y ser\u00e1 <strong>presidida por monse\u00f1or Marcelo Colombo<\/strong>, titular de la <strong>Conferencia Episcopal Argentina<\/strong>, seg\u00fan se inform\u00f3 tras la reuni\u00f3n de la Comisi\u00f3n Permanente del organismo.<\/p>\n\n\n\n<p>El pont\u00edfice argentino, <strong>Jorge Mario Bergoglio<\/strong>, falleci\u00f3 a los <strong>88 a\u00f1os en la Casa Santa Marta del Vaticano<\/strong>, tras sufrir un <strong>derrame cerebral que deriv\u00f3 en una insuficiencia card\u00edaca irreversible<\/strong>. Su muerte marc\u00f3 el final de un pontificado iniciado en <strong>2013<\/strong>, cuando se convirti\u00f3 en <strong>el primer papa jesuita y el primero proveniente de Am\u00e9rica<\/strong>.<\/p>\n\n\n\n<p>Tras su funeral, Francisco fue <strong>sepultado en la bas\u00edlica de Santa Mar\u00eda la Mayor en Roma<\/strong>, en una tumba sencilla con la inscripci\u00f3n <strong>\u201cFranciscus\u201d<\/strong>. Posteriormente, el c\u00f3nclave eligi\u00f3 como sucesor al actual pont\u00edfice <strong>Le\u00f3n XIV<\/strong>, cuyo nombre secular es <strong>Robert Francis Prevost<\/strong>.<\/p>\n\n\n\n<p>La celebraci\u00f3n en Luj\u00e1n busca <strong>recordar la figura y el legado del primer papa argentino<\/strong>, cuya vida pastoral estuvo marcada por un fuerte compromiso con <strong>los sectores m\u00e1s vulnerables y las periferias del mundo<\/strong>.<\/p>\n","protected":false},"excerpt":{"rendered":"<p>La Bas\u00edlica Nuestra Se\u00f1ora de Luj\u00e1n ser\u00e1 escenario de una misa especial al cumplirse un a\u00f1o del fallecimiento del papa &#8230; <a title=\"Habr\u00e1 misa a un a\u00f1o de la muerte del Papa Francisco\" class=\"read-more\" href=\"https:\/\/www.hoymercedes.com.ar\/principal\/2026\/03\/15\/habra-misa-a-un-ano-de-la-muerte-del-papa-francisco\/\" aria-label=\"Leer m\u00e1s sobre Habr\u00e1 misa a un a\u00f1o de la muerte del Papa Francisco\">Leer m\u00e1s<\/a><\/p>\n","protected":false},"author":1,"featured_media":184107,"comment_status":"closed","ping_status":"open","sticky":false,"template":"","format":"standard","meta":{"_monsterinsights_skip_tracking":false,"_monsterinsights_sitenote_active":false,"_monsterinsights_sitenote_note":"","_monsterinsights_sitenote_category":0,"jetpack_post_was_ever_published":false,"_jetpack_newsletter_access":"","_jetpack_dont_email_post_to_subs":false,"_jetpack_newsletter_tier_id":0,"_jetpack_memberships_contains_paywalled_content":false,"_jetpack_memberships_contains_paid_content":false,"footnotes":"","jetpack_publicize_message":"","jetpack_publicize_feature_enabled":true,"jetpack_social_post_already_shared":true,"jetpack_social_options":{"image_generator_settings":{"template":"highway","default_image_id":0,"font":"","enabled":false},"version":2},"_wpas_customize_per_network":false},"categories":[8],"tags":[],"class_list":["post-193113","post","type-post","status-publish","format-standard","has-post-thumbnail","hentry","category-sociedad","generate-columns","tablet-grid-50","mobile-grid-100","grid-parent","grid-50"],"jetpack_publicize_connections":[],"jetpack_featured_media_url":"https:\/\/www.hoymercedes.com.ar\/principal\/wp-content\/uploads\/2025\/04\/ParaFrancisco.jpg","wps_subtitle":"","jetpack_sharing_enabled":true,"_links":{"self":[{"href":"https:\/\/www.hoymercedes.com.ar\/principal\/wp-json\/wp\/v2\/posts\/193113","targetHints":{"allow":["GET"]}}],"collection":[{"href":"https:\/\/www.hoymercedes.com.ar\/principal\/wp-json\/wp\/v2\/posts"}],"about":[{"href":"https:\/\/www.hoymercedes.com.ar\/principal\/wp-json\/wp\/v2\/types\/post"}],"author":[{"embeddable":true,"href":"https:\/\/www.hoymercedes.com.ar\/principal\/wp-json\/wp\/v2\/users\/1"}],"replies":[{"embeddable":true,"href":"https:\/\/www.hoymercedes.com.ar\/principal\/wp-json\/wp\/v2\/comments?post=193113"}],"version-history":[{"count":1,"href":"https:\/\/www.hoymercedes.com.ar\/principal\/wp-json\/wp\/v2\/posts\/193113\/revisions"}],"predecessor-version":[{"id":193115,"href":"https:\/\/www.hoymercedes.com.ar\/principal\/wp-json\/wp\/v2\/posts\/193113\/revisions\/193115"}],"wp:featuredmedia":[{"embeddable":true,"href":"https:\/\/www.hoymercedes.com.ar\/principal\/wp-json\/wp\/v2\/media\/184107"}],"wp:attachment":[{"href":"https:\/\/www.hoymercedes.com.ar\/principal\/wp-json\/wp\/v2\/media?parent=193113"}],"wp:term":[{"taxonomy":"category","embeddable":true,"href":"https:\/\/www.hoymercedes.com.ar\/principal\/wp-json\/wp\/v2\/categories?post=193113"},{"taxonomy":"post_tag","embeddable":true,"href":"https:\/\/www.hoymercedes.com.ar\/principal\/wp-json\/wp\/v2\/tags?post=193113"}],"curies":[{"name":"wp","href":"https:\/\/api.w.org\/{rel}","templated":true}]}}