{"id":193116,"date":"2026-03-13T14:08:57","date_gmt":"2026-03-13T17:08:57","guid":{"rendered":"https:\/\/www.hoymercedes.com.ar\/principal\/?p=193116"},"modified":"2026-03-13T14:09:00","modified_gmt":"2026-03-13T17:09:00","slug":"los-abuelos-de-la-nada-y-miguel-conejito-alejandro-este-fin-de-semana-en-lujan","status":"publish","type":"post","link":"https:\/\/www.hoymercedes.com.ar\/principal\/2026\/03\/13\/los-abuelos-de-la-nada-y-miguel-conejito-alejandro-este-fin-de-semana-en-lujan\/","title":{"rendered":"Los Abuelos de la Nada y Miguel \u00abConejito\u00bb Alejandro, este fin de semana en Luj\u00e1n"},"content":{"rendered":"\n<p>Vuelve M\u00fasica en la Plaza, con m\u00e1s de 400 artistas en escena. Se presentar\u00e1n Miguel \u201cConejito Alejando, Los Abuelos de la Nada, Manseros Santiague\u00f1os y Los de Salta; entre otros.<\/p>\n\n\n\n<figure class=\"wp-block-image size-full\"><img loading=\"lazy\" decoding=\"async\" width=\"987\" height=\"555\" data-attachment-id=\"193118\" data-permalink=\"https:\/\/www.hoymercedes.com.ar\/principal\/2026\/03\/13\/los-abuelos-de-la-nada-y-miguel-conejito-alejandro-este-fin-de-semana-en-lujan\/image-323\/#main\" data-orig-file=\"https:\/\/www.hoymercedes.com.ar\/principal\/wp-content\/uploads\/2026\/03\/image-52.png\" data-orig-size=\"987,555\" data-comments-opened=\"0\" data-image-meta=\"{&quot;aperture&quot;:&quot;0&quot;,&quot;credit&quot;:&quot;&quot;,&quot;camera&quot;:&quot;&quot;,&quot;caption&quot;:&quot;&quot;,&quot;created_timestamp&quot;:&quot;0&quot;,&quot;copyright&quot;:&quot;&quot;,&quot;focal_length&quot;:&quot;0&quot;,&quot;iso&quot;:&quot;0&quot;,&quot;shutter_speed&quot;:&quot;0&quot;,&quot;title&quot;:&quot;&quot;,&quot;orientation&quot;:&quot;0&quot;}\" data-image-title=\"image\" data-image-description=\"\" data-image-caption=\"\" data-large-file=\"https:\/\/www.hoymercedes.com.ar\/principal\/wp-content\/uploads\/2026\/03\/image-52.png\" src=\"https:\/\/www.hoymercedes.com.ar\/principal\/wp-content\/uploads\/2026\/03\/image-52.png\" alt=\"\" class=\"wp-image-193118\" srcset=\"https:\/\/www.hoymercedes.com.ar\/principal\/wp-content\/uploads\/2026\/03\/image-52.png 987w, https:\/\/www.hoymercedes.com.ar\/principal\/wp-content\/uploads\/2026\/03\/image-52-630x354.png 630w, https:\/\/www.hoymercedes.com.ar\/principal\/wp-content\/uploads\/2026\/03\/image-52-150x84.png 150w\" sizes=\"auto, (max-width: 987px) 100vw, 987px\" \/><\/figure>\n\n\n\n<p><strong>El ciclo de m\u00fasica que re\u00fane a miles de personas y m\u00e1s grande de la regi\u00f3n, tendr\u00e1 su edici\u00f3n 43\u00b0\u00a0en la emblem\u00e1tica Plaza Belgrano junto a la Bas\u00edlica Nacional Nuestra Se\u00f1ora de Luj\u00e1n, y se desarrollar\u00e1 del viernes 13 al domingo 15 de marzo con entrada libre y gratuita.<\/strong><\/p>\n\n\n\n<p>El tradicional evento cultural contar\u00e1 con la participaci\u00f3n de m\u00e1s de 400 artistas locales, junto a reconocidas figuras de la m\u00fasica nacional como Los Abuelos de la Nada, Los Manseros Santiague\u00f1os y Miguel \u201cConejito\u201d Alejandro, quien tendr\u00e1 a su cargo el gran cierre del festival.<\/p>\n\n\n\n<p>Con m\u00e1s de cuatro d\u00e9cadas de historia, M\u00fasica en la Plaza se consolid\u00f3 como uno de los festivales culturales m\u00e1s importantes de la regi\u00f3n, convocando cada a\u00f1o a miles de vecinos y visitantes en torno a la m\u00fasica y la danza.<\/p>\n\n\n\n<p>La programaci\u00f3n comenzar\u00e1 el viernes 13 desde las 18 horas con una noche dedicada al rock, que contar\u00e1 con la participaci\u00f3n de artistas locales y el cierre de Los Abuelos de la Nada, banda hist\u00f3rica del rock nacional que repasar\u00e1 sus cl\u00e1sicos.<\/p>\n\n\n\n<p>El s\u00e1bado 14 la jornada incluir\u00e1 espect\u00e1culos de m\u00fasica urbana y folklore, con la presentaci\u00f3n de artistas locales y m\u00e1s de 20 ballets folkl\u00f3ricos, y tendr\u00e1 como uno de los momentos destacados el show de Los Manseros Santiague\u00f1os, referentes indiscutidos del folklore argentino.<\/p>\n\n\n\n<p>Finalmente, el domingo 15 estar\u00e1 dedicado a la cumbia y la m\u00fasica latina, con la actuaci\u00f3n de bandas locales y el cierre a cargo del reconocido artista Miguel \u201cConejito\u201d Alejandro, muy querido por el p\u00fablico de Luj\u00e1n y la regi\u00f3n.<\/p>\n\n\n\n<p>Adem\u00e1s de los espect\u00e1culos musicales, el festival contar\u00e1 con feria de artesanos, patio gastron\u00f3mico con el \u201cFestival ManduCar\u201d de food trucks y cerveceros artesanales, consolidando una propuesta cultural y tur\u00edstica que cada a\u00f1o re\u00fane a miles de personas frente a uno de los escenarios m\u00e1s emblem\u00e1ticos del pa\u00eds.<\/p>\n\n\n\n<p>Organizado por el Municipio de Luj\u00e1n, con un gran despliegue de todas las \u00e1reas en materia de tr\u00e1nsito, seguridad, salud, limpieza para que todos los espectadores puedan disfrutar de un gran show en un escenario \u00fanico.<\/p>\n","protected":false},"excerpt":{"rendered":"<p>Vuelve M\u00fasica en la Plaza, con m\u00e1s de 400 artistas en escena. Se presentar\u00e1n Miguel \u201cConejito Alejando, Los Abuelos de &#8230; <a title=\"Los Abuelos de la Nada y Miguel \u00abConejito\u00bb Alejandro, este fin de semana en Luj\u00e1n\" class=\"read-more\" href=\"https:\/\/www.hoymercedes.com.ar\/principal\/2026\/03\/13\/los-abuelos-de-la-nada-y-miguel-conejito-alejandro-este-fin-de-semana-en-lujan\/\" aria-label=\"Leer m\u00e1s sobre Los Abuelos de la Nada y Miguel \u00abConejito\u00bb Alejandro, este fin de semana en Luj\u00e1n\">Leer m\u00e1s<\/a><\/p>\n","protected":false},"author":1,"featured_media":193118,"comment_status":"closed","ping_status":"open","sticky":false,"template":"","format":"standard","meta":{"_monsterinsights_skip_tracking":false,"_monsterinsights_sitenote_active":false,"_monsterinsights_sitenote_note":"","_monsterinsights_sitenote_category":0,"jetpack_post_was_ever_published":false,"_jetpack_newsletter_access":"","_jetpack_dont_email_post_to_subs":false,"_jetpack_newsletter_tier_id":0,"_jetpack_memberships_contains_paywalled_content":false,"_jetpack_memberships_contains_paid_content":false,"footnotes":"","jetpack_publicize_message":"","jetpack_publicize_feature_enabled":true,"jetpack_social_post_already_shared":true,"jetpack_social_options":{"image_generator_settings":{"template":"highway","default_image_id":0,"font":"","enabled":false},"version":2},"_wpas_customize_per_network":false},"categories":[104],"tags":[],"class_list":["post-193116","post","type-post","status-publish","format-standard","has-post-thumbnail","hentry","category-cultura","generate-columns","tablet-grid-50","mobile-grid-100","grid-parent","grid-50"],"jetpack_publicize_connections":[],"jetpack_featured_media_url":"https:\/\/www.hoymercedes.com.ar\/principal\/wp-content\/uploads\/2026\/03\/image-52.png","wps_subtitle":"","jetpack_sharing_enabled":true,"_links":{"self":[{"href":"https:\/\/www.hoymercedes.com.ar\/principal\/wp-json\/wp\/v2\/posts\/193116","targetHints":{"allow":["GET"]}}],"collection":[{"href":"https:\/\/www.hoymercedes.com.ar\/principal\/wp-json\/wp\/v2\/posts"}],"about":[{"href":"https:\/\/www.hoymercedes.com.ar\/principal\/wp-json\/wp\/v2\/types\/post"}],"author":[{"embeddable":true,"href":"https:\/\/www.hoymercedes.com.ar\/principal\/wp-json\/wp\/v2\/users\/1"}],"replies":[{"embeddable":true,"href":"https:\/\/www.hoymercedes.com.ar\/principal\/wp-json\/wp\/v2\/comments?post=193116"}],"version-history":[{"count":1,"href":"https:\/\/www.hoymercedes.com.ar\/principal\/wp-json\/wp\/v2\/posts\/193116\/revisions"}],"predecessor-version":[{"id":193119,"href":"https:\/\/www.hoymercedes.com.ar\/principal\/wp-json\/wp\/v2\/posts\/193116\/revisions\/193119"}],"wp:featuredmedia":[{"embeddable":true,"href":"https:\/\/www.hoymercedes.com.ar\/principal\/wp-json\/wp\/v2\/media\/193118"}],"wp:attachment":[{"href":"https:\/\/www.hoymercedes.com.ar\/principal\/wp-json\/wp\/v2\/media?parent=193116"}],"wp:term":[{"taxonomy":"category","embeddable":true,"href":"https:\/\/www.hoymercedes.com.ar\/principal\/wp-json\/wp\/v2\/categories?post=193116"},{"taxonomy":"post_tag","embeddable":true,"href":"https:\/\/www.hoymercedes.com.ar\/principal\/wp-json\/wp\/v2\/tags?post=193116"}],"curies":[{"name":"wp","href":"https:\/\/api.w.org\/{rel}","templated":true}]}}