{"id":193125,"date":"2026-03-15T16:58:00","date_gmt":"2026-03-15T19:58:00","guid":{"rendered":"https:\/\/www.hoymercedes.com.ar\/principal\/?p=193125"},"modified":"2026-03-13T15:00:51","modified_gmt":"2026-03-13T18:00:51","slug":"informe-consenso-democratico-y-rechazo-mayoritario-a-la-dictadura-en-argentina","status":"publish","type":"post","link":"https:\/\/www.hoymercedes.com.ar\/principal\/2026\/03\/15\/informe-consenso-democratico-y-rechazo-mayoritario-a-la-dictadura-en-argentina\/","title":{"rendered":"Informe: Consenso democr\u00e1tico y rechazo mayoritario a la dictadura en Argentina"},"content":{"rendered":"\n<p><strong>Un reciente estudio de opini\u00f3n p\u00fablica revela que la sociedad argentina mantiene un s\u00f3lido compromiso con los valores democr\u00e1ticos. El respaldo a los juicios por delitos de lesa humanidad y la condena al terrorismo de Estado se consolidan como pilares fundamentales de la identidad civil.<\/strong><\/p>\n\n\n\n<figure class=\"wp-block-image size-full\"><img loading=\"lazy\" decoding=\"async\" width=\"790\" height=\"444\" data-attachment-id=\"193126\" data-permalink=\"https:\/\/www.hoymercedes.com.ar\/principal\/2026\/03\/15\/informe-consenso-democratico-y-rechazo-mayoritario-a-la-dictadura-en-argentina\/consenso\/#main\" data-orig-file=\"https:\/\/www.hoymercedes.com.ar\/principal\/wp-content\/uploads\/2026\/03\/Consenso.webp\" data-orig-size=\"790,444\" data-comments-opened=\"0\" data-image-meta=\"{&quot;aperture&quot;:&quot;0&quot;,&quot;credit&quot;:&quot;&quot;,&quot;camera&quot;:&quot;&quot;,&quot;caption&quot;:&quot;&quot;,&quot;created_timestamp&quot;:&quot;0&quot;,&quot;copyright&quot;:&quot;&quot;,&quot;focal_length&quot;:&quot;0&quot;,&quot;iso&quot;:&quot;0&quot;,&quot;shutter_speed&quot;:&quot;0&quot;,&quot;title&quot;:&quot;&quot;,&quot;orientation&quot;:&quot;0&quot;}\" data-image-title=\"Consenso\" data-image-description=\"\" data-image-caption=\"\" data-large-file=\"https:\/\/www.hoymercedes.com.ar\/principal\/wp-content\/uploads\/2026\/03\/Consenso.webp\" src=\"https:\/\/www.hoymercedes.com.ar\/principal\/wp-content\/uploads\/2026\/03\/Consenso.webp\" alt=\"\" class=\"wp-image-193126\" srcset=\"https:\/\/www.hoymercedes.com.ar\/principal\/wp-content\/uploads\/2026\/03\/Consenso.webp 790w, https:\/\/www.hoymercedes.com.ar\/principal\/wp-content\/uploads\/2026\/03\/Consenso-630x354.webp 630w, https:\/\/www.hoymercedes.com.ar\/principal\/wp-content\/uploads\/2026\/03\/Consenso-150x84.webp 150w\" sizes=\"auto, (max-width: 790px) 100vw, 790px\" \/><\/figure>\n\n\n\n<p>A m\u00e1s de cuatro d\u00e9cadas del retorno de la democracia, la percepci\u00f3n social sobre el pasado dictatorial en Argentina parece haber alcanzado un punto de maduraci\u00f3n colectiva. Seg\u00fan un exhaustivo informe, existe un <strong>amplio consenso social contra la \u00faltima dictadura militar<\/strong>, reafirmando que el pacto democr\u00e1tico de 1983 sigue vigente en el coraz\u00f3n de la ciudadan\u00eda.<\/p>\n\n\n\n<p>El relevamiento destaca que la gran mayor\u00eda de los encuestados no solo rechaza el accionar de las juntas militares entre 1976 y 1983, sino que adem\u00e1s manifiesta un <strong>fuerte respaldo a los juicios de Memoria, Verdad y Justicia<\/strong>. Este apoyo trasciende las divisiones partidarias, posicionando a los procesos judiciales contra los responsables de la represi\u00f3n ilegal como una pol\u00edtica de Estado validada por la sociedad.<\/p>\n\n\n\n<figure class=\"wp-block-image size-full\"><img loading=\"lazy\" decoding=\"async\" width=\"790\" height=\"444\" data-attachment-id=\"193127\" data-permalink=\"https:\/\/www.hoymercedes.com.ar\/principal\/2026\/03\/15\/informe-consenso-democratico-y-rechazo-mayoritario-a-la-dictadura-en-argentina\/consenso-2\/#main\" data-orig-file=\"https:\/\/www.hoymercedes.com.ar\/principal\/wp-content\/uploads\/2026\/03\/Consenso.2.webp\" data-orig-size=\"790,444\" data-comments-opened=\"0\" data-image-meta=\"{&quot;aperture&quot;:&quot;0&quot;,&quot;credit&quot;:&quot;&quot;,&quot;camera&quot;:&quot;&quot;,&quot;caption&quot;:&quot;&quot;,&quot;created_timestamp&quot;:&quot;0&quot;,&quot;copyright&quot;:&quot;&quot;,&quot;focal_length&quot;:&quot;0&quot;,&quot;iso&quot;:&quot;0&quot;,&quot;shutter_speed&quot;:&quot;0&quot;,&quot;title&quot;:&quot;&quot;,&quot;orientation&quot;:&quot;0&quot;}\" data-image-title=\"Consenso.2\" data-image-description=\"\" data-image-caption=\"\" data-large-file=\"https:\/\/www.hoymercedes.com.ar\/principal\/wp-content\/uploads\/2026\/03\/Consenso.2.webp\" src=\"https:\/\/www.hoymercedes.com.ar\/principal\/wp-content\/uploads\/2026\/03\/Consenso.2.webp\" alt=\"\" class=\"wp-image-193127\" srcset=\"https:\/\/www.hoymercedes.com.ar\/principal\/wp-content\/uploads\/2026\/03\/Consenso.2.webp 790w, https:\/\/www.hoymercedes.com.ar\/principal\/wp-content\/uploads\/2026\/03\/Consenso.2-630x354.webp 630w, https:\/\/www.hoymercedes.com.ar\/principal\/wp-content\/uploads\/2026\/03\/Consenso.2-150x84.webp 150w\" sizes=\"auto, (max-width: 790px) 100vw, 790px\" \/><\/figure>\n\n\n\n<p><strong>La democracia como valor innegociable<\/strong><\/p>\n\n\n\n<p>Uno de los datos m\u00e1s relevantes de la consulta es la valoraci\u00f3n de la democracia frente a cualquier otra alternativa de gobierno. A pesar de las crisis econ\u00f3micas y sociales que han atravesado el pa\u00eds, el sistema democr\u00e1tico es percibido por la ciudadan\u00eda como la \u00fanica v\u00eda posible para la convivencia y la resoluci\u00f3n de conflictos.<\/p>\n\n\n\n<p>El estudio se\u00f1ala que el rechazo al terrorismo de Estado es hoy una \u00abbarrera cultural\u00bb que impide el avance de discursos negacionistas en amplios sectores de la poblaci\u00f3n. Para los analistas, este fen\u00f3meno es el resultado de a\u00f1os de labor de organismos de derechos humanos y de una educaci\u00f3n p\u00fablica orientada a la memoria hist\u00f3rica.<\/p>\n\n\n\n<p><strong>Puntos clave del estudio:<\/strong><\/p>\n\n\n\n<ul class=\"wp-block-list\">\n<li><strong>Juicios de Lesa Humanidad:<\/strong> M\u00e1s del 70% de la poblaci\u00f3n considera que los juicios deben continuar y son necesarios para la salud institucional del pa\u00eds.<\/li>\n\n\n\n<li><strong>Responsabilidad Militar:<\/strong> Existe un acuerdo mayoritario en que el Estado, bajo la conducci\u00f3n militar, cometi\u00f3 cr\u00edmenes que no deben repetirse bajo ninguna circunstancia.<\/li>\n\n\n\n<li><strong>Institucionalidad:<\/strong> El compromiso con el voto y las instituciones democr\u00e1ticas se mantiene alto, incluso entre las generaciones m\u00e1s j\u00f3venes que no vivieron el periodo dictatorial.<\/li>\n<\/ul>\n\n\n\n<p><strong>Un mensaje hacia el futuro<\/strong><\/p>\n\n\n\n<p>El informe concluye que, si bien Argentina enfrenta desaf\u00edos estructurales importantes, el consenso sobre el \u00abNunca M\u00e1s\u00bb es un activo social invaluable. La sociedad no solo mira hacia atr\u00e1s para condenar el horror, sino que utiliza ese pasado como un espejo para exigir un presente donde el Estado de derecho sea la garant\u00eda absoluta para todos los ciudadanos. Este respaldo social a la democracia y a la justicia se presenta, seg\u00fan el art\u00edculo de <em>Letra P<\/em>, como un ant\u00eddoto frente a cualquier intento de retroceso en materia de derechos fundamentales.<\/p>\n\n\n\n<figure class=\"wp-block-image size-full\"><img loading=\"lazy\" decoding=\"async\" width=\"790\" height=\"444\" data-attachment-id=\"193128\" data-permalink=\"https:\/\/www.hoymercedes.com.ar\/principal\/2026\/03\/15\/informe-consenso-democratico-y-rechazo-mayoritario-a-la-dictadura-en-argentina\/consenso3\/#main\" data-orig-file=\"https:\/\/www.hoymercedes.com.ar\/principal\/wp-content\/uploads\/2026\/03\/Consenso3.webp\" data-orig-size=\"790,444\" data-comments-opened=\"0\" data-image-meta=\"{&quot;aperture&quot;:&quot;0&quot;,&quot;credit&quot;:&quot;&quot;,&quot;camera&quot;:&quot;&quot;,&quot;caption&quot;:&quot;&quot;,&quot;created_timestamp&quot;:&quot;0&quot;,&quot;copyright&quot;:&quot;&quot;,&quot;focal_length&quot;:&quot;0&quot;,&quot;iso&quot;:&quot;0&quot;,&quot;shutter_speed&quot;:&quot;0&quot;,&quot;title&quot;:&quot;&quot;,&quot;orientation&quot;:&quot;0&quot;}\" data-image-title=\"Consenso3\" data-image-description=\"\" data-image-caption=\"\" data-large-file=\"https:\/\/www.hoymercedes.com.ar\/principal\/wp-content\/uploads\/2026\/03\/Consenso3.webp\" src=\"https:\/\/www.hoymercedes.com.ar\/principal\/wp-content\/uploads\/2026\/03\/Consenso3.webp\" alt=\"\" class=\"wp-image-193128\" srcset=\"https:\/\/www.hoymercedes.com.ar\/principal\/wp-content\/uploads\/2026\/03\/Consenso3.webp 790w, https:\/\/www.hoymercedes.com.ar\/principal\/wp-content\/uploads\/2026\/03\/Consenso3-630x354.webp 630w, https:\/\/www.hoymercedes.com.ar\/principal\/wp-content\/uploads\/2026\/03\/Consenso3-150x84.webp 150w\" sizes=\"auto, (max-width: 790px) 100vw, 790px\" \/><\/figure>\n","protected":false},"excerpt":{"rendered":"<p>Un reciente estudio de opini\u00f3n p\u00fablica revela que la sociedad argentina mantiene un s\u00f3lido compromiso con los valores democr\u00e1ticos. El &#8230; <a title=\"Informe: Consenso democr\u00e1tico y rechazo mayoritario a la dictadura en Argentina\" class=\"read-more\" href=\"https:\/\/www.hoymercedes.com.ar\/principal\/2026\/03\/15\/informe-consenso-democratico-y-rechazo-mayoritario-a-la-dictadura-en-argentina\/\" aria-label=\"Leer m\u00e1s sobre Informe: Consenso democr\u00e1tico y rechazo mayoritario a la dictadura en Argentina\">Leer m\u00e1s<\/a><\/p>\n","protected":false},"author":1,"featured_media":193126,"comment_status":"closed","ping_status":"open","sticky":false,"template":"","format":"standard","meta":{"_monsterinsights_skip_tracking":false,"_monsterinsights_sitenote_active":false,"_monsterinsights_sitenote_note":"","_monsterinsights_sitenote_category":0,"jetpack_post_was_ever_published":false,"_jetpack_newsletter_access":"","_jetpack_dont_email_post_to_subs":false,"_jetpack_newsletter_tier_id":0,"_jetpack_memberships_contains_paywalled_content":false,"_jetpack_memberships_contains_paid_content":false,"footnotes":"","jetpack_publicize_message":"","jetpack_publicize_feature_enabled":true,"jetpack_social_post_already_shared":true,"jetpack_social_options":{"image_generator_settings":{"template":"highway","default_image_id":0,"font":"","enabled":false},"version":2},"_wpas_customize_per_network":false},"categories":[8],"tags":[],"class_list":["post-193125","post","type-post","status-publish","format-standard","has-post-thumbnail","hentry","category-sociedad","generate-columns","tablet-grid-50","mobile-grid-100","grid-parent","grid-50"],"jetpack_publicize_connections":[],"jetpack_featured_media_url":"https:\/\/www.hoymercedes.com.ar\/principal\/wp-content\/uploads\/2026\/03\/Consenso.webp","wps_subtitle":"","jetpack_sharing_enabled":true,"_links":{"self":[{"href":"https:\/\/www.hoymercedes.com.ar\/principal\/wp-json\/wp\/v2\/posts\/193125","targetHints":{"allow":["GET"]}}],"collection":[{"href":"https:\/\/www.hoymercedes.com.ar\/principal\/wp-json\/wp\/v2\/posts"}],"about":[{"href":"https:\/\/www.hoymercedes.com.ar\/principal\/wp-json\/wp\/v2\/types\/post"}],"author":[{"embeddable":true,"href":"https:\/\/www.hoymercedes.com.ar\/principal\/wp-json\/wp\/v2\/users\/1"}],"replies":[{"embeddable":true,"href":"https:\/\/www.hoymercedes.com.ar\/principal\/wp-json\/wp\/v2\/comments?post=193125"}],"version-history":[{"count":1,"href":"https:\/\/www.hoymercedes.com.ar\/principal\/wp-json\/wp\/v2\/posts\/193125\/revisions"}],"predecessor-version":[{"id":193129,"href":"https:\/\/www.hoymercedes.com.ar\/principal\/wp-json\/wp\/v2\/posts\/193125\/revisions\/193129"}],"wp:featuredmedia":[{"embeddable":true,"href":"https:\/\/www.hoymercedes.com.ar\/principal\/wp-json\/wp\/v2\/media\/193126"}],"wp:attachment":[{"href":"https:\/\/www.hoymercedes.com.ar\/principal\/wp-json\/wp\/v2\/media?parent=193125"}],"wp:term":[{"taxonomy":"category","embeddable":true,"href":"https:\/\/www.hoymercedes.com.ar\/principal\/wp-json\/wp\/v2\/categories?post=193125"},{"taxonomy":"post_tag","embeddable":true,"href":"https:\/\/www.hoymercedes.com.ar\/principal\/wp-json\/wp\/v2\/tags?post=193125"}],"curies":[{"name":"wp","href":"https:\/\/api.w.org\/{rel}","templated":true}]}}