{"id":193133,"date":"2026-03-14T09:40:00","date_gmt":"2026-03-14T12:40:00","guid":{"rendered":"https:\/\/www.hoymercedes.com.ar\/principal\/?p=193133"},"modified":"2026-03-13T20:47:50","modified_gmt":"2026-03-13T23:47:50","slug":"asado-imposible-dice-un-carnicero-mercedino-con-60-de-aumento-en-5-meses","status":"publish","type":"post","link":"https:\/\/www.hoymercedes.com.ar\/principal\/2026\/03\/14\/asado-imposible-dice-un-carnicero-mercedino-con-60-de-aumento-en-5-meses\/","title":{"rendered":"\u00bfAsado? imposible, dice un carnicero mercedino con 60% de aumento en 5 meses"},"content":{"rendered":"\n<p>En Mercedes ya se ven los ajustes de precios. Algunas carnicer\u00edas sacaron los pizarrones de las veredas por los constantes cambios. Otras tradicionales e hist\u00f3ricas que tienen ploteos y lonas pre impresas dejan los espacios del precio vac\u00edo para \u00abno espantar\u00bb, tal como cont\u00f3 un hist\u00f3rico carnicero en una Fm de la ma\u00f1ana de nuestra ciudad. \u00abEl asado no sale, est\u00e1 imposible\u00bb dijo el comerciante en la entrevista. Tom\u00e1s Jofr\u00e9 tambi\u00e9n ve el impacto, con cubiertos que no dejan de subir y sin tener lo que alguna vez tuvo, que era reponer mesas hasta en 3 veces por jornada. <\/p>\n\n\n\n<p><strong>Los cortes vacunos muestran incrementos dr\u00e1sticos. El lomo ya roza los $27.000 por kilo.<\/strong> Son 5 meses seguidos de aumentos semanales, un goteo que pega fuerte en el bolsillo. <\/p>\n\n\n\n<p>El precio de la carne vacuna en Argentina contin\u00faa siendo uno de los motores de la inflaci\u00f3n alimentaria. Seg\u00fan los \u00faltimos relevamientos, el sector acumula un aumento del <strong>60% en apenas cinco meses<\/strong>, una cifra que refleja la presi\u00f3n sobre el bolsillo de los consumidores y que ha forzado cambios en los h\u00e1bitos de compra.<\/p>\n\n\n\n<p>Si bien durante las \u00faltimas semanas se registr\u00f3 una desaceleraci\u00f3n en el ritmo de aumentos \u2014explicada principalmente por la fuerte baja en la demanda interna\u2014, los valores en mostrador se mantienen en niveles hist\u00f3ricos.<\/p>\n\n\n\n<h3 class=\"wp-block-heading\">Los precios en las carnicer\u00edas<\/h3>\n\n\n\n<p>El informe detalla una amplia dispersi\u00f3n de precios seg\u00fan el corte, situando a las piezas de mayor calidad por encima de la barrera de los $20.000. A continuaci\u00f3n, los valores promedio actuales:<\/p>\n\n\n\n<ul class=\"wp-block-list\">\n<li><strong>Lomo:<\/strong> $26.800<\/li>\n\n\n\n<li><strong>Entra\u00f1a:<\/strong> $29.000<\/li>\n\n\n\n<li><strong>Ojo de bife:<\/strong> $23.200<\/li>\n\n\n\n<li><strong>Bife de chorizo:<\/strong> $23.000<\/li>\n\n\n\n<li><strong>Vac\u00edo y Colita de cuadril:<\/strong> $21.700<\/li>\n\n\n\n<li><strong>Nalga:<\/strong> $21.500<\/li>\n\n\n\n<li><strong>Asado:<\/strong> $15.900<\/li>\n\n\n\n<li><strong>Matambre:<\/strong> $17.500<\/li>\n<\/ul>\n\n\n\n<h3 class=\"wp-block-heading\">Consumo en m\u00ednimos hist\u00f3ricos<\/h3>\n\n\n\n<p>La contracci\u00f3n del poder adquisitivo ha impactado directamente en las ventas. Especialistas del sector se\u00f1alan que, ante la imposibilidad de convalidar nuevos aumentos, algunos cortes como el matambre o las tapas (asado y nalga) han mostrado leves retrocesos de entre el 7% y el 9% en el \u00faltimo mes para intentar incentivar la rotaci\u00f3n de mercader\u00eda.<\/p>\n\n\n\n<p>Sin embargo, el panorama hacia adelante sigue siendo incierto. Aunque la oferta de hacienda parece estabilizarse, los analistas advierten que cualquier mejora en los ingresos podr\u00eda presionar nuevamente los precios al alza, dado que el stock ganadero a\u00fan se recupera de los efectos de la sequ\u00eda pasada y la fuerte demanda exportadora.<\/p>\n","protected":false},"excerpt":{"rendered":"<p>En Mercedes ya se ven los ajustes de precios. Algunas carnicer\u00edas sacaron los pizarrones de las veredas por los constantes &#8230; <a title=\"\u00bfAsado? imposible, dice un carnicero mercedino con 60% de aumento en 5 meses\" class=\"read-more\" href=\"https:\/\/www.hoymercedes.com.ar\/principal\/2026\/03\/14\/asado-imposible-dice-un-carnicero-mercedino-con-60-de-aumento-en-5-meses\/\" aria-label=\"Leer m\u00e1s sobre \u00bfAsado? imposible, dice un carnicero mercedino con 60% de aumento en 5 meses\">Leer m\u00e1s<\/a><\/p>\n","protected":false},"author":1,"featured_media":193134,"comment_status":"closed","ping_status":"open","sticky":false,"template":"","format":"standard","meta":{"_monsterinsights_skip_tracking":false,"_monsterinsights_sitenote_active":false,"_monsterinsights_sitenote_note":"","_monsterinsights_sitenote_category":0,"jetpack_post_was_ever_published":false,"_jetpack_newsletter_access":"","_jetpack_dont_email_post_to_subs":false,"_jetpack_newsletter_tier_id":0,"_jetpack_memberships_contains_paywalled_content":false,"_jetpack_memberships_contains_paid_content":false,"footnotes":"","jetpack_publicize_message":"","jetpack_publicize_feature_enabled":true,"jetpack_social_post_already_shared":true,"jetpack_social_options":{"image_generator_settings":{"template":"highway","default_image_id":0,"font":"","enabled":false},"version":2},"_wpas_customize_per_network":false},"categories":[8],"tags":[21024,21025],"class_list":["post-193133","post","type-post","status-publish","format-standard","has-post-thumbnail","hentry","category-sociedad","tag-aumento-de-la-carne","tag-carniceria-mercedes","generate-columns","tablet-grid-50","mobile-grid-100","grid-parent","grid-50"],"jetpack_publicize_connections":[],"jetpack_featured_media_url":"https:\/\/www.hoymercedes.com.ar\/principal\/wp-content\/uploads\/2026\/03\/carne-aumento-constante.jpeg","wps_subtitle":"","jetpack_sharing_enabled":true,"_links":{"self":[{"href":"https:\/\/www.hoymercedes.com.ar\/principal\/wp-json\/wp\/v2\/posts\/193133","targetHints":{"allow":["GET"]}}],"collection":[{"href":"https:\/\/www.hoymercedes.com.ar\/principal\/wp-json\/wp\/v2\/posts"}],"about":[{"href":"https:\/\/www.hoymercedes.com.ar\/principal\/wp-json\/wp\/v2\/types\/post"}],"author":[{"embeddable":true,"href":"https:\/\/www.hoymercedes.com.ar\/principal\/wp-json\/wp\/v2\/users\/1"}],"replies":[{"embeddable":true,"href":"https:\/\/www.hoymercedes.com.ar\/principal\/wp-json\/wp\/v2\/comments?post=193133"}],"version-history":[{"count":1,"href":"https:\/\/www.hoymercedes.com.ar\/principal\/wp-json\/wp\/v2\/posts\/193133\/revisions"}],"predecessor-version":[{"id":193135,"href":"https:\/\/www.hoymercedes.com.ar\/principal\/wp-json\/wp\/v2\/posts\/193133\/revisions\/193135"}],"wp:featuredmedia":[{"embeddable":true,"href":"https:\/\/www.hoymercedes.com.ar\/principal\/wp-json\/wp\/v2\/media\/193134"}],"wp:attachment":[{"href":"https:\/\/www.hoymercedes.com.ar\/principal\/wp-json\/wp\/v2\/media?parent=193133"}],"wp:term":[{"taxonomy":"category","embeddable":true,"href":"https:\/\/www.hoymercedes.com.ar\/principal\/wp-json\/wp\/v2\/categories?post=193133"},{"taxonomy":"post_tag","embeddable":true,"href":"https:\/\/www.hoymercedes.com.ar\/principal\/wp-json\/wp\/v2\/tags?post=193133"}],"curies":[{"name":"wp","href":"https:\/\/api.w.org\/{rel}","templated":true}]}}