{"id":193140,"date":"2026-03-14T15:21:25","date_gmt":"2026-03-14T18:21:25","guid":{"rendered":"https:\/\/www.hoymercedes.com.ar\/principal\/?p=193140"},"modified":"2026-03-14T15:21:27","modified_gmt":"2026-03-14T18:21:27","slug":"mercedes-fue-sede-del-encuentro-nacional-de-departamentos-sociales-de-clubes-de-la-afa","status":"publish","type":"post","link":"https:\/\/www.hoymercedes.com.ar\/principal\/2026\/03\/14\/mercedes-fue-sede-del-encuentro-nacional-de-departamentos-sociales-de-clubes-de-la-afa\/","title":{"rendered":"Mercedes fue sede del \u201cEncuentro Nacional de Departamentos Sociales de Clubes de la AFA\u201d"},"content":{"rendered":"\n<figure class=\"wp-block-image size-large is-resized\"><img loading=\"lazy\" decoding=\"async\" width=\"1024\" height=\"683\" data-attachment-id=\"193141\" data-permalink=\"https:\/\/www.hoymercedes.com.ar\/principal\/2026\/03\/14\/mercedes-fue-sede-del-encuentro-nacional-de-departamentos-sociales-de-clubes-de-la-afa\/dsc_0111\/#main\" data-orig-file=\"https:\/\/www.hoymercedes.com.ar\/principal\/wp-content\/uploads\/2026\/03\/DSC_0111-scaled.jpg\" data-orig-size=\"2560,1707\" data-comments-opened=\"0\" data-image-meta=\"{&quot;aperture&quot;:&quot;5.6&quot;,&quot;credit&quot;:&quot;&quot;,&quot;camera&quot;:&quot;NIKON D3400&quot;,&quot;caption&quot;:&quot;&quot;,&quot;created_timestamp&quot;:&quot;1773484593&quot;,&quot;copyright&quot;:&quot;&quot;,&quot;focal_length&quot;:&quot;25&quot;,&quot;iso&quot;:&quot;3200&quot;,&quot;shutter_speed&quot;:&quot;0.016666666666667&quot;,&quot;title&quot;:&quot;&quot;,&quot;orientation&quot;:&quot;1&quot;}\" data-image-title=\"Mercedes fue sede del \u201cEncuentro Nacional de Departamentos Sociales de Clubes de la AFA\u201d\" data-image-description=\"&lt;p&gt;Mercedes fue sede del \u201cEncuentro Nacional de Departamentos Sociales de Clubes de la AFA\u201d&lt;\/p&gt;\n\" data-image-caption=\"&lt;p&gt;Mercedes fue sede del \u201cEncuentro Nacional de Departamentos Sociales de Clubes de la AFA\u201d&lt;\/p&gt;\n\" data-large-file=\"https:\/\/www.hoymercedes.com.ar\/principal\/wp-content\/uploads\/2026\/03\/DSC_0111-1024x683.jpg\" src=\"https:\/\/www.hoymercedes.com.ar\/principal\/wp-content\/uploads\/2026\/03\/DSC_0111-1024x683.jpg\" alt=\"\" class=\"wp-image-193141\" style=\"width:1063px;height:auto\" srcset=\"https:\/\/www.hoymercedes.com.ar\/principal\/wp-content\/uploads\/2026\/03\/DSC_0111-1024x683.jpg 1024w, https:\/\/www.hoymercedes.com.ar\/principal\/wp-content\/uploads\/2026\/03\/DSC_0111-630x420.jpg 630w, https:\/\/www.hoymercedes.com.ar\/principal\/wp-content\/uploads\/2026\/03\/DSC_0111-150x100.jpg 150w, https:\/\/www.hoymercedes.com.ar\/principal\/wp-content\/uploads\/2026\/03\/DSC_0111-1536x1024.jpg 1536w, https:\/\/www.hoymercedes.com.ar\/principal\/wp-content\/uploads\/2026\/03\/DSC_0111-2048x1365.jpg 2048w\" sizes=\"auto, (max-width: 1024px) 100vw, 1024px\" \/><\/figure>\n\n\n\n<p><strong>En una jornada marcada por el intercambio y la formaci\u00f3n, la ciudad recibi\u00f3 a representantes de clubes de todo el pa\u00eds, universidades y referentes del programa \u00abJugando es Mejor\u00bb de TyC con el objetivo de fortalecer el rol social de las instituciones deportivas. El hist\u00f3rico dirigente \u201cPelusa\u201d Gonz\u00e1lez fue clave para la reuni\u00f3n. Estuvo presente el intendente Juan I. Ustarroz.<\/strong><\/p>\n\n\n\n<p>La Municipalidad de Mercedes agradeci\u00f3 en sus redes la elecci\u00f3n de nuestra ciudad como sede para este importante <strong>Encuentro Nacional de Departamentos Sociales de Clubes afiliados a la Asociaci\u00f3n del F\u00fatbol Argentino (AFA)<\/strong>. La actividad cont\u00f3 con el impulso central de <strong>\u201cJugando es Mejor\u201d<\/strong>, un programa que pone en valor la tarea solidaria y el compromiso territorial de las instituciones en Argentina.<\/p>\n\n\n\n<figure class=\"wp-block-image size-large is-resized\"><img loading=\"lazy\" decoding=\"async\" width=\"1024\" height=\"717\" data-attachment-id=\"193142\" data-permalink=\"https:\/\/www.hoymercedes.com.ar\/principal\/2026\/03\/14\/mercedes-fue-sede-del-encuentro-nacional-de-departamentos-sociales-de-clubes-de-la-afa\/dsc_0007-4\/#main\" data-orig-file=\"https:\/\/www.hoymercedes.com.ar\/principal\/wp-content\/uploads\/2026\/03\/DSC_0007-scaled.jpg\" data-orig-size=\"2560,1792\" data-comments-opened=\"0\" data-image-meta=\"{&quot;aperture&quot;:&quot;3.5&quot;,&quot;credit&quot;:&quot;&quot;,&quot;camera&quot;:&quot;NIKON D3400&quot;,&quot;caption&quot;:&quot;&quot;,&quot;created_timestamp&quot;:&quot;1773480936&quot;,&quot;copyright&quot;:&quot;&quot;,&quot;focal_length&quot;:&quot;70&quot;,&quot;iso&quot;:&quot;1600&quot;,&quot;shutter_speed&quot;:&quot;0.005&quot;,&quot;title&quot;:&quot;&quot;,&quot;orientation&quot;:&quot;1&quot;}\" data-image-title=\"DSC_0007\" data-image-description=\"\" data-image-caption=\"\" data-large-file=\"https:\/\/www.hoymercedes.com.ar\/principal\/wp-content\/uploads\/2026\/03\/DSC_0007-1024x717.jpg\" src=\"https:\/\/www.hoymercedes.com.ar\/principal\/wp-content\/uploads\/2026\/03\/DSC_0007-1024x717.jpg\" alt=\"Mercedes fue sede del \u201cEncuentro Nacional de Departamentos Sociales de Clubes de la AFA\u201d\" class=\"wp-image-193142\" style=\"width:1055px;height:auto\" srcset=\"https:\/\/www.hoymercedes.com.ar\/principal\/wp-content\/uploads\/2026\/03\/DSC_0007-1024x717.jpg 1024w, https:\/\/www.hoymercedes.com.ar\/principal\/wp-content\/uploads\/2026\/03\/DSC_0007-630x441.jpg 630w, https:\/\/www.hoymercedes.com.ar\/principal\/wp-content\/uploads\/2026\/03\/DSC_0007-150x105.jpg 150w, https:\/\/www.hoymercedes.com.ar\/principal\/wp-content\/uploads\/2026\/03\/DSC_0007-1536x1075.jpg 1536w, https:\/\/www.hoymercedes.com.ar\/principal\/wp-content\/uploads\/2026\/03\/DSC_0007-2048x1434.jpg 2048w\" sizes=\"auto, (max-width: 1024px) 100vw, 1024px\" \/><\/figure>\n\n\n\n<p><strong>El club como espacio de transformaci\u00f3n<\/strong><\/p>\n\n\n\n<p>Durante el encuentro, se destac\u00f3 la importancia estrat\u00e9gica del <strong>trabajo conjunto entre los clubes<\/strong> para abordar las diversas problem\u00e1ticas sociales de la actualidad. Tambi\u00e9n sostener las instituciones como organizaciones civiles y no sociedades an\u00f3nimas.<\/p>\n\n\n\n<p>En este sentido, se reafirm\u00f3 que estas instituciones no son solo espacios de competencia deportiva, sino pilares fundamentales de <strong>contenci\u00f3n, inclusi\u00f3n y desarrollo<\/strong> para ni\u00f1os, j\u00f3venes y adultos.<\/p>\n\n\n\n<p>El evento funcion\u00f3 como un espacio de formaci\u00f3n y creaci\u00f3n de v\u00ednculos, donde el deporte se consolid\u00f3 como una herramienta clave para la construcci\u00f3n de una sociedad m\u00e1s justa y equitativa.<\/p>\n","protected":false},"excerpt":{"rendered":"<p>En una jornada marcada por el intercambio y la formaci\u00f3n, la ciudad recibi\u00f3 a representantes de clubes de todo el &#8230; <a title=\"Mercedes fue sede del \u201cEncuentro Nacional de Departamentos Sociales de Clubes de la AFA\u201d\" class=\"read-more\" href=\"https:\/\/www.hoymercedes.com.ar\/principal\/2026\/03\/14\/mercedes-fue-sede-del-encuentro-nacional-de-departamentos-sociales-de-clubes-de-la-afa\/\" aria-label=\"Leer m\u00e1s sobre Mercedes fue sede del \u201cEncuentro Nacional de Departamentos Sociales de Clubes de la AFA\u201d\">Leer m\u00e1s<\/a><\/p>\n","protected":false},"author":1,"featured_media":193141,"comment_status":"closed","ping_status":"open","sticky":false,"template":"","format":"standard","meta":{"_monsterinsights_skip_tracking":false,"_monsterinsights_sitenote_active":false,"_monsterinsights_sitenote_note":"","_monsterinsights_sitenote_category":0,"jetpack_post_was_ever_published":false,"_jetpack_newsletter_access":"","_jetpack_dont_email_post_to_subs":false,"_jetpack_newsletter_tier_id":0,"_jetpack_memberships_contains_paywalled_content":false,"_jetpack_memberships_contains_paid_content":false,"footnotes":"","jetpack_publicize_message":"","jetpack_publicize_feature_enabled":true,"jetpack_social_post_already_shared":true,"jetpack_social_options":{"image_generator_settings":{"template":"highway","default_image_id":0,"font":"","enabled":false},"version":2},"_wpas_customize_per_network":false},"categories":[21],"tags":[21027,142,21026,585,18243],"class_list":["post-193140","post","type-post","status-publish","format-standard","has-post-thumbnail","hentry","category-deportes","tag-afa-en-mercedes","tag-deportes-mercedes","tag-encuentro-departamentos-sociales","tag-juan-ustarroz","tag-pelusa-gonzalez-2","generate-columns","tablet-grid-50","mobile-grid-100","grid-parent","grid-50"],"jetpack_publicize_connections":[],"jetpack_featured_media_url":"https:\/\/www.hoymercedes.com.ar\/principal\/wp-content\/uploads\/2026\/03\/DSC_0111-scaled.jpg","wps_subtitle":"","jetpack_sharing_enabled":true,"_links":{"self":[{"href":"https:\/\/www.hoymercedes.com.ar\/principal\/wp-json\/wp\/v2\/posts\/193140","targetHints":{"allow":["GET"]}}],"collection":[{"href":"https:\/\/www.hoymercedes.com.ar\/principal\/wp-json\/wp\/v2\/posts"}],"about":[{"href":"https:\/\/www.hoymercedes.com.ar\/principal\/wp-json\/wp\/v2\/types\/post"}],"author":[{"embeddable":true,"href":"https:\/\/www.hoymercedes.com.ar\/principal\/wp-json\/wp\/v2\/users\/1"}],"replies":[{"embeddable":true,"href":"https:\/\/www.hoymercedes.com.ar\/principal\/wp-json\/wp\/v2\/comments?post=193140"}],"version-history":[{"count":1,"href":"https:\/\/www.hoymercedes.com.ar\/principal\/wp-json\/wp\/v2\/posts\/193140\/revisions"}],"predecessor-version":[{"id":193143,"href":"https:\/\/www.hoymercedes.com.ar\/principal\/wp-json\/wp\/v2\/posts\/193140\/revisions\/193143"}],"wp:featuredmedia":[{"embeddable":true,"href":"https:\/\/www.hoymercedes.com.ar\/principal\/wp-json\/wp\/v2\/media\/193141"}],"wp:attachment":[{"href":"https:\/\/www.hoymercedes.com.ar\/principal\/wp-json\/wp\/v2\/media?parent=193140"}],"wp:term":[{"taxonomy":"category","embeddable":true,"href":"https:\/\/www.hoymercedes.com.ar\/principal\/wp-json\/wp\/v2\/categories?post=193140"},{"taxonomy":"post_tag","embeddable":true,"href":"https:\/\/www.hoymercedes.com.ar\/principal\/wp-json\/wp\/v2\/tags?post=193140"}],"curies":[{"name":"wp","href":"https:\/\/api.w.org\/{rel}","templated":true}]}}