{"id":193144,"date":"2026-03-14T16:40:00","date_gmt":"2026-03-14T19:40:00","guid":{"rendered":"https:\/\/www.hoymercedes.com.ar\/principal\/?p=193144"},"modified":"2026-03-14T15:40:10","modified_gmt":"2026-03-14T18:40:10","slug":"evangelina-artaza-asumio-al-frente-del-sindicato-de-trabajadores-municipales","status":"publish","type":"post","link":"https:\/\/www.hoymercedes.com.ar\/principal\/2026\/03\/14\/evangelina-artaza-asumio-al-frente-del-sindicato-de-trabajadores-municipales\/","title":{"rendered":"Evangelina Artaza asumi\u00f3 al frente del Sindicato de Trabajadores Municipales"},"content":{"rendered":"\n<figure class=\"wp-block-image size-large\"><img loading=\"lazy\" decoding=\"async\" width=\"1024\" height=\"577\" data-attachment-id=\"193145\" data-permalink=\"https:\/\/www.hoymercedes.com.ar\/principal\/2026\/03\/14\/evangelina-artaza-asumio-al-frente-del-sindicato-de-trabajadores-municipales\/dsc07226\/#main\" data-orig-file=\"https:\/\/www.hoymercedes.com.ar\/principal\/wp-content\/uploads\/2026\/03\/DSC07226.jpg\" data-orig-size=\"1561,879\" data-comments-opened=\"0\" data-image-meta=\"{&quot;aperture&quot;:&quot;0&quot;,&quot;credit&quot;:&quot;&quot;,&quot;camera&quot;:&quot;&quot;,&quot;caption&quot;:&quot;&quot;,&quot;created_timestamp&quot;:&quot;0&quot;,&quot;copyright&quot;:&quot;&quot;,&quot;focal_length&quot;:&quot;0&quot;,&quot;iso&quot;:&quot;0&quot;,&quot;shutter_speed&quot;:&quot;0&quot;,&quot;title&quot;:&quot;&quot;,&quot;orientation&quot;:&quot;0&quot;}\" data-image-title=\"Evangelina Artaza asumi\u00f3 al frente del Sindicato de Trabajadores Municipales\" data-image-description=\"&lt;p&gt;Evangelina Artaza asumi\u00f3 al frente del Sindicato de Trabajadores Municipales&lt;\/p&gt;\n\" data-image-caption=\"&lt;p&gt;Evangelina Artaza asumi\u00f3 al frente del Sindicato de Trabajadores Municipales&lt;\/p&gt;\n\" data-large-file=\"https:\/\/www.hoymercedes.com.ar\/principal\/wp-content\/uploads\/2026\/03\/DSC07226-1024x577.jpg\" src=\"https:\/\/www.hoymercedes.com.ar\/principal\/wp-content\/uploads\/2026\/03\/DSC07226-1024x577.jpg\" alt=\"\" class=\"wp-image-193145\" srcset=\"https:\/\/www.hoymercedes.com.ar\/principal\/wp-content\/uploads\/2026\/03\/DSC07226-1024x577.jpg 1024w, https:\/\/www.hoymercedes.com.ar\/principal\/wp-content\/uploads\/2026\/03\/DSC07226-630x355.jpg 630w, https:\/\/www.hoymercedes.com.ar\/principal\/wp-content\/uploads\/2026\/03\/DSC07226-150x84.jpg 150w, https:\/\/www.hoymercedes.com.ar\/principal\/wp-content\/uploads\/2026\/03\/DSC07226-1536x865.jpg 1536w, https:\/\/www.hoymercedes.com.ar\/principal\/wp-content\/uploads\/2026\/03\/DSC07226.jpg 1561w\" sizes=\"auto, (max-width: 1024px) 100vw, 1024px\" \/><\/figure>\n\n\n\n<p>En un acto que congreg\u00f3 a referentes gremiales e institucionales de diversos sectores, se llev\u00f3 a cabo la ceremonia de asunci\u00f3n de autoridades del Sindicato, donde <strong>Evangelina Artaza<\/strong> asumi\u00f3 formalmente su cargo como secretaria general.<\/p>\n\n\n\n<p>La jornada cont\u00f3 con el respaldo de figuras relevantes de la Federaci\u00f3n de Sindicatos Municipales Bonaerenses (<strong>FESIMUBO<\/strong>), entre ellos su secretario general, Hern\u00e1n Doval, y el secretario de Gesti\u00f3n Regional, Carlos Rodr\u00edguez, adem\u00e1s de los representantes Daniel Ferro, Gustavo Seva y Mat\u00edas Di Iorio.<\/p>\n\n\n\n<figure class=\"wp-block-image size-large is-resized\"><img loading=\"lazy\" decoding=\"async\" width=\"1024\" height=\"682\" data-attachment-id=\"193146\" data-permalink=\"https:\/\/www.hoymercedes.com.ar\/principal\/2026\/03\/14\/evangelina-artaza-asumio-al-frente-del-sindicato-de-trabajadores-municipales\/dsc07080-2\/#main\" data-orig-file=\"https:\/\/www.hoymercedes.com.ar\/principal\/wp-content\/uploads\/2026\/03\/DSC07080.jpg\" data-orig-size=\"1319,879\" data-comments-opened=\"0\" data-image-meta=\"{&quot;aperture&quot;:&quot;0&quot;,&quot;credit&quot;:&quot;&quot;,&quot;camera&quot;:&quot;&quot;,&quot;caption&quot;:&quot;&quot;,&quot;created_timestamp&quot;:&quot;0&quot;,&quot;copyright&quot;:&quot;&quot;,&quot;focal_length&quot;:&quot;0&quot;,&quot;iso&quot;:&quot;0&quot;,&quot;shutter_speed&quot;:&quot;0&quot;,&quot;title&quot;:&quot;&quot;,&quot;orientation&quot;:&quot;0&quot;}\" data-image-title=\"DSC07080\" data-image-description=\"\" data-image-caption=\"\" data-large-file=\"https:\/\/www.hoymercedes.com.ar\/principal\/wp-content\/uploads\/2026\/03\/DSC07080-1024x682.jpg\" src=\"https:\/\/www.hoymercedes.com.ar\/principal\/wp-content\/uploads\/2026\/03\/DSC07080-1024x682.jpg\" alt=\"Evangelina Artaza asumi\u00f3 al frente del Sindicato de Trabajadores Municipales\" class=\"wp-image-193146\" style=\"width:1051px;height:auto\" srcset=\"https:\/\/www.hoymercedes.com.ar\/principal\/wp-content\/uploads\/2026\/03\/DSC07080-1024x682.jpg 1024w, https:\/\/www.hoymercedes.com.ar\/principal\/wp-content\/uploads\/2026\/03\/DSC07080-630x420.jpg 630w, https:\/\/www.hoymercedes.com.ar\/principal\/wp-content\/uploads\/2026\/03\/DSC07080-150x100.jpg 150w, https:\/\/www.hoymercedes.com.ar\/principal\/wp-content\/uploads\/2026\/03\/DSC07080.jpg 1319w\" sizes=\"auto, (max-width: 1024px) 100vw, 1024px\" \/><\/figure>\n\n\n\n<p>&nbsp;Asimismo, el evento tuvo la participaci\u00f3n de Diego Gonz\u00e1lez, integrante de la Secretar\u00eda de Trabajo de la Naci\u00f3n, y delegaciones de compa\u00f1eros provenientes de las localidades de Chivilcoy, Bragado y Mor\u00f3n, quienes, junto a una nutrida concurrencia de afiliados y familiares, brindaron el marco humano a la renovaci\u00f3n de autoridades.<\/p>\n\n\n\n<p>El acompa\u00f1amiento pol\u00edtico local tambi\u00e9n se hizo notar con la presencia del Intendente Municipal, Juan Ustarroz; la presidenta del Honorable Concejo Deliberante, Mariana San Mart\u00edn; el secretario de Econom\u00eda y Hacienda, David Valerga; el subsecretario, Silvio Bertera; el Subsecretario de Servicios P\u00fablicos, Luis Ponce; y el director de Turismo, Francisco Dinova.<\/p>\n\n\n\n<p>Durante la ceremonia, se destac\u00f3 el rol fundamental de los afiliados como el motor principal para renovar la militancia y las convicciones en un escenario social y econ\u00f3mico signado por el impacto del ajuste y la reforma laboral sobre la clase trabajadora.<\/p>\n\n\n\n<figure class=\"wp-block-image size-full is-resized\"><img loading=\"lazy\" decoding=\"async\" width=\"718\" height=\"404\" data-attachment-id=\"193147\" data-permalink=\"https:\/\/www.hoymercedes.com.ar\/principal\/2026\/03\/14\/evangelina-artaza-asumio-al-frente-del-sindicato-de-trabajadores-municipales\/dsc07308\/#main\" data-orig-file=\"https:\/\/www.hoymercedes.com.ar\/principal\/wp-content\/uploads\/2026\/03\/DSC07308.jpg\" data-orig-size=\"718,404\" data-comments-opened=\"0\" data-image-meta=\"{&quot;aperture&quot;:&quot;0&quot;,&quot;credit&quot;:&quot;&quot;,&quot;camera&quot;:&quot;&quot;,&quot;caption&quot;:&quot;&quot;,&quot;created_timestamp&quot;:&quot;0&quot;,&quot;copyright&quot;:&quot;&quot;,&quot;focal_length&quot;:&quot;0&quot;,&quot;iso&quot;:&quot;0&quot;,&quot;shutter_speed&quot;:&quot;0&quot;,&quot;title&quot;:&quot;&quot;,&quot;orientation&quot;:&quot;0&quot;}\" data-image-title=\"DSC07308\" data-image-description=\"\" data-image-caption=\"\" data-large-file=\"https:\/\/www.hoymercedes.com.ar\/principal\/wp-content\/uploads\/2026\/03\/DSC07308.jpg\" src=\"https:\/\/www.hoymercedes.com.ar\/principal\/wp-content\/uploads\/2026\/03\/DSC07308.jpg\" alt=\"Evangelina Artaza asumi\u00f3 al frente del Sindicato de Trabajadores Municipales\" class=\"wp-image-193147\" style=\"aspect-ratio:1.777241000249912;width:1055px;height:auto\" srcset=\"https:\/\/www.hoymercedes.com.ar\/principal\/wp-content\/uploads\/2026\/03\/DSC07308.jpg 718w, https:\/\/www.hoymercedes.com.ar\/principal\/wp-content\/uploads\/2026\/03\/DSC07308-630x354.jpg 630w, https:\/\/www.hoymercedes.com.ar\/principal\/wp-content\/uploads\/2026\/03\/DSC07308-150x84.jpg 150w\" sizes=\"auto, (max-width: 718px) 100vw, 718px\" \/><\/figure>\n\n\n\n<p>En sus lineamientos para esta nueva etapa, la conducci\u00f3n liderada por Artaza subray\u00f3 la responsabilidad de sostener una lucha colectiva por la conformaci\u00f3n del Consejo del Empleo Municipal, una herramienta clave orientada a la recuperaci\u00f3n de derechos y al fortalecimiento de la organizaci\u00f3n de los trabajadores municipales en toda la provincia de Buenos Aires.<\/p>\n\n\n\n<p>El acto concluy\u00f3 con un firme llamado a la unidad de todo el sector municipal, reafirmando el compromiso de seguir construyendo organizaci\u00f3n frente a los desaf\u00edos actuales, donde impone una reforma laborar regresiva para la clase trabajadora en todo el pa\u00eds y nuestra provincia y ciudad no est\u00e1n ajenas, tal como explic\u00f3 Doval.<\/p>\n\n\n\n<figure class=\"wp-block-image size-large is-resized\"><img loading=\"lazy\" decoding=\"async\" width=\"1024\" height=\"577\" data-attachment-id=\"193148\" data-permalink=\"https:\/\/www.hoymercedes.com.ar\/principal\/2026\/03\/14\/evangelina-artaza-asumio-al-frente-del-sindicato-de-trabajadores-municipales\/dsc07279-2\/#main\" data-orig-file=\"https:\/\/www.hoymercedes.com.ar\/principal\/wp-content\/uploads\/2026\/03\/DSC07279.jpg\" data-orig-size=\"1561,879\" data-comments-opened=\"0\" data-image-meta=\"{&quot;aperture&quot;:&quot;0&quot;,&quot;credit&quot;:&quot;&quot;,&quot;camera&quot;:&quot;&quot;,&quot;caption&quot;:&quot;&quot;,&quot;created_timestamp&quot;:&quot;0&quot;,&quot;copyright&quot;:&quot;&quot;,&quot;focal_length&quot;:&quot;0&quot;,&quot;iso&quot;:&quot;0&quot;,&quot;shutter_speed&quot;:&quot;0&quot;,&quot;title&quot;:&quot;&quot;,&quot;orientation&quot;:&quot;0&quot;}\" data-image-title=\"DSC07279\" data-image-description=\"\" data-image-caption=\"\" data-large-file=\"https:\/\/www.hoymercedes.com.ar\/principal\/wp-content\/uploads\/2026\/03\/DSC07279-1024x577.jpg\" src=\"https:\/\/www.hoymercedes.com.ar\/principal\/wp-content\/uploads\/2026\/03\/DSC07279-1024x577.jpg\" alt=\"\" class=\"wp-image-193148\" style=\"width:1064px;height:auto\" srcset=\"https:\/\/www.hoymercedes.com.ar\/principal\/wp-content\/uploads\/2026\/03\/DSC07279-1024x577.jpg 1024w, https:\/\/www.hoymercedes.com.ar\/principal\/wp-content\/uploads\/2026\/03\/DSC07279-630x355.jpg 630w, https:\/\/www.hoymercedes.com.ar\/principal\/wp-content\/uploads\/2026\/03\/DSC07279-150x84.jpg 150w, https:\/\/www.hoymercedes.com.ar\/principal\/wp-content\/uploads\/2026\/03\/DSC07279-1536x865.jpg 1536w, https:\/\/www.hoymercedes.com.ar\/principal\/wp-content\/uploads\/2026\/03\/DSC07279.jpg 1561w\" sizes=\"auto, (max-width: 1024px) 100vw, 1024px\" \/><\/figure>\n","protected":false},"excerpt":{"rendered":"<p>En un acto que congreg\u00f3 a referentes gremiales e institucionales de diversos sectores, se llev\u00f3 a cabo la ceremonia de &#8230; <a title=\"Evangelina Artaza asumi\u00f3 al frente del Sindicato de Trabajadores Municipales\" class=\"read-more\" href=\"https:\/\/www.hoymercedes.com.ar\/principal\/2026\/03\/14\/evangelina-artaza-asumio-al-frente-del-sindicato-de-trabajadores-municipales\/\" aria-label=\"Leer m\u00e1s sobre Evangelina Artaza asumi\u00f3 al frente del Sindicato de Trabajadores Municipales\">Leer m\u00e1s<\/a><\/p>\n","protected":false},"author":1,"featured_media":193145,"comment_status":"closed","ping_status":"open","sticky":false,"template":"","format":"standard","meta":{"_monsterinsights_skip_tracking":false,"_monsterinsights_sitenote_active":false,"_monsterinsights_sitenote_note":"","_monsterinsights_sitenote_category":0,"jetpack_post_was_ever_published":false,"_jetpack_newsletter_access":"","_jetpack_dont_email_post_to_subs":false,"_jetpack_newsletter_tier_id":0,"_jetpack_memberships_contains_paywalled_content":false,"_jetpack_memberships_contains_paid_content":false,"footnotes":"","jetpack_publicize_message":"","jetpack_publicize_feature_enabled":true,"jetpack_social_post_already_shared":true,"jetpack_social_options":{"image_generator_settings":{"template":"highway","default_image_id":0,"font":"","enabled":false},"version":2},"_wpas_customize_per_network":false},"categories":[10563],"tags":[21028,21029,2296],"class_list":["post-193144","post","type-post","status-publish","format-standard","has-post-thumbnail","hentry","category-gremios-sindicatos","tag-evangelina-artaza","tag-sindicato-de-trabajadores-municiales-mercedes","tag-stmm","generate-columns","tablet-grid-50","mobile-grid-100","grid-parent","grid-50"],"jetpack_publicize_connections":[],"jetpack_featured_media_url":"https:\/\/www.hoymercedes.com.ar\/principal\/wp-content\/uploads\/2026\/03\/DSC07226.jpg","wps_subtitle":"Institucionales ","jetpack_sharing_enabled":true,"_links":{"self":[{"href":"https:\/\/www.hoymercedes.com.ar\/principal\/wp-json\/wp\/v2\/posts\/193144","targetHints":{"allow":["GET"]}}],"collection":[{"href":"https:\/\/www.hoymercedes.com.ar\/principal\/wp-json\/wp\/v2\/posts"}],"about":[{"href":"https:\/\/www.hoymercedes.com.ar\/principal\/wp-json\/wp\/v2\/types\/post"}],"author":[{"embeddable":true,"href":"https:\/\/www.hoymercedes.com.ar\/principal\/wp-json\/wp\/v2\/users\/1"}],"replies":[{"embeddable":true,"href":"https:\/\/www.hoymercedes.com.ar\/principal\/wp-json\/wp\/v2\/comments?post=193144"}],"version-history":[{"count":2,"href":"https:\/\/www.hoymercedes.com.ar\/principal\/wp-json\/wp\/v2\/posts\/193144\/revisions"}],"predecessor-version":[{"id":193150,"href":"https:\/\/www.hoymercedes.com.ar\/principal\/wp-json\/wp\/v2\/posts\/193144\/revisions\/193150"}],"wp:featuredmedia":[{"embeddable":true,"href":"https:\/\/www.hoymercedes.com.ar\/principal\/wp-json\/wp\/v2\/media\/193145"}],"wp:attachment":[{"href":"https:\/\/www.hoymercedes.com.ar\/principal\/wp-json\/wp\/v2\/media?parent=193144"}],"wp:term":[{"taxonomy":"category","embeddable":true,"href":"https:\/\/www.hoymercedes.com.ar\/principal\/wp-json\/wp\/v2\/categories?post=193144"},{"taxonomy":"post_tag","embeddable":true,"href":"https:\/\/www.hoymercedes.com.ar\/principal\/wp-json\/wp\/v2\/tags?post=193144"}],"curies":[{"name":"wp","href":"https:\/\/api.w.org\/{rel}","templated":true}]}}