{"id":193159,"date":"2026-03-14T19:00:00","date_gmt":"2026-03-14T22:00:00","guid":{"rendered":"https:\/\/www.hoymercedes.com.ar\/principal\/?p=193159"},"modified":"2026-03-14T17:40:09","modified_gmt":"2026-03-14T20:40:09","slug":"el-camino-de-los-bodegones-con-gran-respuesta-en-cambalache","status":"publish","type":"post","link":"https:\/\/www.hoymercedes.com.ar\/principal\/2026\/03\/14\/el-camino-de-los-bodegones-con-gran-respuesta-en-cambalache\/","title":{"rendered":"El \u00abCamino de los Bodegones\u00bb con gran respuesta en Cambalache"},"content":{"rendered":"\n<figure class=\"wp-block-image size-large\"><img loading=\"lazy\" decoding=\"async\" width=\"1024\" height=\"564\" data-attachment-id=\"193160\" data-permalink=\"https:\/\/www.hoymercedes.com.ar\/principal\/2026\/03\/14\/el-camino-de-los-bodegones-con-gran-respuesta-en-cambalache\/c1-3\/#main\" data-orig-file=\"https:\/\/www.hoymercedes.com.ar\/principal\/wp-content\/uploads\/2026\/03\/C1.jpg\" data-orig-size=\"1562,860\" data-comments-opened=\"0\" data-image-meta=\"{&quot;aperture&quot;:&quot;0&quot;,&quot;credit&quot;:&quot;&quot;,&quot;camera&quot;:&quot;&quot;,&quot;caption&quot;:&quot;&quot;,&quot;created_timestamp&quot;:&quot;0&quot;,&quot;copyright&quot;:&quot;&quot;,&quot;focal_length&quot;:&quot;0&quot;,&quot;iso&quot;:&quot;0&quot;,&quot;shutter_speed&quot;:&quot;0&quot;,&quot;title&quot;:&quot;&quot;,&quot;orientation&quot;:&quot;0&quot;}\" data-image-title=\"El \u00abCamino de los Bodegones\u00bb con gran respuesta en Cambalache\" data-image-description=\"&lt;p&gt;El \u00abCamino de los Bodegones\u00bb con gran respuesta en Cambalache&lt;\/p&gt;\n\" data-image-caption=\"&lt;p&gt;El \u00abCamino de los Bodegones\u00bb con gran respuesta en Cambalache&lt;\/p&gt;\n\" data-large-file=\"https:\/\/www.hoymercedes.com.ar\/principal\/wp-content\/uploads\/2026\/03\/C1-1024x564.jpg\" src=\"https:\/\/www.hoymercedes.com.ar\/principal\/wp-content\/uploads\/2026\/03\/C1-1024x564.jpg\" alt=\"El &quot;Camino de los Bodegones&quot; con gran respuesta en Cambalache\" class=\"wp-image-193160\" srcset=\"https:\/\/www.hoymercedes.com.ar\/principal\/wp-content\/uploads\/2026\/03\/C1-1024x564.jpg 1024w, https:\/\/www.hoymercedes.com.ar\/principal\/wp-content\/uploads\/2026\/03\/C1-630x347.jpg 630w, https:\/\/www.hoymercedes.com.ar\/principal\/wp-content\/uploads\/2026\/03\/C1-150x83.jpg 150w, https:\/\/www.hoymercedes.com.ar\/principal\/wp-content\/uploads\/2026\/03\/C1-1536x846.jpg 1536w, https:\/\/www.hoymercedes.com.ar\/principal\/wp-content\/uploads\/2026\/03\/C1.jpg 1562w\" sizes=\"auto, (max-width: 1024px) 100vw, 1024px\" \/><\/figure>\n\n\n\n<p><strong>El ciclo cultural y gastron\u00f3mico contin\u00faa su recorrido por los establecimientos de Mercedes. La noche del viernes fue en Cambalache. La propuesta uni\u00f3 artistas y el esfuerzo entre el sector p\u00fablico y privado.<\/strong><\/p>\n\n\n\n<p>El programa local <strong>\u00abCamino de los Bodegones\u00bb<\/strong> sum\u00f3 una nueva fecha en el establecimiento <strong>Cambalache<\/strong>, registrando una importante concurrencia de p\u00fablico. La iniciativa, que busca poner en valor la identidad de los comercios tradicionales de la ciudad, se desarroll\u00f3 en un ambiente familiar y de amistad.<\/p>\n\n\n\n<p>Estuvieron sobre el escenario Elvira P\u00e9rez, Natu y Nico, Lola de Mieri, Alfredo Colussi y Ezze Toranzo, generando un clima de fiesta excelente.<\/p>\n\n\n\n<p>Esta edici\u00f3n volvi\u00f3 a poner de manifiesto la relevancia de la <strong>articulaci\u00f3n p\u00fablico-privada<\/strong>.<\/p>\n\n\n\n<p>A trav\u00e9s de la colaboraci\u00f3n entre las \u00e1reas municipales y los propietarios de los bodegones, se logra generar una agenda que dinamiza la econom\u00eda local y ofrece a los vecinos una opci\u00f3n recreativa integrada.<\/p>\n\n\n\n<figure class=\"wp-block-image size-large is-resized\"><img loading=\"lazy\" decoding=\"async\" width=\"1024\" height=\"592\" data-attachment-id=\"193161\" data-permalink=\"https:\/\/www.hoymercedes.com.ar\/principal\/2026\/03\/14\/el-camino-de-los-bodegones-con-gran-respuesta-en-cambalache\/c2-4\/#main\" data-orig-file=\"https:\/\/www.hoymercedes.com.ar\/principal\/wp-content\/uploads\/2026\/03\/C2.jpg\" data-orig-size=\"1553,898\" data-comments-opened=\"0\" data-image-meta=\"{&quot;aperture&quot;:&quot;0&quot;,&quot;credit&quot;:&quot;&quot;,&quot;camera&quot;:&quot;&quot;,&quot;caption&quot;:&quot;&quot;,&quot;created_timestamp&quot;:&quot;0&quot;,&quot;copyright&quot;:&quot;&quot;,&quot;focal_length&quot;:&quot;0&quot;,&quot;iso&quot;:&quot;0&quot;,&quot;shutter_speed&quot;:&quot;0&quot;,&quot;title&quot;:&quot;&quot;,&quot;orientation&quot;:&quot;0&quot;}\" data-image-title=\"C2\" data-image-description=\"\" data-image-caption=\"\" data-large-file=\"https:\/\/www.hoymercedes.com.ar\/principal\/wp-content\/uploads\/2026\/03\/C2-1024x592.jpg\" src=\"https:\/\/www.hoymercedes.com.ar\/principal\/wp-content\/uploads\/2026\/03\/C2-1024x592.jpg\" alt=\"El &quot;Camino de los Bodegones&quot; con gran respuesta en Cambalache\" class=\"wp-image-193161\" style=\"width:1060px;height:auto\" srcset=\"https:\/\/www.hoymercedes.com.ar\/principal\/wp-content\/uploads\/2026\/03\/C2-1024x592.jpg 1024w, https:\/\/www.hoymercedes.com.ar\/principal\/wp-content\/uploads\/2026\/03\/C2-630x364.jpg 630w, https:\/\/www.hoymercedes.com.ar\/principal\/wp-content\/uploads\/2026\/03\/C2-150x87.jpg 150w, https:\/\/www.hoymercedes.com.ar\/principal\/wp-content\/uploads\/2026\/03\/C2-1536x888.jpg 1536w, https:\/\/www.hoymercedes.com.ar\/principal\/wp-content\/uploads\/2026\/03\/C2.jpg 1553w\" sizes=\"auto, (max-width: 1024px) 100vw, 1024px\" \/><\/figure>\n","protected":false},"excerpt":{"rendered":"<p>El ciclo cultural y gastron\u00f3mico contin\u00faa su recorrido por los establecimientos de Mercedes. La noche del viernes fue en Cambalache. &#8230; <a title=\"El \u00abCamino de los Bodegones\u00bb con gran respuesta en Cambalache\" class=\"read-more\" href=\"https:\/\/www.hoymercedes.com.ar\/principal\/2026\/03\/14\/el-camino-de-los-bodegones-con-gran-respuesta-en-cambalache\/\" aria-label=\"Leer m\u00e1s sobre El \u00abCamino de los Bodegones\u00bb con gran respuesta en Cambalache\">Leer m\u00e1s<\/a><\/p>\n","protected":false},"author":1,"featured_media":193160,"comment_status":"closed","ping_status":"open","sticky":false,"template":"","format":"standard","meta":{"_monsterinsights_skip_tracking":false,"_monsterinsights_sitenote_active":false,"_monsterinsights_sitenote_note":"","_monsterinsights_sitenote_category":0,"jetpack_post_was_ever_published":false,"_jetpack_newsletter_access":"","_jetpack_dont_email_post_to_subs":false,"_jetpack_newsletter_tier_id":0,"_jetpack_memberships_contains_paywalled_content":false,"_jetpack_memberships_contains_paid_content":false,"footnotes":"","jetpack_publicize_message":"","jetpack_publicize_feature_enabled":true,"jetpack_social_post_already_shared":true,"jetpack_social_options":{"image_generator_settings":{"template":"highway","default_image_id":0,"font":"","enabled":false},"version":2},"_wpas_customize_per_network":false},"categories":[104],"tags":[12164],"class_list":["post-193159","post","type-post","status-publish","format-standard","has-post-thumbnail","hentry","category-cultura","tag-camino-de-los-bodegones","generate-columns","tablet-grid-50","mobile-grid-100","grid-parent","grid-50"],"jetpack_publicize_connections":[],"jetpack_featured_media_url":"https:\/\/www.hoymercedes.com.ar\/principal\/wp-content\/uploads\/2026\/03\/C1.jpg","wps_subtitle":"","jetpack_sharing_enabled":true,"_links":{"self":[{"href":"https:\/\/www.hoymercedes.com.ar\/principal\/wp-json\/wp\/v2\/posts\/193159","targetHints":{"allow":["GET"]}}],"collection":[{"href":"https:\/\/www.hoymercedes.com.ar\/principal\/wp-json\/wp\/v2\/posts"}],"about":[{"href":"https:\/\/www.hoymercedes.com.ar\/principal\/wp-json\/wp\/v2\/types\/post"}],"author":[{"embeddable":true,"href":"https:\/\/www.hoymercedes.com.ar\/principal\/wp-json\/wp\/v2\/users\/1"}],"replies":[{"embeddable":true,"href":"https:\/\/www.hoymercedes.com.ar\/principal\/wp-json\/wp\/v2\/comments?post=193159"}],"version-history":[{"count":1,"href":"https:\/\/www.hoymercedes.com.ar\/principal\/wp-json\/wp\/v2\/posts\/193159\/revisions"}],"predecessor-version":[{"id":193162,"href":"https:\/\/www.hoymercedes.com.ar\/principal\/wp-json\/wp\/v2\/posts\/193159\/revisions\/193162"}],"wp:featuredmedia":[{"embeddable":true,"href":"https:\/\/www.hoymercedes.com.ar\/principal\/wp-json\/wp\/v2\/media\/193160"}],"wp:attachment":[{"href":"https:\/\/www.hoymercedes.com.ar\/principal\/wp-json\/wp\/v2\/media?parent=193159"}],"wp:term":[{"taxonomy":"category","embeddable":true,"href":"https:\/\/www.hoymercedes.com.ar\/principal\/wp-json\/wp\/v2\/categories?post=193159"},{"taxonomy":"post_tag","embeddable":true,"href":"https:\/\/www.hoymercedes.com.ar\/principal\/wp-json\/wp\/v2\/tags?post=193159"}],"curies":[{"name":"wp","href":"https:\/\/api.w.org\/{rel}","templated":true}]}}