{"id":19317,"date":"2013-01-09T02:33:30","date_gmt":"2013-01-09T02:33:30","guid":{"rendered":"http:\/\/www.hoymercedes.com.ar\/principal\/?p=19317"},"modified":"2013-01-09T02:33:40","modified_gmt":"2013-01-09T02:33:40","slug":"selva-conduccion-massa-2013-a","status":"publish","type":"post","link":"https:\/\/www.hoymercedes.com.ar\/principal\/2013\/01\/09\/selva-conduccion-massa-2013-a\/","title":{"rendered":"Selva Conducci\u00f3n, Massa 2013 (+a)"},"content":{"rendered":"<figure id=\"attachment_19319\" aria-describedby=\"caption-attachment-19319\" style=\"width: 608px\" class=\"wp-caption aligncenter\"><a href=\"https:\/\/www.hoymercedes.com.ar\/principal\/wp-content\/uploads\/2013\/01\/Massa-SelvaConducci\u00f3n-I.jpg\"><img loading=\"lazy\" decoding=\"async\" data-attachment-id=\"19319\" data-permalink=\"https:\/\/www.hoymercedes.com.ar\/principal\/2013\/01\/09\/selva-conduccion-massa-2013-a\/massa-selvaconduccion-i\/#main\" data-orig-file=\"https:\/\/www.hoymercedes.com.ar\/principal\/wp-content\/uploads\/2013\/01\/Massa-SelvaConducci\u00f3n-I.jpg\" data-orig-size=\"618,464\" data-comments-opened=\"1\" data-image-meta=\"{&quot;aperture&quot;:&quot;2.6&quot;,&quot;credit&quot;:&quot;&quot;,&quot;camera&quot;:&quot;GT-B5510L&quot;,&quot;caption&quot;:&quot;&quot;,&quot;created_timestamp&quot;:&quot;1357630795&quot;,&quot;copyright&quot;:&quot;&quot;,&quot;focal_length&quot;:&quot;2.79&quot;,&quot;iso&quot;:&quot;50&quot;,&quot;shutter_speed&quot;:&quot;0.0125&quot;,&quot;title&quot;:&quot;&quot;}\" data-image-title=\"Massa-SelvaConducci\u00f3n-I\" data-image-description=\"&lt;p&gt;Carlos Selva Conducci\u00f3n, Massa 2013&lt;\/p&gt;\n\" data-image-caption=\"&lt;p&gt;Carlos Selva Conducci\u00f3n, Massa 2013&lt;\/p&gt;\n\" data-large-file=\"https:\/\/www.hoymercedes.com.ar\/principal\/wp-content\/uploads\/2013\/01\/Massa-SelvaConducci\u00f3n-I.jpg\" class=\"size-full wp-image-19319\" alt=\"Carlos Selva Conducci\u00f3n, Massa 2013\" src=\"https:\/\/www.hoymercedes.com.ar\/principal\/wp-content\/uploads\/2013\/01\/Massa-SelvaConducci\u00f3n-I.jpg\" width=\"618\" height=\"464\" \/><\/a><figcaption id=\"caption-attachment-19319\" class=\"wp-caption-text\">Carlos Selva Conducci\u00f3n, Massa 2013<\/figcaption><\/figure>\n<p><em><strong>Se lanz\u00f3\u00a0la campa\u00f1a 2013 ya en t\u00e9rminos de logos e iconograf\u00eda, pensaban muchos mercedinos que circulaban por las calles c\u00e9ntricas y se topaban con las pintadas que llevaban a pensar &#8211; fuertemente &#8211; que se trata de Massa y Selva para el 2013.<\/strong><\/em><\/p>\n<p>Lo que tanto se ha especulado parece tomar cuerpo. La campa\u00f1a 2013 tendr\u00e1\u00a0a Carlos Selva y a Sergio Massa en un mismo estandarte buscando conquistar al electorado de las pr\u00f3ximas elecciones legislativas que ser\u00e1n de suma importancia pensando en el 2015.<\/p>\n<figure id=\"attachment_19320\" aria-describedby=\"caption-attachment-19320\" style=\"width: 608px\" class=\"wp-caption aligncenter\"><a href=\"https:\/\/www.hoymercedes.com.ar\/principal\/wp-content\/uploads\/2013\/01\/Massa-SelvaConducci\u00f3n-II.jpg\"><img loading=\"lazy\" decoding=\"async\" data-attachment-id=\"19320\" data-permalink=\"https:\/\/www.hoymercedes.com.ar\/principal\/2013\/01\/09\/selva-conduccion-massa-2013-a\/massa-selvaconduccion-ii\/#main\" data-orig-file=\"https:\/\/www.hoymercedes.com.ar\/principal\/wp-content\/uploads\/2013\/01\/Massa-SelvaConducci\u00f3n-II.jpg\" data-orig-size=\"618,464\" data-comments-opened=\"1\" data-image-meta=\"{&quot;aperture&quot;:&quot;2.6&quot;,&quot;credit&quot;:&quot;&quot;,&quot;camera&quot;:&quot;GT-B5510L&quot;,&quot;caption&quot;:&quot;&quot;,&quot;created_timestamp&quot;:&quot;1357630785&quot;,&quot;copyright&quot;:&quot;&quot;,&quot;focal_length&quot;:&quot;2.79&quot;,&quot;iso&quot;:&quot;50&quot;,&quot;shutter_speed&quot;:&quot;0.011904761904762&quot;,&quot;title&quot;:&quot;&quot;}\" data-image-title=\"Massa-SelvaConducci\u00f3n-II\" data-image-description=\"&lt;p&gt;Carlos Selva Conducci\u00f3n, Massa 2013&lt;\/p&gt;\n\" data-image-caption=\"&lt;p&gt;Carlos Selva Conducci\u00f3n, Massa 2013&lt;\/p&gt;\n\" data-large-file=\"https:\/\/www.hoymercedes.com.ar\/principal\/wp-content\/uploads\/2013\/01\/Massa-SelvaConducci\u00f3n-II.jpg\" class=\"size-full wp-image-19320\" alt=\"Carlos Selva Conducci\u00f3n, Massa 2013\" src=\"https:\/\/www.hoymercedes.com.ar\/principal\/wp-content\/uploads\/2013\/01\/Massa-SelvaConducci\u00f3n-II.jpg\" width=\"618\" height=\"464\" srcset=\"https:\/\/www.hoymercedes.com.ar\/principal\/wp-content\/uploads\/2013\/01\/Massa-SelvaConducci\u00f3n-II.jpg 618w, https:\/\/www.hoymercedes.com.ar\/principal\/wp-content\/uploads\/2013\/01\/Massa-SelvaConducci\u00f3n-II-300x225.jpg 300w\" sizes=\"auto, (max-width: 618px) 100vw, 618px\" \/><\/a><figcaption id=\"caption-attachment-19320\" class=\"wp-caption-text\">Carlos Selva Conducci\u00f3n, Massa 2013<\/figcaption><\/figure>\n<p>El logo que se vio en las calles mercedinas es incluso bajo una combinaci\u00f3n de colores y s\u00edmbolos que invitan a pensar las definiciones est\u00e9ticas tambi\u00e9n est\u00e1n definidas: rojo y amarrilo, el signo m\u00e1s y una \u00aba\u00bb buscando generar un \u00abmas-a\u00bb, es decir, \u00abMassa\u00bb.<\/p>\n<p>De esta manera el oficialismo puso primera y se larg\u00f3\u00a0 en la conquista de la opini\u00f3n p\u00fablica bajo la cl\u00e1sica f\u00f3rmula: <em>\u201cselva conducci\u00f3n\u201d.<\/em><\/p>\n","protected":false},"excerpt":{"rendered":"<p>Se lanz\u00f3\u00a0la campa\u00f1a 2013 ya en t\u00e9rminos de logos e iconograf\u00eda, pensaban muchos mercedinos que circulaban por las calles c\u00e9ntricas &#8230; <a title=\"Selva Conducci\u00f3n, Massa 2013 (+a)\" class=\"read-more\" href=\"https:\/\/www.hoymercedes.com.ar\/principal\/2013\/01\/09\/selva-conduccion-massa-2013-a\/\" aria-label=\"Leer m\u00e1s sobre Selva Conducci\u00f3n, Massa 2013 (+a)\">Leer m\u00e1s<\/a><\/p>\n","protected":false},"author":1,"featured_media":0,"comment_status":"open","ping_status":"open","sticky":false,"template":"","format":"standard","meta":{"_monsterinsights_skip_tracking":false,"_monsterinsights_sitenote_active":false,"_monsterinsights_sitenote_note":"","_monsterinsights_sitenote_category":0,"jetpack_post_was_ever_published":false,"_jetpack_newsletter_access":"","_jetpack_dont_email_post_to_subs":false,"_jetpack_newsletter_tier_id":0,"_jetpack_memberships_contains_paywalled_content":false,"_jetpack_memberships_contains_paid_content":false,"footnotes":"","jetpack_publicize_message":"","jetpack_publicize_feature_enabled":true,"jetpack_social_post_already_shared":false,"jetpack_social_options":{"image_generator_settings":{"template":"highway","default_image_id":0,"font":"","enabled":false},"version":2},"_wpas_customize_per_network":false},"categories":[5],"tags":[39,2684],"class_list":["post-19317","post","type-post","status-publish","format-standard","hentry","category-politica","tag-carlos-selva","tag-sergio-massa","generate-columns","tablet-grid-50","mobile-grid-100","grid-parent","grid-50"],"jetpack_publicize_connections":[],"jetpack_featured_media_url":"","wps_subtitle":"","jetpack_sharing_enabled":true,"_links":{"self":[{"href":"https:\/\/www.hoymercedes.com.ar\/principal\/wp-json\/wp\/v2\/posts\/19317","targetHints":{"allow":["GET"]}}],"collection":[{"href":"https:\/\/www.hoymercedes.com.ar\/principal\/wp-json\/wp\/v2\/posts"}],"about":[{"href":"https:\/\/www.hoymercedes.com.ar\/principal\/wp-json\/wp\/v2\/types\/post"}],"author":[{"embeddable":true,"href":"https:\/\/www.hoymercedes.com.ar\/principal\/wp-json\/wp\/v2\/users\/1"}],"replies":[{"embeddable":true,"href":"https:\/\/www.hoymercedes.com.ar\/principal\/wp-json\/wp\/v2\/comments?post=19317"}],"version-history":[{"count":0,"href":"https:\/\/www.hoymercedes.com.ar\/principal\/wp-json\/wp\/v2\/posts\/19317\/revisions"}],"wp:attachment":[{"href":"https:\/\/www.hoymercedes.com.ar\/principal\/wp-json\/wp\/v2\/media?parent=19317"}],"wp:term":[{"taxonomy":"category","embeddable":true,"href":"https:\/\/www.hoymercedes.com.ar\/principal\/wp-json\/wp\/v2\/categories?post=19317"},{"taxonomy":"post_tag","embeddable":true,"href":"https:\/\/www.hoymercedes.com.ar\/principal\/wp-json\/wp\/v2\/tags?post=19317"}],"curies":[{"name":"wp","href":"https:\/\/api.w.org\/{rel}","templated":true}]}}