{"id":193170,"date":"2026-03-15T12:45:30","date_gmt":"2026-03-15T15:45:30","guid":{"rendered":"https:\/\/www.hoymercedes.com.ar\/principal\/?p=193170"},"modified":"2026-03-15T12:45:33","modified_gmt":"2026-03-15T15:45:33","slug":"anuncian-alerta-amarillo-por-tormentas-para-este-lunes-16-de-marzo","status":"publish","type":"post","link":"https:\/\/www.hoymercedes.com.ar\/principal\/2026\/03\/15\/anuncian-alerta-amarillo-por-tormentas-para-este-lunes-16-de-marzo\/","title":{"rendered":"Anuncian alerta amarillo por tormentas para este lunes 16 de marzo"},"content":{"rendered":"\n<p>Se espera que durante gran parte de la jornada del lunes una masa de aire c\u00e1lido y h\u00famedo favorezca condiciones de inestabilidad en gran parte de la provincia junto a un nuevo frente fr\u00edo que se desplaza desde el sudoeste al noreste. <\/p>\n\n\n\n<figure class=\"wp-block-image size-full\"><img loading=\"lazy\" decoding=\"async\" width=\"500\" height=\"281\" data-attachment-id=\"193171\" data-permalink=\"https:\/\/www.hoymercedes.com.ar\/principal\/2026\/03\/15\/anuncian-alerta-amarillo-por-tormentas-para-este-lunes-16-de-marzo\/image-325\/#main\" data-orig-file=\"https:\/\/www.hoymercedes.com.ar\/principal\/wp-content\/uploads\/2026\/03\/image-54.png\" data-orig-size=\"500,281\" data-comments-opened=\"0\" data-image-meta=\"{&quot;aperture&quot;:&quot;0&quot;,&quot;credit&quot;:&quot;&quot;,&quot;camera&quot;:&quot;&quot;,&quot;caption&quot;:&quot;&quot;,&quot;created_timestamp&quot;:&quot;0&quot;,&quot;copyright&quot;:&quot;&quot;,&quot;focal_length&quot;:&quot;0&quot;,&quot;iso&quot;:&quot;0&quot;,&quot;shutter_speed&quot;:&quot;0&quot;,&quot;title&quot;:&quot;&quot;,&quot;orientation&quot;:&quot;0&quot;}\" data-image-title=\"image\" data-image-description=\"\" data-image-caption=\"\" data-large-file=\"https:\/\/www.hoymercedes.com.ar\/principal\/wp-content\/uploads\/2026\/03\/image-54.png\" src=\"https:\/\/www.hoymercedes.com.ar\/principal\/wp-content\/uploads\/2026\/03\/image-54.png\" alt=\"\" class=\"wp-image-193171\" srcset=\"https:\/\/www.hoymercedes.com.ar\/principal\/wp-content\/uploads\/2026\/03\/image-54.png 500w, https:\/\/www.hoymercedes.com.ar\/principal\/wp-content\/uploads\/2026\/03\/image-54-150x84.png 150w\" sizes=\"auto, (max-width: 500px) 100vw, 500px\" \/><\/figure>\n\n\n\n<p>En este contexto, a medida que el frente fr\u00edo avance podr\u00e1n desarrollarse lluvias y tormentas, algunas localmente fuertes, con acumulados que podr\u00edan ubicarse en general entre 25 y 60 mm. <\/p>\n\n\n\n<p>Adem\u00e1s, estas tormentas pueden estar acompa\u00f1adas de lluvias abundantes en cortos per\u00edodos, actividad el\u00e9ctrica frecuente, ocasional ca\u00edda de granizo y r\u00e1fagas que pueden superar los 70 km\/h.<\/p>\n","protected":false},"excerpt":{"rendered":"<p>Se espera que durante gran parte de la jornada del lunes una masa de aire c\u00e1lido y h\u00famedo favorezca condiciones &#8230; <a title=\"Anuncian alerta amarillo por tormentas para este lunes 16 de marzo\" class=\"read-more\" href=\"https:\/\/www.hoymercedes.com.ar\/principal\/2026\/03\/15\/anuncian-alerta-amarillo-por-tormentas-para-este-lunes-16-de-marzo\/\" aria-label=\"Leer m\u00e1s sobre Anuncian alerta amarillo por tormentas para este lunes 16 de marzo\">Leer m\u00e1s<\/a><\/p>\n","protected":false},"author":1,"featured_media":193171,"comment_status":"closed","ping_status":"open","sticky":false,"template":"","format":"standard","meta":{"_monsterinsights_skip_tracking":false,"_monsterinsights_sitenote_active":false,"_monsterinsights_sitenote_note":"","_monsterinsights_sitenote_category":0,"jetpack_post_was_ever_published":false,"_jetpack_newsletter_access":"","_jetpack_dont_email_post_to_subs":false,"_jetpack_newsletter_tier_id":0,"_jetpack_memberships_contains_paywalled_content":false,"_jetpack_memberships_contains_paid_content":false,"footnotes":"","jetpack_publicize_message":"","jetpack_publicize_feature_enabled":true,"jetpack_social_post_already_shared":true,"jetpack_social_options":{"image_generator_settings":{"template":"highway","default_image_id":0,"font":"","enabled":false},"version":2},"_wpas_customize_per_network":false},"categories":[8],"tags":[],"class_list":["post-193170","post","type-post","status-publish","format-standard","has-post-thumbnail","hentry","category-sociedad","generate-columns","tablet-grid-50","mobile-grid-100","grid-parent","grid-50"],"jetpack_publicize_connections":[],"jetpack_featured_media_url":"https:\/\/www.hoymercedes.com.ar\/principal\/wp-content\/uploads\/2026\/03\/image-54.png","wps_subtitle":"","jetpack_sharing_enabled":true,"_links":{"self":[{"href":"https:\/\/www.hoymercedes.com.ar\/principal\/wp-json\/wp\/v2\/posts\/193170","targetHints":{"allow":["GET"]}}],"collection":[{"href":"https:\/\/www.hoymercedes.com.ar\/principal\/wp-json\/wp\/v2\/posts"}],"about":[{"href":"https:\/\/www.hoymercedes.com.ar\/principal\/wp-json\/wp\/v2\/types\/post"}],"author":[{"embeddable":true,"href":"https:\/\/www.hoymercedes.com.ar\/principal\/wp-json\/wp\/v2\/users\/1"}],"replies":[{"embeddable":true,"href":"https:\/\/www.hoymercedes.com.ar\/principal\/wp-json\/wp\/v2\/comments?post=193170"}],"version-history":[{"count":1,"href":"https:\/\/www.hoymercedes.com.ar\/principal\/wp-json\/wp\/v2\/posts\/193170\/revisions"}],"predecessor-version":[{"id":193172,"href":"https:\/\/www.hoymercedes.com.ar\/principal\/wp-json\/wp\/v2\/posts\/193170\/revisions\/193172"}],"wp:featuredmedia":[{"embeddable":true,"href":"https:\/\/www.hoymercedes.com.ar\/principal\/wp-json\/wp\/v2\/media\/193171"}],"wp:attachment":[{"href":"https:\/\/www.hoymercedes.com.ar\/principal\/wp-json\/wp\/v2\/media?parent=193170"}],"wp:term":[{"taxonomy":"category","embeddable":true,"href":"https:\/\/www.hoymercedes.com.ar\/principal\/wp-json\/wp\/v2\/categories?post=193170"},{"taxonomy":"post_tag","embeddable":true,"href":"https:\/\/www.hoymercedes.com.ar\/principal\/wp-json\/wp\/v2\/tags?post=193170"}],"curies":[{"name":"wp","href":"https:\/\/api.w.org\/{rel}","templated":true}]}}