{"id":193173,"date":"2026-03-15T13:37:44","date_gmt":"2026-03-15T16:37:44","guid":{"rendered":"https:\/\/www.hoymercedes.com.ar\/principal\/?p=193173"},"modified":"2026-03-15T13:37:48","modified_gmt":"2026-03-15T16:37:48","slug":"abrieron-la-inscripcion-para-el-boleto-estudiantil-bonaerense-en-todos-los-niveles","status":"publish","type":"post","link":"https:\/\/www.hoymercedes.com.ar\/principal\/2026\/03\/15\/abrieron-la-inscripcion-para-el-boleto-estudiantil-bonaerense-en-todos-los-niveles\/","title":{"rendered":"Abrieron la inscripci\u00f3n para el Boleto Estudiantil Bonaerense en todos los niveles"},"content":{"rendered":"\n<p>Ya se encuentra abierta la <strong>inscripci\u00f3n al Boleto Estudiantil Bonaerense para el ciclo lectivo 2026<\/strong>, un beneficio que permite a estudiantes viajar de forma gratuita en el transporte p\u00fablico durante el a\u00f1o escolar.<\/p>\n\n\n\n<figure class=\"wp-block-image size-full\"><img loading=\"lazy\" decoding=\"async\" width=\"760\" height=\"426\" data-attachment-id=\"193174\" data-permalink=\"https:\/\/www.hoymercedes.com.ar\/principal\/2026\/03\/15\/abrieron-la-inscripcion-para-el-boleto-estudiantil-bonaerense-en-todos-los-niveles\/image-326\/#main\" data-orig-file=\"https:\/\/www.hoymercedes.com.ar\/principal\/wp-content\/uploads\/2026\/03\/image-55.png\" data-orig-size=\"760,426\" data-comments-opened=\"0\" data-image-meta=\"{&quot;aperture&quot;:&quot;0&quot;,&quot;credit&quot;:&quot;&quot;,&quot;camera&quot;:&quot;&quot;,&quot;caption&quot;:&quot;&quot;,&quot;created_timestamp&quot;:&quot;0&quot;,&quot;copyright&quot;:&quot;&quot;,&quot;focal_length&quot;:&quot;0&quot;,&quot;iso&quot;:&quot;0&quot;,&quot;shutter_speed&quot;:&quot;0&quot;,&quot;title&quot;:&quot;&quot;,&quot;orientation&quot;:&quot;0&quot;}\" data-image-title=\"image\" data-image-description=\"\" data-image-caption=\"\" data-large-file=\"https:\/\/www.hoymercedes.com.ar\/principal\/wp-content\/uploads\/2026\/03\/image-55.png\" src=\"https:\/\/www.hoymercedes.com.ar\/principal\/wp-content\/uploads\/2026\/03\/image-55.png\" alt=\"\" class=\"wp-image-193174\" srcset=\"https:\/\/www.hoymercedes.com.ar\/principal\/wp-content\/uploads\/2026\/03\/image-55.png 760w, https:\/\/www.hoymercedes.com.ar\/principal\/wp-content\/uploads\/2026\/03\/image-55-630x353.png 630w, https:\/\/www.hoymercedes.com.ar\/principal\/wp-content\/uploads\/2026\/03\/image-55-150x84.png 150w\" sizes=\"auto, (max-width: 760px) 100vw, 760px\" \/><\/figure>\n\n\n\n<p>El programa alcanza a <strong>alumnos de nivel inicial, primario, secundario, terciario y universitario<\/strong>, siempre que cumplan con los requisitos establecidos por la normativa provincial. En el caso de los niveles inicial, primario y secundario, la inscripci\u00f3n se encuentra habilitada <strong>desde el 18 de febrero<\/strong>, mientras que para <strong>terciarios y universitarios el tr\u00e1mite se abri\u00f3 el 9 de marzo<\/strong>.<\/p>\n\n\n\n<p>El beneficio funciona a trav\u00e9s de la <strong>tarjeta SUBE del estudiante<\/strong> y permite realizar <strong>hasta 50 viajes mensuales gratuitos en colectivo durante el ciclo lectivo<\/strong>, con un l\u00edmite de <strong>cuatro pasajes por d\u00eda de lunes a viernes<\/strong>, dentro del horario escolar.<\/p>\n\n\n\n<p>Para acceder por primera vez es necesario <strong>tener la SUBE registrada a nombre del alumno, completar el formulario de inscripci\u00f3n en el portal oficial de la Provincia y activar el beneficio en una terminal autom\u00e1tica SUBE<\/strong>. En tanto, quienes ya lo ten\u00edan en a\u00f1os anteriores solo deben <strong>renovar el beneficio apoyando la tarjeta en una terminal autom\u00e1tica<\/strong>.<\/p>\n\n\n\n<p>El boleto estudiantil es una pol\u00edtica p\u00fablica impulsada por la <strong>Ley provincial 14.735<\/strong>, que busca <strong>facilitar el acceso a la educaci\u00f3n y reducir los costos de transporte para las familias bonaerenses<\/strong>.<\/p>\n","protected":false},"excerpt":{"rendered":"<p>Ya se encuentra abierta la inscripci\u00f3n al Boleto Estudiantil Bonaerense para el ciclo lectivo 2026, un beneficio que permite a &#8230; <a title=\"Abrieron la inscripci\u00f3n para el Boleto Estudiantil Bonaerense en todos los niveles\" class=\"read-more\" href=\"https:\/\/www.hoymercedes.com.ar\/principal\/2026\/03\/15\/abrieron-la-inscripcion-para-el-boleto-estudiantil-bonaerense-en-todos-los-niveles\/\" aria-label=\"Leer m\u00e1s sobre Abrieron la inscripci\u00f3n para el Boleto Estudiantil Bonaerense en todos los niveles\">Leer m\u00e1s<\/a><\/p>\n","protected":false},"author":1,"featured_media":193174,"comment_status":"closed","ping_status":"open","sticky":false,"template":"","format":"standard","meta":{"_monsterinsights_skip_tracking":false,"_monsterinsights_sitenote_active":false,"_monsterinsights_sitenote_note":"","_monsterinsights_sitenote_category":0,"jetpack_post_was_ever_published":false,"_jetpack_newsletter_access":"","_jetpack_dont_email_post_to_subs":false,"_jetpack_newsletter_tier_id":0,"_jetpack_memberships_contains_paywalled_content":false,"_jetpack_memberships_contains_paid_content":false,"footnotes":"","jetpack_publicize_message":"","jetpack_publicize_feature_enabled":true,"jetpack_social_post_already_shared":true,"jetpack_social_options":{"image_generator_settings":{"template":"highway","default_image_id":0,"font":"","enabled":false},"version":2},"_wpas_customize_per_network":false},"categories":[8],"tags":[],"class_list":["post-193173","post","type-post","status-publish","format-standard","has-post-thumbnail","hentry","category-sociedad","generate-columns","tablet-grid-50","mobile-grid-100","grid-parent","grid-50"],"jetpack_publicize_connections":[],"jetpack_featured_media_url":"https:\/\/www.hoymercedes.com.ar\/principal\/wp-content\/uploads\/2026\/03\/image-55.png","wps_subtitle":"","jetpack_sharing_enabled":true,"_links":{"self":[{"href":"https:\/\/www.hoymercedes.com.ar\/principal\/wp-json\/wp\/v2\/posts\/193173","targetHints":{"allow":["GET"]}}],"collection":[{"href":"https:\/\/www.hoymercedes.com.ar\/principal\/wp-json\/wp\/v2\/posts"}],"about":[{"href":"https:\/\/www.hoymercedes.com.ar\/principal\/wp-json\/wp\/v2\/types\/post"}],"author":[{"embeddable":true,"href":"https:\/\/www.hoymercedes.com.ar\/principal\/wp-json\/wp\/v2\/users\/1"}],"replies":[{"embeddable":true,"href":"https:\/\/www.hoymercedes.com.ar\/principal\/wp-json\/wp\/v2\/comments?post=193173"}],"version-history":[{"count":1,"href":"https:\/\/www.hoymercedes.com.ar\/principal\/wp-json\/wp\/v2\/posts\/193173\/revisions"}],"predecessor-version":[{"id":193175,"href":"https:\/\/www.hoymercedes.com.ar\/principal\/wp-json\/wp\/v2\/posts\/193173\/revisions\/193175"}],"wp:featuredmedia":[{"embeddable":true,"href":"https:\/\/www.hoymercedes.com.ar\/principal\/wp-json\/wp\/v2\/media\/193174"}],"wp:attachment":[{"href":"https:\/\/www.hoymercedes.com.ar\/principal\/wp-json\/wp\/v2\/media?parent=193173"}],"wp:term":[{"taxonomy":"category","embeddable":true,"href":"https:\/\/www.hoymercedes.com.ar\/principal\/wp-json\/wp\/v2\/categories?post=193173"},{"taxonomy":"post_tag","embeddable":true,"href":"https:\/\/www.hoymercedes.com.ar\/principal\/wp-json\/wp\/v2\/tags?post=193173"}],"curies":[{"name":"wp","href":"https:\/\/api.w.org\/{rel}","templated":true}]}}