{"id":193191,"date":"2026-03-15T19:46:19","date_gmt":"2026-03-15T22:46:19","guid":{"rendered":"https:\/\/www.hoymercedes.com.ar\/principal\/?p=193191"},"modified":"2026-03-15T20:26:02","modified_gmt":"2026-03-15T23:26:02","slug":"san-patricio-tuvo-su-gran-noche-en-la-trocha","status":"publish","type":"post","link":"https:\/\/www.hoymercedes.com.ar\/principal\/2026\/03\/15\/san-patricio-tuvo-su-gran-noche-en-la-trocha\/","title":{"rendered":"San Patricio tuvo su gran noche en La Trocha"},"content":{"rendered":"\n<figure class=\"wp-block-image size-large\"><img loading=\"lazy\" decoding=\"async\" width=\"1024\" height=\"682\" data-attachment-id=\"193192\" data-permalink=\"https:\/\/www.hoymercedes.com.ar\/principal\/2026\/03\/15\/san-patricio-tuvo-su-gran-noche-en-la-trocha\/cerveceros-1-2\/#main\" data-orig-file=\"https:\/\/www.hoymercedes.com.ar\/principal\/wp-content\/uploads\/2026\/03\/Cerveceros.1.jpg\" data-orig-size=\"1319,879\" data-comments-opened=\"0\" data-image-meta=\"{&quot;aperture&quot;:&quot;0&quot;,&quot;credit&quot;:&quot;&quot;,&quot;camera&quot;:&quot;&quot;,&quot;caption&quot;:&quot;&quot;,&quot;created_timestamp&quot;:&quot;0&quot;,&quot;copyright&quot;:&quot;&quot;,&quot;focal_length&quot;:&quot;0&quot;,&quot;iso&quot;:&quot;0&quot;,&quot;shutter_speed&quot;:&quot;0&quot;,&quot;title&quot;:&quot;&quot;,&quot;orientation&quot;:&quot;0&quot;}\" data-image-title=\"San Patricio tuvo su gran noche en La Trocha\" data-image-description=\"&lt;p&gt;San Patricio tuvo su gran noche en La Trocha&lt;\/p&gt;\n\" data-image-caption=\"&lt;p&gt;San Patricio tuvo su gran noche en La Trocha&lt;\/p&gt;\n\" data-large-file=\"https:\/\/www.hoymercedes.com.ar\/principal\/wp-content\/uploads\/2026\/03\/Cerveceros.1-1024x682.jpg\" src=\"https:\/\/www.hoymercedes.com.ar\/principal\/wp-content\/uploads\/2026\/03\/Cerveceros.1-1024x682.jpg\" alt=\"\" class=\"wp-image-193192\" srcset=\"https:\/\/www.hoymercedes.com.ar\/principal\/wp-content\/uploads\/2026\/03\/Cerveceros.1-1024x682.jpg 1024w, https:\/\/www.hoymercedes.com.ar\/principal\/wp-content\/uploads\/2026\/03\/Cerveceros.1-630x420.jpg 630w, https:\/\/www.hoymercedes.com.ar\/principal\/wp-content\/uploads\/2026\/03\/Cerveceros.1-150x100.jpg 150w, https:\/\/www.hoymercedes.com.ar\/principal\/wp-content\/uploads\/2026\/03\/Cerveceros.1.jpg 1319w\" sizes=\"auto, (max-width: 1024px) 100vw, 1024px\" \/><\/figure>\n\n\n\n<p>Con un proceso autogestivo por parte de los productores de cerveza de nuestra ciudad, y con el acompa\u00f1amiento de la Municipalidad, se vivi\u00f3 una gran noche de s\u00e1bado en la <strong>\u201cFiesta de San Patricio\u201d.<\/strong> El evento cont\u00f3 con m\u00fasica en vivo, gastronom\u00eda y la mejor cerveza artesanal elaborada localmente.<\/p>\n\n\n\n<p><strong>Unidad<\/strong><\/p>\n\n\n\n<p>La actividad cont\u00f3 con un rol fundamental de la Comisi\u00f3n de Cerveceros de Mercedes, el grupo que re\u00fane a las y los productores artesanales que impulsaron la propuesta. El apoyo municipal se manifest\u00f3 a trav\u00e9s de \u00e1reas como Cultura, Turismo y Servicios P\u00fablicos, con el objetivo compartido de fomentar el trabajo, la cultura y el encuentro mercedino.<\/p>\n\n\n\n<figure class=\"wp-block-image size-large\"><img loading=\"lazy\" decoding=\"async\" width=\"1024\" height=\"682\" data-attachment-id=\"193193\" data-permalink=\"https:\/\/www.hoymercedes.com.ar\/principal\/2026\/03\/15\/san-patricio-tuvo-su-gran-noche-en-la-trocha\/dsc07335\/#main\" data-orig-file=\"https:\/\/www.hoymercedes.com.ar\/principal\/wp-content\/uploads\/2026\/03\/DSC07335.jpg\" data-orig-size=\"1319,879\" data-comments-opened=\"0\" data-image-meta=\"{&quot;aperture&quot;:&quot;0&quot;,&quot;credit&quot;:&quot;&quot;,&quot;camera&quot;:&quot;&quot;,&quot;caption&quot;:&quot;&quot;,&quot;created_timestamp&quot;:&quot;0&quot;,&quot;copyright&quot;:&quot;&quot;,&quot;focal_length&quot;:&quot;0&quot;,&quot;iso&quot;:&quot;0&quot;,&quot;shutter_speed&quot;:&quot;0&quot;,&quot;title&quot;:&quot;&quot;,&quot;orientation&quot;:&quot;0&quot;}\" data-image-title=\"DSC07335\" data-image-description=\"\" data-image-caption=\"\" data-large-file=\"https:\/\/www.hoymercedes.com.ar\/principal\/wp-content\/uploads\/2026\/03\/DSC07335-1024x682.jpg\" src=\"https:\/\/www.hoymercedes.com.ar\/principal\/wp-content\/uploads\/2026\/03\/DSC07335-1024x682.jpg\" alt=\"\" class=\"wp-image-193193\" srcset=\"https:\/\/www.hoymercedes.com.ar\/principal\/wp-content\/uploads\/2026\/03\/DSC07335-1024x682.jpg 1024w, https:\/\/www.hoymercedes.com.ar\/principal\/wp-content\/uploads\/2026\/03\/DSC07335-630x420.jpg 630w, https:\/\/www.hoymercedes.com.ar\/principal\/wp-content\/uploads\/2026\/03\/DSC07335-150x100.jpg 150w, https:\/\/www.hoymercedes.com.ar\/principal\/wp-content\/uploads\/2026\/03\/DSC07335.jpg 1319w\" sizes=\"auto, (max-width: 1024px) 100vw, 1024px\" \/><\/figure>\n\n\n\n<p><strong>Fiesta<\/strong><\/p>\n\n\n\n<p>La jornada del s\u00e1bado fue una verdadera celebraci\u00f3n. De menor a mayor, el p\u00fablico dijo presente para disfrutar de una noche de alegr\u00eda en el hermoso predio de La Trocha. El escenario vibr\u00f3 con las presentaciones en vivo de Stoner, Los Pocasoda, Mil Karas y Dj Figueredo.<\/p>\n\n\n\n<p><strong>Articulaci\u00f3n<\/strong><\/p>\n\n\n\n<p>\u201cEstamos muy felices por este encuentro, por aunar esfuerzos entre el sector p\u00fablico y privado pensando en el trabajo, el arte, la cultura y la producci\u00f3n local\u201d, destac\u00f3 el intendente <strong>Juani Ustarroz<\/strong>. A su vez, remarc\u00f3: \u201cQueremos agradecer a todos los que participaron y vinieron a dar su apoyo a esta propuesta\u201d.<\/p>\n\n\n\n<figure class=\"wp-block-image size-large\"><img loading=\"lazy\" decoding=\"async\" width=\"1024\" height=\"682\" data-attachment-id=\"193194\" data-permalink=\"https:\/\/www.hoymercedes.com.ar\/principal\/2026\/03\/15\/san-patricio-tuvo-su-gran-noche-en-la-trocha\/dsc07367\/#main\" data-orig-file=\"https:\/\/www.hoymercedes.com.ar\/principal\/wp-content\/uploads\/2026\/03\/DSC07367.jpg\" data-orig-size=\"1319,879\" data-comments-opened=\"0\" data-image-meta=\"{&quot;aperture&quot;:&quot;0&quot;,&quot;credit&quot;:&quot;&quot;,&quot;camera&quot;:&quot;&quot;,&quot;caption&quot;:&quot;&quot;,&quot;created_timestamp&quot;:&quot;0&quot;,&quot;copyright&quot;:&quot;&quot;,&quot;focal_length&quot;:&quot;0&quot;,&quot;iso&quot;:&quot;0&quot;,&quot;shutter_speed&quot;:&quot;0&quot;,&quot;title&quot;:&quot;&quot;,&quot;orientation&quot;:&quot;0&quot;}\" data-image-title=\"DSC07367\" data-image-description=\"\" data-image-caption=\"\" data-large-file=\"https:\/\/www.hoymercedes.com.ar\/principal\/wp-content\/uploads\/2026\/03\/DSC07367-1024x682.jpg\" src=\"https:\/\/www.hoymercedes.com.ar\/principal\/wp-content\/uploads\/2026\/03\/DSC07367-1024x682.jpg\" alt=\"\" class=\"wp-image-193194\" srcset=\"https:\/\/www.hoymercedes.com.ar\/principal\/wp-content\/uploads\/2026\/03\/DSC07367-1024x682.jpg 1024w, https:\/\/www.hoymercedes.com.ar\/principal\/wp-content\/uploads\/2026\/03\/DSC07367-630x420.jpg 630w, https:\/\/www.hoymercedes.com.ar\/principal\/wp-content\/uploads\/2026\/03\/DSC07367-150x100.jpg 150w, https:\/\/www.hoymercedes.com.ar\/principal\/wp-content\/uploads\/2026\/03\/DSC07367.jpg 1319w\" sizes=\"auto, (max-width: 1024px) 100vw, 1024px\" \/><\/figure>\n","protected":false},"excerpt":{"rendered":"<p>Con un proceso autogestivo por parte de los productores de cerveza de nuestra ciudad, y con el acompa\u00f1amiento de la &#8230; <a title=\"San Patricio tuvo su gran noche en La Trocha\" class=\"read-more\" href=\"https:\/\/www.hoymercedes.com.ar\/principal\/2026\/03\/15\/san-patricio-tuvo-su-gran-noche-en-la-trocha\/\" aria-label=\"Leer m\u00e1s sobre San Patricio tuvo su gran noche en La Trocha\">Leer m\u00e1s<\/a><\/p>\n","protected":false},"author":1,"featured_media":193192,"comment_status":"closed","ping_status":"open","sticky":false,"template":"","format":"standard","meta":{"_monsterinsights_skip_tracking":false,"_monsterinsights_sitenote_active":false,"_monsterinsights_sitenote_note":"","_monsterinsights_sitenote_category":0,"jetpack_post_was_ever_published":false,"_jetpack_newsletter_access":"","_jetpack_dont_email_post_to_subs":false,"_jetpack_newsletter_tier_id":0,"_jetpack_memberships_contains_paywalled_content":false,"_jetpack_memberships_contains_paid_content":false,"footnotes":"","jetpack_publicize_message":"","jetpack_publicize_feature_enabled":true,"jetpack_social_post_already_shared":true,"jetpack_social_options":{"image_generator_settings":{"template":"highway","default_image_id":0,"font":"","enabled":false},"version":2},"_wpas_customize_per_network":false},"categories":[8],"tags":[13832,18475,19298,3959,10,1424],"class_list":["post-193191","post","type-post","status-publish","format-standard","has-post-thumbnail","hentry","category-sociedad","tag-cerveceros-mercedinos","tag-fiesta-de-la-cerveza-mercedes","tag-fiesta-de-san-patricio","tag-la-trocha","tag-mercedes","tag-san-patricio","generate-columns","tablet-grid-50","mobile-grid-100","grid-parent","grid-50"],"jetpack_publicize_connections":[],"jetpack_featured_media_url":"https:\/\/www.hoymercedes.com.ar\/principal\/wp-content\/uploads\/2026\/03\/Cerveceros.1.jpg","wps_subtitle":"","jetpack_sharing_enabled":true,"_links":{"self":[{"href":"https:\/\/www.hoymercedes.com.ar\/principal\/wp-json\/wp\/v2\/posts\/193191","targetHints":{"allow":["GET"]}}],"collection":[{"href":"https:\/\/www.hoymercedes.com.ar\/principal\/wp-json\/wp\/v2\/posts"}],"about":[{"href":"https:\/\/www.hoymercedes.com.ar\/principal\/wp-json\/wp\/v2\/types\/post"}],"author":[{"embeddable":true,"href":"https:\/\/www.hoymercedes.com.ar\/principal\/wp-json\/wp\/v2\/users\/1"}],"replies":[{"embeddable":true,"href":"https:\/\/www.hoymercedes.com.ar\/principal\/wp-json\/wp\/v2\/comments?post=193191"}],"version-history":[{"count":1,"href":"https:\/\/www.hoymercedes.com.ar\/principal\/wp-json\/wp\/v2\/posts\/193191\/revisions"}],"predecessor-version":[{"id":193195,"href":"https:\/\/www.hoymercedes.com.ar\/principal\/wp-json\/wp\/v2\/posts\/193191\/revisions\/193195"}],"wp:featuredmedia":[{"embeddable":true,"href":"https:\/\/www.hoymercedes.com.ar\/principal\/wp-json\/wp\/v2\/media\/193192"}],"wp:attachment":[{"href":"https:\/\/www.hoymercedes.com.ar\/principal\/wp-json\/wp\/v2\/media?parent=193191"}],"wp:term":[{"taxonomy":"category","embeddable":true,"href":"https:\/\/www.hoymercedes.com.ar\/principal\/wp-json\/wp\/v2\/categories?post=193191"},{"taxonomy":"post_tag","embeddable":true,"href":"https:\/\/www.hoymercedes.com.ar\/principal\/wp-json\/wp\/v2\/tags?post=193191"}],"curies":[{"name":"wp","href":"https:\/\/api.w.org\/{rel}","templated":true}]}}