{"id":193223,"date":"2026-03-17T09:27:00","date_gmt":"2026-03-17T12:27:00","guid":{"rendered":"https:\/\/www.hoymercedes.com.ar\/principal\/?p=193223"},"modified":"2026-03-16T19:47:51","modified_gmt":"2026-03-16T22:47:51","slug":"capacitacion-sobre-preservacion-de-evidencia-y-procedimiento-penal","status":"publish","type":"post","link":"https:\/\/www.hoymercedes.com.ar\/principal\/2026\/03\/17\/capacitacion-sobre-preservacion-de-evidencia-y-procedimiento-penal\/","title":{"rendered":"Capacitaci\u00f3n sobre preservaci\u00f3n de evidencia y procedimiento penal"},"content":{"rendered":"\n<figure class=\"wp-block-image size-large is-resized\"><img loading=\"lazy\" decoding=\"async\" width=\"1024\" height=\"577\" data-attachment-id=\"193224\" data-permalink=\"https:\/\/www.hoymercedes.com.ar\/principal\/2026\/03\/17\/capacitacion-sobre-preservacion-de-evidencia-y-procedimiento-penal\/reunion-capacitacion-ii\/#main\" data-orig-file=\"https:\/\/www.hoymercedes.com.ar\/principal\/wp-content\/uploads\/2026\/03\/Reunion-Capacitacion-II.jpeg\" data-orig-size=\"1561,879\" data-comments-opened=\"0\" data-image-meta=\"{&quot;aperture&quot;:&quot;0&quot;,&quot;credit&quot;:&quot;&quot;,&quot;camera&quot;:&quot;&quot;,&quot;caption&quot;:&quot;&quot;,&quot;created_timestamp&quot;:&quot;0&quot;,&quot;copyright&quot;:&quot;&quot;,&quot;focal_length&quot;:&quot;0&quot;,&quot;iso&quot;:&quot;0&quot;,&quot;shutter_speed&quot;:&quot;0&quot;,&quot;title&quot;:&quot;&quot;,&quot;orientation&quot;:&quot;0&quot;}\" data-image-title=\"Reunion-Capacitacion-II\" data-image-description=\"&lt;p&gt;Capacitaci\u00f3n sobre preservaci\u00f3n de evidencia y procedimiento penal&lt;\/p&gt;\n\" data-image-caption=\"&lt;p&gt;Capacitaci\u00f3n sobre preservaci\u00f3n de evidencia y procedimiento penal&lt;\/p&gt;\n\" data-large-file=\"https:\/\/www.hoymercedes.com.ar\/principal\/wp-content\/uploads\/2026\/03\/Reunion-Capacitacion-II-1024x577.jpeg\" src=\"https:\/\/www.hoymercedes.com.ar\/principal\/wp-content\/uploads\/2026\/03\/Reunion-Capacitacion-II-1024x577.jpeg\" alt=\"\" class=\"wp-image-193224\" style=\"width:1058px;height:auto\" srcset=\"https:\/\/www.hoymercedes.com.ar\/principal\/wp-content\/uploads\/2026\/03\/Reunion-Capacitacion-II-1024x577.jpeg 1024w, https:\/\/www.hoymercedes.com.ar\/principal\/wp-content\/uploads\/2026\/03\/Reunion-Capacitacion-II-630x355.jpeg 630w, https:\/\/www.hoymercedes.com.ar\/principal\/wp-content\/uploads\/2026\/03\/Reunion-Capacitacion-II-150x84.jpeg 150w, https:\/\/www.hoymercedes.com.ar\/principal\/wp-content\/uploads\/2026\/03\/Reunion-Capacitacion-II-1536x865.jpeg 1536w, https:\/\/www.hoymercedes.com.ar\/principal\/wp-content\/uploads\/2026\/03\/Reunion-Capacitacion-II.jpeg 1561w\" sizes=\"auto, (max-width: 1024px) 100vw, 1024px\" \/><\/figure>\n\n\n\n<p>\u201cEl municipio contin\u00faa trabajando en materia de prevenci\u00f3n y seguridad desde distintas herramientas\u201d sostuvo el Dr. Mat\u00edas Maresca, secretario de seguridad. Expres\u00f3 que \u201cfue en el marco del convenio de capacitaci\u00f3n suscripto tiempo atr\u00e1s con el Ministerio P\u00fablico de la Provincia de Buenos Aires\u201d. En encuentro permiti\u00f3 la participaci\u00f3n de agentes municipales, policiales, funcionarios y especialistas en el temas legales e institucionales.<\/p>\n\n\n\n<p>Maresca destac\u00f3 que \u201cse llev\u00f3 a cabo una jornada de formaci\u00f3n destinada a fortalecer las herramientas de trabajo de quienes intervienen en tareas de prevenci\u00f3n y seguridad p\u00fablica\u201d<\/p>\n\n\n\n<p><strong>Actividad<\/strong><\/p>\n\n\n\n<p>La actividad se desarroll\u00f3 en el Teatro Argentino \u201cJulio C\u00e9sar Gioscio\u201d y cont\u00f3 con la participaci\u00f3n de efectivos policiales de Mercedes, y personal del Centro de Monitoreo de la Secretar\u00eda de Seguridad.<\/p>\n\n\n\n<p><strong>Capacitaci\u00f3n<\/strong><\/p>\n\n\n\n<p>La capacitaci\u00f3n estuvo a cargo del agente fiscal de la fiscal\u00eda general del MPBA, Dr. Leandro Marquiegui, y del titular de la Oficina de Informaci\u00f3n Tecnol\u00f3gica, Ing. Rub\u00e9n Cangelosi, quien abord\u00f3 espec\u00edficamente aspectos vinculados con evidencia digital.<\/p>\n\n\n\n<p>Durante la jornada se trabajaron contenidos relacionados con procedimiento penal, preservaci\u00f3n de medios de prueba y coordinaci\u00f3n institucional, herramientas fundamentales para optimizar la intervenci\u00f3n ante hechos delictivos.<\/p>\n\n\n\n<figure class=\"wp-block-image size-large is-resized\"><img loading=\"lazy\" decoding=\"async\" width=\"1024\" height=\"577\" data-attachment-id=\"193225\" data-permalink=\"https:\/\/www.hoymercedes.com.ar\/principal\/2026\/03\/17\/capacitacion-sobre-preservacion-de-evidencia-y-procedimiento-penal\/reunion-capacitacion-i\/#main\" data-orig-file=\"https:\/\/www.hoymercedes.com.ar\/principal\/wp-content\/uploads\/2026\/03\/Reunion-Capacitacion-I.jpeg\" data-orig-size=\"1561,879\" data-comments-opened=\"0\" data-image-meta=\"{&quot;aperture&quot;:&quot;0&quot;,&quot;credit&quot;:&quot;&quot;,&quot;camera&quot;:&quot;&quot;,&quot;caption&quot;:&quot;&quot;,&quot;created_timestamp&quot;:&quot;0&quot;,&quot;copyright&quot;:&quot;&quot;,&quot;focal_length&quot;:&quot;0&quot;,&quot;iso&quot;:&quot;0&quot;,&quot;shutter_speed&quot;:&quot;0&quot;,&quot;title&quot;:&quot;&quot;,&quot;orientation&quot;:&quot;0&quot;}\" data-image-title=\"Capacitaci\u00f3n sobre preservaci\u00f3n de evidencia y procedimiento penal\" data-image-description=\"&lt;p&gt;Capacitaci\u00f3n sobre preservaci\u00f3n de evidencia y procedimiento penal&lt;\/p&gt;\n\" data-image-caption=\"&lt;p&gt;Capacitaci\u00f3n sobre preservaci\u00f3n de evidencia y procedimiento penal&lt;\/p&gt;\n\" data-large-file=\"https:\/\/www.hoymercedes.com.ar\/principal\/wp-content\/uploads\/2026\/03\/Reunion-Capacitacion-I-1024x577.jpeg\" src=\"https:\/\/www.hoymercedes.com.ar\/principal\/wp-content\/uploads\/2026\/03\/Reunion-Capacitacion-I-1024x577.jpeg\" alt=\"\" class=\"wp-image-193225\" style=\"width:1068px;height:auto\" srcset=\"https:\/\/www.hoymercedes.com.ar\/principal\/wp-content\/uploads\/2026\/03\/Reunion-Capacitacion-I-1024x577.jpeg 1024w, https:\/\/www.hoymercedes.com.ar\/principal\/wp-content\/uploads\/2026\/03\/Reunion-Capacitacion-I-630x355.jpeg 630w, https:\/\/www.hoymercedes.com.ar\/principal\/wp-content\/uploads\/2026\/03\/Reunion-Capacitacion-I-150x84.jpeg 150w, https:\/\/www.hoymercedes.com.ar\/principal\/wp-content\/uploads\/2026\/03\/Reunion-Capacitacion-I-1536x865.jpeg 1536w, https:\/\/www.hoymercedes.com.ar\/principal\/wp-content\/uploads\/2026\/03\/Reunion-Capacitacion-I.jpeg 1561w\" sizes=\"auto, (max-width: 1024px) 100vw, 1024px\" \/><\/figure>\n\n\n\n<p><strong>Formaci\u00f3n<\/strong><\/p>\n\n\n\n<p>\u201cEste tipo de instancias de formaci\u00f3n conjunta fortalece el trabajo articulado entre el municipio, el Ministerio P\u00fablico y las fuerzas de seguridad, contribuyendo a mejorar la prevenci\u00f3n y la respuesta ante situaciones que afectan la seguridad de la comunidad\u201d destac\u00f3 el secretario de seguridad municipal, el Dr. Mat\u00edas Maresca, quien encabez\u00f3 el encuentro junto a su equipo de gesti\u00f3n.<\/p>\n","protected":false},"excerpt":{"rendered":"<p>\u201cEl municipio contin\u00faa trabajando en materia de prevenci\u00f3n y seguridad desde distintas herramientas\u201d sostuvo el Dr. Mat\u00edas Maresca, secretario de &#8230; <a title=\"Capacitaci\u00f3n sobre preservaci\u00f3n de evidencia y procedimiento penal\" class=\"read-more\" href=\"https:\/\/www.hoymercedes.com.ar\/principal\/2026\/03\/17\/capacitacion-sobre-preservacion-de-evidencia-y-procedimiento-penal\/\" aria-label=\"Leer m\u00e1s sobre Capacitaci\u00f3n sobre preservaci\u00f3n de evidencia y procedimiento penal\">Leer m\u00e1s<\/a><\/p>\n","protected":false},"author":1,"featured_media":193224,"comment_status":"closed","ping_status":"open","sticky":false,"template":"","format":"standard","meta":{"_monsterinsights_skip_tracking":false,"_monsterinsights_sitenote_active":false,"_monsterinsights_sitenote_note":"","_monsterinsights_sitenote_category":0,"jetpack_post_was_ever_published":false,"_jetpack_newsletter_access":"","_jetpack_dont_email_post_to_subs":false,"_jetpack_newsletter_tier_id":0,"_jetpack_memberships_contains_paywalled_content":false,"_jetpack_memberships_contains_paid_content":false,"footnotes":"","jetpack_publicize_message":"","jetpack_publicize_feature_enabled":true,"jetpack_social_post_already_shared":true,"jetpack_social_options":{"image_generator_settings":{"template":"highway","default_image_id":0,"font":"","enabled":false},"version":2},"_wpas_customize_per_network":false},"categories":[16115],"tags":[21035,14998],"class_list":["post-193223","post","type-post","status-publish","format-standard","has-post-thumbnail","hentry","category-seguridad","tag-capacitacion-seguridad","tag-ministerio-publico-fiscal","generate-columns","tablet-grid-50","mobile-grid-100","grid-parent","grid-50"],"jetpack_publicize_connections":[],"jetpack_featured_media_url":"https:\/\/www.hoymercedes.com.ar\/principal\/wp-content\/uploads\/2026\/03\/Reunion-Capacitacion-II.jpeg","wps_subtitle":"","jetpack_sharing_enabled":true,"_links":{"self":[{"href":"https:\/\/www.hoymercedes.com.ar\/principal\/wp-json\/wp\/v2\/posts\/193223","targetHints":{"allow":["GET"]}}],"collection":[{"href":"https:\/\/www.hoymercedes.com.ar\/principal\/wp-json\/wp\/v2\/posts"}],"about":[{"href":"https:\/\/www.hoymercedes.com.ar\/principal\/wp-json\/wp\/v2\/types\/post"}],"author":[{"embeddable":true,"href":"https:\/\/www.hoymercedes.com.ar\/principal\/wp-json\/wp\/v2\/users\/1"}],"replies":[{"embeddable":true,"href":"https:\/\/www.hoymercedes.com.ar\/principal\/wp-json\/wp\/v2\/comments?post=193223"}],"version-history":[{"count":1,"href":"https:\/\/www.hoymercedes.com.ar\/principal\/wp-json\/wp\/v2\/posts\/193223\/revisions"}],"predecessor-version":[{"id":193226,"href":"https:\/\/www.hoymercedes.com.ar\/principal\/wp-json\/wp\/v2\/posts\/193223\/revisions\/193226"}],"wp:featuredmedia":[{"embeddable":true,"href":"https:\/\/www.hoymercedes.com.ar\/principal\/wp-json\/wp\/v2\/media\/193224"}],"wp:attachment":[{"href":"https:\/\/www.hoymercedes.com.ar\/principal\/wp-json\/wp\/v2\/media?parent=193223"}],"wp:term":[{"taxonomy":"category","embeddable":true,"href":"https:\/\/www.hoymercedes.com.ar\/principal\/wp-json\/wp\/v2\/categories?post=193223"},{"taxonomy":"post_tag","embeddable":true,"href":"https:\/\/www.hoymercedes.com.ar\/principal\/wp-json\/wp\/v2\/tags?post=193223"}],"curies":[{"name":"wp","href":"https:\/\/api.w.org\/{rel}","templated":true}]}}