{"id":193230,"date":"2026-03-16T19:41:00","date_gmt":"2026-03-16T22:41:00","guid":{"rendered":"https:\/\/www.hoymercedes.com.ar\/principal\/?p=193230"},"modified":"2026-03-16T19:41:02","modified_gmt":"2026-03-16T22:41:02","slug":"robaron-y-a-los-minutos-fueron-rapidamente-detenidos","status":"publish","type":"post","link":"https:\/\/www.hoymercedes.com.ar\/principal\/2026\/03\/16\/robaron-y-a-los-minutos-fueron-rapidamente-detenidos\/","title":{"rendered":"Robaron y a los minutos fueron r\u00e1pidamente detenidos"},"content":{"rendered":"\n<p>Un robo se produjo teniendo como protagonistas a un grupo de menores de edad que no son oriundos de nuestra localidad. Emitida la alerta r\u00e1pidamente los efectivos policiales iniciaron la investigaci\u00f3n y muy r\u00e1pidamente detuvieron a los autores, oriundos de Moreno. El il\u00edcito fue en 4 y 61.<\/p>\n\n\n\n<p>Si bien no se tienen detalles extra oficialmente se supo que los jovencitos estaban de visita en Mercedes y decidieron cometer el il\u00edcito por el que finalmente fueron raudamente detenidos y puestos a disposici\u00f3n de la justicia.<\/p>\n\n\n\n<p>Los detenidos son de 15, 17, 16, 17, 15 y 16 a\u00f1os y est\u00e1n ahora todos a disposici\u00f3n de la U.F.I.N\u00b08 de menores, del Departamento Judicial Mercedes.<\/p>\n\n\n\n<p>El il\u00edcito lo cometieron forzando una ventaba de un jard\u00edn de primera infancia, sustrayendo elementos de cocina, que fueron tambi\u00e9n recuperados. La detenci\u00f3n se efectu\u00f3 en la v\u00eda p\u00fablica dado el operativo cerrojo ejecutado por las fuerzas de seguridad.<\/p>\n","protected":false},"excerpt":{"rendered":"<p>Un robo se produjo teniendo como protagonistas a un grupo de menores de edad que no son oriundos de nuestra &#8230; <a title=\"Robaron y a los minutos fueron r\u00e1pidamente detenidos\" class=\"read-more\" href=\"https:\/\/www.hoymercedes.com.ar\/principal\/2026\/03\/16\/robaron-y-a-los-minutos-fueron-rapidamente-detenidos\/\" aria-label=\"Leer m\u00e1s sobre Robaron y a los minutos fueron r\u00e1pidamente detenidos\">Leer m\u00e1s<\/a><\/p>\n","protected":false},"author":1,"featured_media":185452,"comment_status":"closed","ping_status":"open","sticky":false,"template":"","format":"standard","meta":{"_monsterinsights_skip_tracking":false,"_monsterinsights_sitenote_active":false,"_monsterinsights_sitenote_note":"","_monsterinsights_sitenote_category":0,"jetpack_post_was_ever_published":false,"_jetpack_newsletter_access":"","_jetpack_dont_email_post_to_subs":false,"_jetpack_newsletter_tier_id":0,"_jetpack_memberships_contains_paywalled_content":false,"_jetpack_memberships_contains_paid_content":false,"footnotes":"","jetpack_publicize_message":"","jetpack_publicize_feature_enabled":true,"jetpack_social_post_already_shared":true,"jetpack_social_options":{"image_generator_settings":{"template":"highway","default_image_id":0,"font":"","enabled":false},"version":2},"_wpas_customize_per_network":false},"categories":[85],"tags":[26,126,889,21037,864],"class_list":["post-193230","post","type-post","status-publish","format-standard","has-post-thumbnail","hentry","category-policial","tag-detenidos","tag-policia-mercedes","tag-robo","tag-secretariad-de-seguridad","tag-seguridad-mercedes","generate-columns","tablet-grid-50","mobile-grid-100","grid-parent","grid-50"],"jetpack_publicize_connections":[],"jetpack_featured_media_url":"https:\/\/www.hoymercedes.com.ar\/principal\/wp-content\/uploads\/2025\/06\/Policia-Bonaerense-Patrullero-2.jpg","wps_subtitle":"","jetpack_sharing_enabled":true,"_links":{"self":[{"href":"https:\/\/www.hoymercedes.com.ar\/principal\/wp-json\/wp\/v2\/posts\/193230","targetHints":{"allow":["GET"]}}],"collection":[{"href":"https:\/\/www.hoymercedes.com.ar\/principal\/wp-json\/wp\/v2\/posts"}],"about":[{"href":"https:\/\/www.hoymercedes.com.ar\/principal\/wp-json\/wp\/v2\/types\/post"}],"author":[{"embeddable":true,"href":"https:\/\/www.hoymercedes.com.ar\/principal\/wp-json\/wp\/v2\/users\/1"}],"replies":[{"embeddable":true,"href":"https:\/\/www.hoymercedes.com.ar\/principal\/wp-json\/wp\/v2\/comments?post=193230"}],"version-history":[{"count":1,"href":"https:\/\/www.hoymercedes.com.ar\/principal\/wp-json\/wp\/v2\/posts\/193230\/revisions"}],"predecessor-version":[{"id":193231,"href":"https:\/\/www.hoymercedes.com.ar\/principal\/wp-json\/wp\/v2\/posts\/193230\/revisions\/193231"}],"wp:featuredmedia":[{"embeddable":true,"href":"https:\/\/www.hoymercedes.com.ar\/principal\/wp-json\/wp\/v2\/media\/185452"}],"wp:attachment":[{"href":"https:\/\/www.hoymercedes.com.ar\/principal\/wp-json\/wp\/v2\/media?parent=193230"}],"wp:term":[{"taxonomy":"category","embeddable":true,"href":"https:\/\/www.hoymercedes.com.ar\/principal\/wp-json\/wp\/v2\/categories?post=193230"},{"taxonomy":"post_tag","embeddable":true,"href":"https:\/\/www.hoymercedes.com.ar\/principal\/wp-json\/wp\/v2\/tags?post=193230"}],"curies":[{"name":"wp","href":"https:\/\/api.w.org\/{rel}","templated":true}]}}