{"id":19332,"date":"2013-01-10T05:17:52","date_gmt":"2013-01-10T05:17:52","guid":{"rendered":"http:\/\/www.hoymercedes.com.ar\/principal\/?p=19332"},"modified":"2013-01-10T05:20:18","modified_gmt":"2013-01-10T05:20:18","slug":"principi-el-hospital-cuenta-con-ocho-pediatras-cinco-se-encuentran-con-parte-de-enfermo","status":"publish","type":"post","link":"https:\/\/www.hoymercedes.com.ar\/principal\/2013\/01\/10\/principi-el-hospital-cuenta-con-ocho-pediatras-cinco-se-encuentran-con-parte-de-enfermo\/","title":{"rendered":"Pr\u00edncipi: \u00abEl hospital cuenta con ocho pediatras, cinco se encuentran con parte de enfermo\u00bb"},"content":{"rendered":"<figure id=\"attachment_19336\" aria-describedby=\"caption-attachment-19336\" style=\"width: 608px\" class=\"wp-caption aligncenter\"><a href=\"https:\/\/www.hoymercedes.com.ar\/principal\/wp-content\/uploads\/2013\/01\/FitoPrincipi.jpg\"><img loading=\"lazy\" decoding=\"async\" data-attachment-id=\"19336\" data-permalink=\"https:\/\/www.hoymercedes.com.ar\/principal\/2013\/01\/10\/principi-el-hospital-cuenta-con-ocho-pediatras-cinco-se-encuentran-con-parte-de-enfermo\/fitoprincipi-2\/#main\" data-orig-file=\"https:\/\/www.hoymercedes.com.ar\/principal\/wp-content\/uploads\/2013\/01\/FitoPrincipi.jpg\" data-orig-size=\"618,361\" data-comments-opened=\"1\" data-image-meta=\"{&quot;aperture&quot;:&quot;3.1&quot;,&quot;credit&quot;:&quot;&quot;,&quot;camera&quot;:&quot;DSC-S2000&quot;,&quot;caption&quot;:&quot;&quot;,&quot;created_timestamp&quot;:&quot;1338900614&quot;,&quot;copyright&quot;:&quot;&quot;,&quot;focal_length&quot;:&quot;6.2&quot;,&quot;iso&quot;:&quot;800&quot;,&quot;shutter_speed&quot;:&quot;0.00125&quot;,&quot;title&quot;:&quot;&quot;}\" data-image-title=\"Fito Principi\" data-image-description=\"&lt;p&gt;Fito Principi&lt;\/p&gt;\n\" data-image-caption=\"&lt;p&gt;Fito Principi&lt;\/p&gt;\n\" data-large-file=\"https:\/\/www.hoymercedes.com.ar\/principal\/wp-content\/uploads\/2013\/01\/FitoPrincipi.jpg\" class=\"size-full wp-image-19336\" alt=\"Fito Principi\" src=\"https:\/\/www.hoymercedes.com.ar\/principal\/wp-content\/uploads\/2013\/01\/FitoPrincipi.jpg\" width=\"618\" height=\"361\" \/><\/a><figcaption id=\"caption-attachment-19336\" class=\"wp-caption-text\">Fito Principi<\/figcaption><\/figure>\n<p><strong><em>El Director del Hospital conform\u00f3 su preocupaci\u00f3n por el estado actual de Pediatr\u00eda. Coment\u00f3 que no logr\u00f3 un subsidio por parte del Municipio para poder sostener el \u00e1rea y que seguir\u00e1 luchando por dicha prestaci\u00f3n, aunque es muy complejo. En di\u00e1logo con Semanario D\u00e9cadas habl\u00f3 sobre la realidad actual del nosocomio as\u00ed como de las cuestiones pol\u00edticas que lo han tenido en tapa \u00faltimamente.\u00a0<\/em><\/strong><\/p>\n<p>En una entrevista al<strong><span style=\"color: #3366ff;\"> Semanario D\u00e9cadas<\/span><\/strong> que podr\u00e1 leerse este s\u00e1bado Pr\u00edncipi coment\u00f3 que le preocupa la situaci\u00f3n de pediatr\u00eda, que le preocupa profundamente dicha \u00e1rea, que Oncolog\u00eda es un logro de su gesti\u00f3n que sostendr\u00e1 y que pidi\u00f3 hace m\u00e1s de 4 meses un subsidio al municipio de 30 mil pesos mensuales sobre el cual no tuvo noticias, que, de haber llegado, hoy la guarda\u00a0pedi\u00e1trica\u00a0existir\u00eda.<\/p>\n<p>En el di\u00e1logo con <span style=\"color: #3366ff;\"><strong>D\u00e9cadas<\/strong><\/span> sostuvo: \u00a0<em>\u201cEl hospital cuenta con ocho pediatras, de los cuales cinco se encuentran con parte de enfermo. Uno de ellos fue trasladado al CIC. Por este motivo tenemos tres pediatras los cuales est\u00e1n avocados a emergencias. La jefa de servicio materno infantil dispone que en determinados\u00a0d\u00edas\u00a0no puede haber consultorios como generalmente la gente estaba acostumbrada, debido a que tres personas no pueden sostener los nacimientos, emergencias y dem\u00e1s. Lo que nosotros hicimos a\u00a0trav\u00e9s\u00a0de la direcci\u00f3n es que yo me hago cargo, con mi dieta de concejal, de una pediatra que ingresa a las 16hs. del d\u00eda s\u00e1bado hasta las 8hs. del otro d\u00eda. El d\u00eda domingo hace el mismo horario otro pediatra y el d\u00eda viernes, a trav\u00e9s de la cooperadora, se encuentra una pediatra que esta desde las 8hs. hasta las 8hs. del d\u00eda s\u00e1bado\u201d.<\/em><\/p>\n<p>Respecto al monobloque afirm\u00f3: <em>\u00abes una decisi\u00f3n absolutamente personal que tiene que ver con una cuesti\u00f3n de conciencia, estoy tranquilo y voy a estar mas tranquilo as\u00ed. Es una separaci\u00f3n luego de estar mucho tiempo al lado del intendente, no por una cuesti\u00f3n personal, sino por una cuesti\u00f3n pol\u00edtica\u00bb<\/em><\/p>\n<p>La nota completa con el Dr Pr\u00edncipi donde expresa su visi\u00f3n de la actualidad del hospital local, de la pol\u00edtica y del futuro sale este s\u00e1bado en Semanario D\u00e9cadas estando disponible en todos los kioskos.<\/p>\n","protected":false},"excerpt":{"rendered":"<p>El Director del Hospital conform\u00f3 su preocupaci\u00f3n por el estado actual de Pediatr\u00eda. Coment\u00f3 que no logr\u00f3 un subsidio por &#8230; <a title=\"Pr\u00edncipi: \u00abEl hospital cuenta con ocho pediatras, cinco se encuentran con parte de enfermo\u00bb\" class=\"read-more\" href=\"https:\/\/www.hoymercedes.com.ar\/principal\/2013\/01\/10\/principi-el-hospital-cuenta-con-ocho-pediatras-cinco-se-encuentran-con-parte-de-enfermo\/\" aria-label=\"Leer m\u00e1s sobre Pr\u00edncipi: \u00abEl hospital cuenta con ocho pediatras, cinco se encuentran con parte de enfermo\u00bb\">Leer m\u00e1s<\/a><\/p>\n","protected":false},"author":1,"featured_media":0,"comment_status":"open","ping_status":"open","sticky":false,"template":"","format":"standard","meta":{"_monsterinsights_skip_tracking":false,"_monsterinsights_sitenote_active":false,"_monsterinsights_sitenote_note":"","_monsterinsights_sitenote_category":0,"jetpack_post_was_ever_published":false,"_jetpack_newsletter_access":"","_jetpack_dont_email_post_to_subs":false,"_jetpack_newsletter_tier_id":0,"_jetpack_memberships_contains_paywalled_content":false,"_jetpack_memberships_contains_paid_content":false,"footnotes":"","jetpack_publicize_message":"","jetpack_publicize_feature_enabled":true,"jetpack_social_post_already_shared":false,"jetpack_social_options":{"image_generator_settings":{"template":"highway","default_image_id":0,"font":"","enabled":false},"version":2},"_wpas_customize_per_network":false},"categories":[8],"tags":[532],"class_list":["post-19332","post","type-post","status-publish","format-standard","hentry","category-sociedad","tag-fito-principi","generate-columns","tablet-grid-50","mobile-grid-100","grid-parent","grid-50"],"jetpack_publicize_connections":[],"jetpack_featured_media_url":"","wps_subtitle":"","jetpack_sharing_enabled":true,"_links":{"self":[{"href":"https:\/\/www.hoymercedes.com.ar\/principal\/wp-json\/wp\/v2\/posts\/19332","targetHints":{"allow":["GET"]}}],"collection":[{"href":"https:\/\/www.hoymercedes.com.ar\/principal\/wp-json\/wp\/v2\/posts"}],"about":[{"href":"https:\/\/www.hoymercedes.com.ar\/principal\/wp-json\/wp\/v2\/types\/post"}],"author":[{"embeddable":true,"href":"https:\/\/www.hoymercedes.com.ar\/principal\/wp-json\/wp\/v2\/users\/1"}],"replies":[{"embeddable":true,"href":"https:\/\/www.hoymercedes.com.ar\/principal\/wp-json\/wp\/v2\/comments?post=19332"}],"version-history":[{"count":0,"href":"https:\/\/www.hoymercedes.com.ar\/principal\/wp-json\/wp\/v2\/posts\/19332\/revisions"}],"wp:attachment":[{"href":"https:\/\/www.hoymercedes.com.ar\/principal\/wp-json\/wp\/v2\/media?parent=19332"}],"wp:term":[{"taxonomy":"category","embeddable":true,"href":"https:\/\/www.hoymercedes.com.ar\/principal\/wp-json\/wp\/v2\/categories?post=19332"},{"taxonomy":"post_tag","embeddable":true,"href":"https:\/\/www.hoymercedes.com.ar\/principal\/wp-json\/wp\/v2\/tags?post=19332"}],"curies":[{"name":"wp","href":"https:\/\/api.w.org\/{rel}","templated":true}]}}