{"id":19351,"date":"2013-01-11T03:12:49","date_gmt":"2013-01-11T03:12:49","guid":{"rendered":"http:\/\/www.hoymercedes.com.ar\/principal\/?p=19351"},"modified":"2013-01-11T03:13:48","modified_gmt":"2013-01-11T03:13:48","slug":"mimo-a-wado-en-cadena-nacional-y-casa-joven-en-mdq","status":"publish","type":"post","link":"https:\/\/www.hoymercedes.com.ar\/principal\/2013\/01\/11\/mimo-a-wado-en-cadena-nacional-y-casa-joven-en-mdq\/","title":{"rendered":"Mimo a Wado en cadena nacional y Casa Joven en MDQ"},"content":{"rendered":"<figure id=\"attachment_19353\" aria-describedby=\"caption-attachment-19353\" style=\"width: 608px\" class=\"wp-caption aligncenter\"><a href=\"https:\/\/www.hoymercedes.com.ar\/principal\/wp-content\/uploads\/2013\/01\/Regreso-Fragata-Libertad.jpg\"><img loading=\"lazy\" decoding=\"async\" data-attachment-id=\"19353\" data-permalink=\"https:\/\/www.hoymercedes.com.ar\/principal\/2013\/01\/11\/mimo-a-wado-en-cadena-nacional-y-casa-joven-en-mdq\/regreso-fragata-libertad\/#main\" data-orig-file=\"https:\/\/www.hoymercedes.com.ar\/principal\/wp-content\/uploads\/2013\/01\/Regreso-Fragata-Libertad.jpg\" data-orig-size=\"618,368\" data-comments-opened=\"1\" data-image-meta=\"{&quot;aperture&quot;:&quot;0&quot;,&quot;credit&quot;:&quot;&quot;,&quot;camera&quot;:&quot;&quot;,&quot;caption&quot;:&quot;&quot;,&quot;created_timestamp&quot;:&quot;0&quot;,&quot;copyright&quot;:&quot;&quot;,&quot;focal_length&quot;:&quot;0&quot;,&quot;iso&quot;:&quot;0&quot;,&quot;shutter_speed&quot;:&quot;0&quot;,&quot;title&quot;:&quot;&quot;}\" data-image-title=\"Regreso-Fragata-Libertad\" data-image-description=\"&lt;p&gt;Regreso Fragata Libertad&lt;\/p&gt;\n\" data-image-caption=\"&lt;p&gt;Regreso Fragata Libertad&lt;\/p&gt;\n\" data-large-file=\"https:\/\/www.hoymercedes.com.ar\/principal\/wp-content\/uploads\/2013\/01\/Regreso-Fragata-Libertad.jpg\" class=\"size-full wp-image-19353\" alt=\"Regreso Fragata Libertad\" src=\"https:\/\/www.hoymercedes.com.ar\/principal\/wp-content\/uploads\/2013\/01\/Regreso-Fragata-Libertad.jpg\" width=\"618\" height=\"368\" \/><\/a><figcaption id=\"caption-attachment-19353\" class=\"wp-caption-text\">Regreso Fragata Libertad<\/figcaption><\/figure>\n<p>&nbsp;<\/p>\n<p><strong><em>El regreso de la Fragata Libertad dej\u00f3 mucha tela para cortar en cu\u00e1nto a an\u00e9cdotas y an\u00e1lisis pol\u00edticos, incluso, de creaci\u00f3n de simbolismos, cosa que el kirchnerismo hace constantemente. En el encuentro de Mar del Plata participaron varios mercedinos, entre ellos integrantes de \u201cCasa Joven\u201d, el \u201cFrente Mercedino\u201d, desde Capital Federal e incluso algunos que viajaron en coche especialmente. El encuentro permiti\u00f3 ver fotos en las redes sociales de algunos mercedinos con la Fragata de fondo, las banderas y los abrazos militantes.<\/em><\/strong><\/p>\n<p>Durante la cadena nacional en la cual anunciaban la compra de nuevos coches para los trenes del Sarmiento y el Mitre con un contrato con China de 515 millones de d\u00f3lares donde se renueva la totalidad de la flota, la Presidenta mostr\u00f3 una foto del d\u00eda anterior que la hab\u00eda emocionado particularmente (la que ilustra este art\u00edculo), en el momento en que la describi\u00f3 y explic\u00f3 por qu\u00e9 le gust\u00f3 tanto lanz\u00f3 con total normalidad un \u201cviste Wado\u201d mostrando claramente la significaci\u00f3n que para ella tuvo, la vinculaci\u00f3n que hace con la historia del mercedino integrante de H.I.J.O.S y lo que es m\u00e1s trivial y curioso y lo que en pol\u00edtica se llama: gi\u00f1os, gesto, mimo o banca. La presidenta le regal\u00f3, en cadena nacional, nuevamente un \u201cmimo\u201d al Diputado Nacional oriundo de nuestra ciudad.<\/p>\n<p>\u201cY lo que m\u00e1s me impresion\u00f3 fue esta foto, que quiero que vean. Miren son todos j\u00f3venes militantes, con banderas, hay hasta una bandera venezolana. Y miren a todos los oficiales de la Marina compartiendo con los j\u00f3venes, es una foto \u2013 te digo &#8211; de antolog\u00eda, Wado. \u00bfSab\u00e9s por qu\u00e9 te digo de antolog\u00eda? Porque si a m\u00ed me dec\u00edan que, en alg\u00fan momento, esta foto &#8211; despu\u00e9s de las cosas que vivimos los argentinos &#8211; pod\u00eda darse, donde cientos, miles de j\u00f3venes peronistas militantes, con su banderas desplegadas, con sus consignas compartiendo un momento patri\u00f3tico, tambi\u00e9n con oficiales de nuestras Fuerzas Armadas, en este caso de la Armada. Miren est\u00e1 foto demuestra que estamos en otra Argentina. Y yo la verdad, me siento muy bien, porque esta foto &#8211; lo digo con emoci\u00f3n tambi\u00e9n, con mucha emoci\u00f3n &#8211; en el 73, cuando yo ten\u00eda la edad de ellos, hubiera sido imposible. Y esta foto, en el 83, cuando vino nuevamente la democracia, que asumi\u00f3 el Presidente Alfons\u00edn, tambi\u00e9n hubiera sido imposible por todo lo que hab\u00eda pasado. Entonces, quiere decir que todas estas pol\u00edticas, que hemos llevado adelante, todos estos a\u00f1os han servido para que puedan producirse escenarios como el de ayer &#8211; escenarios en el verdadero sentido de la palabra &#8211; donde los protagonistas, que no fuimos nosotros, y despu\u00e9s escuchar al capit\u00e1n del buque insignia decir que \u00e9l no era un h\u00e9roe, sino simplemente hab\u00eda cumplido con su deber, que es real, con su deber de soldados, su deber de militar, que es defender su pabell\u00f3n y defender como capit\u00e1n su nave. Y luego esta foto, que hoy la colgu\u00e9 en Facebook, porque realmente demuestra que hay una nueva Argentina.\u201d<\/p>\n<p>Suipachenses<\/p>\n<p>Un importante grupo de suipachenses tambi\u00e9n fue parte del encuentro. Los miembros de \u201cSuipacha para todos\u201d estuvieron en la ciudad balneadria acompa\u00f1ando a la presidenta en el acto por el regreso de la Fragata al pa\u00eds.<\/p>\n<p>&nbsp;<\/p>\n","protected":false},"excerpt":{"rendered":"<p>&nbsp; El regreso de la Fragata Libertad dej\u00f3 mucha tela para cortar en cu\u00e1nto a an\u00e9cdotas y an\u00e1lisis pol\u00edticos, incluso, &#8230; <a title=\"Mimo a Wado en cadena nacional y Casa Joven en MDQ\" class=\"read-more\" href=\"https:\/\/www.hoymercedes.com.ar\/principal\/2013\/01\/11\/mimo-a-wado-en-cadena-nacional-y-casa-joven-en-mdq\/\" aria-label=\"Leer m\u00e1s sobre Mimo a Wado en cadena nacional y Casa Joven en MDQ\">Leer m\u00e1s<\/a><\/p>\n","protected":false},"author":1,"featured_media":0,"comment_status":"open","ping_status":"open","sticky":false,"template":"","format":"standard","meta":{"_monsterinsights_skip_tracking":false,"_monsterinsights_sitenote_active":false,"_monsterinsights_sitenote_note":"","_monsterinsights_sitenote_category":0,"jetpack_post_was_ever_published":false,"_jetpack_newsletter_access":"","_jetpack_dont_email_post_to_subs":false,"_jetpack_newsletter_tier_id":0,"_jetpack_memberships_contains_paywalled_content":false,"_jetpack_memberships_contains_paid_content":false,"footnotes":"","jetpack_publicize_message":"","jetpack_publicize_feature_enabled":true,"jetpack_social_post_already_shared":false,"jetpack_social_options":{"image_generator_settings":{"template":"highway","default_image_id":0,"font":"","enabled":false},"version":2},"_wpas_customize_per_network":false},"categories":[5],"tags":[1157,281],"class_list":["post-19351","post","type-post","status-publish","format-standard","hentry","category-politica","tag-cristina-fernandez-de-kirchner","tag-wado-de-pedro","generate-columns","tablet-grid-50","mobile-grid-100","grid-parent","grid-50"],"jetpack_publicize_connections":[],"jetpack_featured_media_url":"","wps_subtitle":"","jetpack_sharing_enabled":true,"_links":{"self":[{"href":"https:\/\/www.hoymercedes.com.ar\/principal\/wp-json\/wp\/v2\/posts\/19351","targetHints":{"allow":["GET"]}}],"collection":[{"href":"https:\/\/www.hoymercedes.com.ar\/principal\/wp-json\/wp\/v2\/posts"}],"about":[{"href":"https:\/\/www.hoymercedes.com.ar\/principal\/wp-json\/wp\/v2\/types\/post"}],"author":[{"embeddable":true,"href":"https:\/\/www.hoymercedes.com.ar\/principal\/wp-json\/wp\/v2\/users\/1"}],"replies":[{"embeddable":true,"href":"https:\/\/www.hoymercedes.com.ar\/principal\/wp-json\/wp\/v2\/comments?post=19351"}],"version-history":[{"count":0,"href":"https:\/\/www.hoymercedes.com.ar\/principal\/wp-json\/wp\/v2\/posts\/19351\/revisions"}],"wp:attachment":[{"href":"https:\/\/www.hoymercedes.com.ar\/principal\/wp-json\/wp\/v2\/media?parent=19351"}],"wp:term":[{"taxonomy":"category","embeddable":true,"href":"https:\/\/www.hoymercedes.com.ar\/principal\/wp-json\/wp\/v2\/categories?post=19351"},{"taxonomy":"post_tag","embeddable":true,"href":"https:\/\/www.hoymercedes.com.ar\/principal\/wp-json\/wp\/v2\/tags?post=19351"}],"curies":[{"name":"wp","href":"https:\/\/api.w.org\/{rel}","templated":true}]}}