{"id":19391,"date":"2013-01-13T17:09:11","date_gmt":"2013-01-13T17:09:11","guid":{"rendered":"http:\/\/www.hoymercedes.com.ar\/principal\/?p=19391"},"modified":"2013-01-13T17:09:33","modified_gmt":"2013-01-13T17:09:33","slug":"habra-sesion-extraordinaria-del-deliberativo","status":"publish","type":"post","link":"https:\/\/www.hoymercedes.com.ar\/principal\/2013\/01\/13\/habra-sesion-extraordinaria-del-deliberativo\/","title":{"rendered":"Habr\u00e1 sesi\u00f3n extraordinaria del Deliberativo"},"content":{"rendered":"<figure id=\"attachment_19393\" aria-describedby=\"caption-attachment-19393\" style=\"width: 608px\" class=\"wp-caption aligncenter\"><a href=\"https:\/\/www.hoymercedes.com.ar\/principal\/wp-content\/uploads\/2013\/01\/ConcejoDeliberanteMercedes-2013.jpg\"><img loading=\"lazy\" decoding=\"async\" data-attachment-id=\"19393\" data-permalink=\"https:\/\/www.hoymercedes.com.ar\/principal\/2013\/01\/13\/habra-sesion-extraordinaria-del-deliberativo\/concejodeliberantemercedes-2013\/#main\" data-orig-file=\"https:\/\/www.hoymercedes.com.ar\/principal\/wp-content\/uploads\/2013\/01\/ConcejoDeliberanteMercedes-2013.jpg\" data-orig-size=\"618,464\" data-comments-opened=\"1\" data-image-meta=\"{&quot;aperture&quot;:&quot;3.1&quot;,&quot;credit&quot;:&quot;&quot;,&quot;camera&quot;:&quot;DMC-S1&quot;,&quot;caption&quot;:&quot;&quot;,&quot;created_timestamp&quot;:&quot;1355869267&quot;,&quot;copyright&quot;:&quot;&quot;,&quot;focal_length&quot;:&quot;5&quot;,&quot;iso&quot;:&quot;1600&quot;,&quot;shutter_speed&quot;:&quot;0.016666666666667&quot;,&quot;title&quot;:&quot;&quot;}\" data-image-title=\"ConcejoDeliberanteMercedes-2013\" data-image-description=\"&lt;p&gt;Concejo Deliberante Mercedes&lt;\/p&gt;\n\" data-image-caption=\"&lt;p&gt;Concejo Deliberante Mercedes&lt;\/p&gt;\n\" data-large-file=\"https:\/\/www.hoymercedes.com.ar\/principal\/wp-content\/uploads\/2013\/01\/ConcejoDeliberanteMercedes-2013.jpg\" class=\"size-full wp-image-19393\" alt=\"Concejo Deliberante Mercedes\" src=\"https:\/\/www.hoymercedes.com.ar\/principal\/wp-content\/uploads\/2013\/01\/ConcejoDeliberanteMercedes-2013.jpg\" width=\"618\" height=\"464\" \/><\/a><figcaption id=\"caption-attachment-19393\" class=\"wp-caption-text\">Concejo Deliberante Mercedes<\/figcaption><\/figure>\n<p><em><strong>Este lunes se intentar\u00e1 se concrete una nueva sesi\u00f3n del Concejo Deliberante. Se trata de una de car\u00e1cter extraordinario donde estar\u00e1 el foco puesto en el tema salarial de los trabajadores municipales.<\/strong><\/em><\/p>\n<p>Se convoca para evaluar el veto que el Intendente Selva efectu\u00f3 sobre la modificaci\u00f3n del reconocimiento del 3% de antig\u00fcedad, cuesti\u00f3n no contemplada y a partir del pedido del Juan Pablo L\u00f3pez se obtuvo. Selva a partir de antecedentes en relaci\u00f3n al Tribunal de Cuentas ir\u00e1 tras la b\u00fasqueda de no implementarlo retomando al estado de situaci\u00f3n y reconocimiento previo a la modificaci\u00f3n buscando, se sostienen, generar la compensaci\u00f3n desde otro aporte. Ese ser\u00eda el punto novedoso que, de todos modos, hay que ver en la realidad como se implementa.<\/p>\n<p>El Tribunal de Cuentas ten\u00eda un dictamen negativo al respecto apoy\u00e1ndose en leyes de la \u00e9poca de la gobernaci\u00f3n de Duhalde donde los trabajadores fueron perjudicados. La situaci\u00f3n, avalada t\u00e9cnicamente, es el n\u00facleo de la sesi\u00f3n de este lunes, que podr\u00e1 tener otro condimento dentro del mismo tema, a partir de las 9.30hs en el recinto del Concejo Deliberante.<\/p>\n<p><strong>Qu\u00f3rum<\/strong><\/p>\n<p>Nuevamente el tema del qu\u00f3rum es un factor danzante. Se sospecha la oposici\u00f3n no se har\u00e1 presente ante lo cual habr\u00e1 que ver si el oficialismo logra tratar el tema, con qu\u00e9 concejales en sus bancas y la forma en que lo logre, de conseguir, claro, empezar a la sesi\u00f3n.<\/p>\n","protected":false},"excerpt":{"rendered":"<p>Este lunes se intentar\u00e1 se concrete una nueva sesi\u00f3n del Concejo Deliberante. Se trata de una de car\u00e1cter extraordinario donde &#8230; <a title=\"Habr\u00e1 sesi\u00f3n extraordinaria del Deliberativo\" class=\"read-more\" href=\"https:\/\/www.hoymercedes.com.ar\/principal\/2013\/01\/13\/habra-sesion-extraordinaria-del-deliberativo\/\" aria-label=\"Leer m\u00e1s sobre Habr\u00e1 sesi\u00f3n extraordinaria del Deliberativo\">Leer m\u00e1s<\/a><\/p>\n","protected":false},"author":1,"featured_media":0,"comment_status":"open","ping_status":"open","sticky":false,"template":"","format":"standard","meta":{"_monsterinsights_skip_tracking":false,"_monsterinsights_sitenote_active":false,"_monsterinsights_sitenote_note":"","_monsterinsights_sitenote_category":0,"jetpack_post_was_ever_published":false,"_jetpack_newsletter_access":"","_jetpack_dont_email_post_to_subs":false,"_jetpack_newsletter_tier_id":0,"_jetpack_memberships_contains_paywalled_content":false,"_jetpack_memberships_contains_paid_content":false,"footnotes":"","jetpack_publicize_message":"","jetpack_publicize_feature_enabled":true,"jetpack_social_post_already_shared":false,"jetpack_social_options":{"image_generator_settings":{"template":"highway","default_image_id":0,"font":"","enabled":false},"version":2},"_wpas_customize_per_network":false},"categories":[8],"tags":[1075,1655,2093,45,3139,532,1114,313,436,3140,3138,3136,3137],"class_list":["post-19391","post","type-post","status-publish","format-standard","hentry","category-sociedad","tag-amaya","tag-carlos-aristi","tag-carlos-milhomne","tag-concejo-deliberante-mercedes","tag-cristina-arias","tag-fito-principi","tag-ines-ghione","tag-juan-carlos-benitez","tag-marcelo-denapole","tag-martin-zubeldia","tag-mazocchi","tag-ruth-muraca","tag-tucho-mendez","generate-columns","tablet-grid-50","mobile-grid-100","grid-parent","grid-50"],"jetpack_publicize_connections":[],"jetpack_featured_media_url":"","wps_subtitle":"","jetpack_sharing_enabled":true,"_links":{"self":[{"href":"https:\/\/www.hoymercedes.com.ar\/principal\/wp-json\/wp\/v2\/posts\/19391","targetHints":{"allow":["GET"]}}],"collection":[{"href":"https:\/\/www.hoymercedes.com.ar\/principal\/wp-json\/wp\/v2\/posts"}],"about":[{"href":"https:\/\/www.hoymercedes.com.ar\/principal\/wp-json\/wp\/v2\/types\/post"}],"author":[{"embeddable":true,"href":"https:\/\/www.hoymercedes.com.ar\/principal\/wp-json\/wp\/v2\/users\/1"}],"replies":[{"embeddable":true,"href":"https:\/\/www.hoymercedes.com.ar\/principal\/wp-json\/wp\/v2\/comments?post=19391"}],"version-history":[{"count":0,"href":"https:\/\/www.hoymercedes.com.ar\/principal\/wp-json\/wp\/v2\/posts\/19391\/revisions"}],"wp:attachment":[{"href":"https:\/\/www.hoymercedes.com.ar\/principal\/wp-json\/wp\/v2\/media?parent=19391"}],"wp:term":[{"taxonomy":"category","embeddable":true,"href":"https:\/\/www.hoymercedes.com.ar\/principal\/wp-json\/wp\/v2\/categories?post=19391"},{"taxonomy":"post_tag","embeddable":true,"href":"https:\/\/www.hoymercedes.com.ar\/principal\/wp-json\/wp\/v2\/tags?post=19391"}],"curies":[{"name":"wp","href":"https:\/\/api.w.org\/{rel}","templated":true}]}}