{"id":19396,"date":"2013-01-14T01:31:06","date_gmt":"2013-01-14T01:31:06","guid":{"rendered":"http:\/\/www.hoymercedes.com.ar\/principal\/?p=19396"},"modified":"2013-01-14T01:32:57","modified_gmt":"2013-01-14T01:32:57","slug":"wado-hay-que-tener-fuerza-huevos-y-coraje-para-defender-lo-que-se-logro-en-estos-diez-anos","status":"publish","type":"post","link":"https:\/\/www.hoymercedes.com.ar\/principal\/2013\/01\/14\/wado-hay-que-tener-fuerza-huevos-y-coraje-para-defender-lo-que-se-logro-en-estos-diez-anos\/","title":{"rendered":"Wado: \u00abhay que tener: fuerza, huevos y coraje para defender lo que se logr\u00f3 en estos diez a\u00f1os\u00bb"},"content":{"rendered":"<figure id=\"attachment_19398\" aria-describedby=\"caption-attachment-19398\" style=\"width: 608px\" class=\"wp-caption aligncenter\"><a href=\"https:\/\/www.hoymercedes.com.ar\/principal\/wp-content\/uploads\/2013\/01\/WadodePedro.jpg\"><img loading=\"lazy\" decoding=\"async\" data-attachment-id=\"19398\" data-permalink=\"https:\/\/www.hoymercedes.com.ar\/principal\/2013\/01\/14\/wado-hay-que-tener-fuerza-huevos-y-coraje-para-defender-lo-que-se-logro-en-estos-diez-anos\/wadodepedro\/#main\" data-orig-file=\"https:\/\/www.hoymercedes.com.ar\/principal\/wp-content\/uploads\/2013\/01\/WadodePedro.jpg\" data-orig-size=\"618,451\" data-comments-opened=\"1\" data-image-meta=\"{&quot;aperture&quot;:&quot;0&quot;,&quot;credit&quot;:&quot;&quot;,&quot;camera&quot;:&quot;&quot;,&quot;caption&quot;:&quot;&quot;,&quot;created_timestamp&quot;:&quot;0&quot;,&quot;copyright&quot;:&quot;&quot;,&quot;focal_length&quot;:&quot;0&quot;,&quot;iso&quot;:&quot;0&quot;,&quot;shutter_speed&quot;:&quot;0&quot;,&quot;title&quot;:&quot;&quot;}\" data-image-title=\"Wado de Pedro\" data-image-description=\"&lt;p&gt;Wado de Pedro&lt;\/p&gt;\n\" data-image-caption=\"&lt;p&gt;Wado de Pedro&lt;\/p&gt;\n\" data-large-file=\"https:\/\/www.hoymercedes.com.ar\/principal\/wp-content\/uploads\/2013\/01\/WadodePedro.jpg\" class=\"size-full wp-image-19398\" alt=\"Wado de Pedro\" src=\"https:\/\/www.hoymercedes.com.ar\/principal\/wp-content\/uploads\/2013\/01\/WadodePedro.jpg\" width=\"618\" height=\"451\" \/><\/a><figcaption id=\"caption-attachment-19398\" class=\"wp-caption-text\">Wado de Pedro &#8211; Foto: Facebook De Pedro<\/figcaption><\/figure>\n<p><strong>El Diputado Nacional lo hizo tras el discurso de la presidenta al efectuar el acto del arribo de la Fragvata Libertad al pa\u00eds. Wado De Pedro lo hizo destacando:\u00a0<em>\u201chubo un claro mensaje hacia las nuevas generaciones de las cualidades que hay que tener: fuerza, huevos y coraje para defender lo que se logr\u00f3 en estos diez a\u00f1os\u201d.<\/em><\/strong><\/p>\n<p>Las declaraciones las realiz\u00f3 al sitio de informaci\u00f3n parlamentaria y pol\u00edtica: <a href=\"http:\/\/www.parlamentario.com\/noticia-51301.html\" target=\"_blank\" rel=\"noopener\">\u00abEl Parlamentario\u00bb<\/a>.<\/p>\n<p><em>\u201cHubo un claro mensaje hacia las nuevas generaciones de las cualidades que hay que tener: fuerza, huevos y coraje para defender lo que se logr\u00f3 en estos diez a\u00f1os\u201d.<\/em><\/p>\n<p><em>\u201cSe vio mucha gente feliz que siente que tiene una Presidenta que la respalda\u201d<\/em>, afirm\u00f3 Wado tras el acto en Mar del Plata donde hubo una importante cantidad de mercedinos.<\/p>\n<p><em>\u201cHubo un claro mensaje hacia las nuevas generaciones de las cualidades que hay que tener: fuerza, huevos y coraje para defender lo que se logr\u00f3 en estos diez a\u00f1os\u201d<\/em>, fue la categ\u00f3rica opini\u00f3n del diputado por el Frente para la Victoria.<\/p>\n","protected":false},"excerpt":{"rendered":"<p>El Diputado Nacional lo hizo tras el discurso de la presidenta al efectuar el acto del arribo de la Fragvata &#8230; <a title=\"Wado: \u00abhay que tener: fuerza, huevos y coraje para defender lo que se logr\u00f3 en estos diez a\u00f1os\u00bb\" class=\"read-more\" href=\"https:\/\/www.hoymercedes.com.ar\/principal\/2013\/01\/14\/wado-hay-que-tener-fuerza-huevos-y-coraje-para-defender-lo-que-se-logro-en-estos-diez-anos\/\" aria-label=\"Leer m\u00e1s sobre Wado: \u00abhay que tener: fuerza, huevos y coraje para defender lo que se logr\u00f3 en estos diez a\u00f1os\u00bb\">Leer m\u00e1s<\/a><\/p>\n","protected":false},"author":1,"featured_media":0,"comment_status":"open","ping_status":"open","sticky":false,"template":"","format":"standard","meta":{"_monsterinsights_skip_tracking":false,"_monsterinsights_sitenote_active":false,"_monsterinsights_sitenote_note":"","_monsterinsights_sitenote_category":0,"jetpack_post_was_ever_published":false,"_jetpack_newsletter_access":"","_jetpack_dont_email_post_to_subs":false,"_jetpack_newsletter_tier_id":0,"_jetpack_memberships_contains_paywalled_content":false,"_jetpack_memberships_contains_paid_content":false,"footnotes":"","jetpack_publicize_message":"","jetpack_publicize_feature_enabled":true,"jetpack_social_post_already_shared":false,"jetpack_social_options":{"image_generator_settings":{"template":"highway","default_image_id":0,"font":"","enabled":false},"version":2},"_wpas_customize_per_network":false},"categories":[5],"tags":[281],"class_list":["post-19396","post","type-post","status-publish","format-standard","hentry","category-politica","tag-wado-de-pedro","generate-columns","tablet-grid-50","mobile-grid-100","grid-parent","grid-50"],"jetpack_publicize_connections":[],"jetpack_featured_media_url":"","wps_subtitle":"","jetpack_sharing_enabled":true,"_links":{"self":[{"href":"https:\/\/www.hoymercedes.com.ar\/principal\/wp-json\/wp\/v2\/posts\/19396","targetHints":{"allow":["GET"]}}],"collection":[{"href":"https:\/\/www.hoymercedes.com.ar\/principal\/wp-json\/wp\/v2\/posts"}],"about":[{"href":"https:\/\/www.hoymercedes.com.ar\/principal\/wp-json\/wp\/v2\/types\/post"}],"author":[{"embeddable":true,"href":"https:\/\/www.hoymercedes.com.ar\/principal\/wp-json\/wp\/v2\/users\/1"}],"replies":[{"embeddable":true,"href":"https:\/\/www.hoymercedes.com.ar\/principal\/wp-json\/wp\/v2\/comments?post=19396"}],"version-history":[{"count":0,"href":"https:\/\/www.hoymercedes.com.ar\/principal\/wp-json\/wp\/v2\/posts\/19396\/revisions"}],"wp:attachment":[{"href":"https:\/\/www.hoymercedes.com.ar\/principal\/wp-json\/wp\/v2\/media?parent=19396"}],"wp:term":[{"taxonomy":"category","embeddable":true,"href":"https:\/\/www.hoymercedes.com.ar\/principal\/wp-json\/wp\/v2\/categories?post=19396"},{"taxonomy":"post_tag","embeddable":true,"href":"https:\/\/www.hoymercedes.com.ar\/principal\/wp-json\/wp\/v2\/tags?post=19396"}],"curies":[{"name":"wp","href":"https:\/\/api.w.org\/{rel}","templated":true}]}}