{"id":1941,"date":"2011-02-01T03:03:14","date_gmt":"2011-02-01T03:03:14","guid":{"rendered":"http:\/\/www.hoymercedes.com.ar\/principal\/?p=1941"},"modified":"2011-02-01T03:03:14","modified_gmt":"2011-02-01T03:03:14","slug":"dario-colla-se-impuso-en-la-primera-etapa-de-la-76ta-doble-bragado","status":"publish","type":"post","link":"https:\/\/www.hoymercedes.com.ar\/principal\/2011\/02\/01\/dario-colla-se-impuso-en-la-primera-etapa-de-la-76ta-doble-bragado\/","title":{"rendered":"Dario Colla se impuso en la primera etapa de la 76ta Doble Bragado"},"content":{"rendered":"<p style=\"text-align: justify;\">Dar\u00edo Colla volvi\u00f3\u00a0 a inscribir su nombre en la historia de la llegada de la primera etapa de la Doble Bragado\u00a0 a nuestra ciudad cuando se transform\u00f3\u00a0 tal cual ocurriera en el 2010 en el primer pedalista en cruzar la linea sentencia recibiendo el banderazo de llegada de parte del Intendente Carlos Selva .<\/p>\n<p style=\"text-align: center;\"><a href=\"https:\/\/www.hoymercedes.com.ar\/principal\/wp-content\/uploads\/2011\/02\/colladoblebragado.jpg\"><img loading=\"lazy\" decoding=\"async\" data-attachment-id=\"1943\" data-permalink=\"https:\/\/www.hoymercedes.com.ar\/principal\/2011\/02\/01\/dario-colla-se-impuso-en-la-primera-etapa-de-la-76ta-doble-bragado\/colladoblebragado\/#main\" data-orig-file=\"https:\/\/www.hoymercedes.com.ar\/principal\/wp-content\/uploads\/2011\/02\/colladoblebragado.jpg\" data-orig-size=\"400,300\" data-comments-opened=\"1\" data-image-meta=\"{&quot;aperture&quot;:&quot;4.2&quot;,&quot;credit&quot;:&quot;&quot;,&quot;camera&quot;:&quot;COOLPIX L10&quot;,&quot;caption&quot;:&quot;&quot;,&quot;created_timestamp&quot;:&quot;1296310823&quot;,&quot;copyright&quot;:&quot;Copyright 2006&quot;,&quot;focal_length&quot;:&quot;12.8&quot;,&quot;iso&quot;:&quot;64&quot;,&quot;shutter_speed&quot;:&quot;0.014641288433382&quot;,&quot;title&quot;:&quot;&quot;}\" data-image-title=\"colladoblebragado\" data-image-description=\"\" data-image-caption=\"\" data-large-file=\"https:\/\/www.hoymercedes.com.ar\/principal\/wp-content\/uploads\/2011\/02\/colladoblebragado.jpg\" class=\"size-full wp-image-1943  aligncenter\" title=\"colladoblebragado\" src=\"https:\/\/www.hoymercedes.com.ar\/principal\/wp-content\/uploads\/2011\/02\/colladoblebragado.jpg\" alt=\"\" width=\"400\" height=\"300\" \/><\/a><\/p>\n<p style=\"text-align: justify;\">Leandro Rosas fue\u00a0 su primer escolta mientas que el ol\u00edmpico Walter P\u00e9rez result\u00f3\u00a0 tercero. Cabe consignar que el mejor mercedino fue Dar\u00edo Oliva qui\u00e9n culmino de acuerdo al primer clasificador oficial que se dio en el palco donde se ubic\u00f3 el podio, en el d\u00e9cimo segundo lugar.<\/p>\n<p style=\"text-align: center;\"><a href=\"https:\/\/www.hoymercedes.com.ar\/principal\/wp-content\/uploads\/2011\/02\/OLIVA-GIACHINO-Y-GRASSI.jpg\"><img loading=\"lazy\" decoding=\"async\" data-attachment-id=\"1946\" data-permalink=\"https:\/\/www.hoymercedes.com.ar\/principal\/2011\/02\/01\/dario-colla-se-impuso-en-la-primera-etapa-de-la-76ta-doble-bragado\/oliva-giachino-y-grassi\/#main\" data-orig-file=\"https:\/\/www.hoymercedes.com.ar\/principal\/wp-content\/uploads\/2011\/02\/OLIVA-GIACHINO-Y-GRASSI.jpg\" data-orig-size=\"400,300\" data-comments-opened=\"1\" data-image-meta=\"{&quot;aperture&quot;:&quot;2.8&quot;,&quot;credit&quot;:&quot;&quot;,&quot;camera&quot;:&quot;COOLPIX L10&quot;,&quot;caption&quot;:&quot;&quot;,&quot;created_timestamp&quot;:&quot;1296312127&quot;,&quot;copyright&quot;:&quot;Copyright 2006&quot;,&quot;focal_length&quot;:&quot;6.2&quot;,&quot;iso&quot;:&quot;64&quot;,&quot;shutter_speed&quot;:&quot;0.018181818181818&quot;,&quot;title&quot;:&quot;&quot;}\" data-image-title=\"OLIVA-GIACHINO Y GRASSI\" data-image-description=\"\" data-image-caption=\"\" data-large-file=\"https:\/\/www.hoymercedes.com.ar\/principal\/wp-content\/uploads\/2011\/02\/OLIVA-GIACHINO-Y-GRASSI.jpg\" class=\"size-full wp-image-1946  aligncenter\" title=\"OLIVA-GIACHINO Y GRASSI\" src=\"https:\/\/www.hoymercedes.com.ar\/principal\/wp-content\/uploads\/2011\/02\/OLIVA-GIACHINO-Y-GRASSI.jpg\" alt=\"\" width=\"400\" height=\"300\" srcset=\"https:\/\/www.hoymercedes.com.ar\/principal\/wp-content\/uploads\/2011\/02\/OLIVA-GIACHINO-Y-GRASSI.jpg 400w, https:\/\/www.hoymercedes.com.ar\/principal\/wp-content\/uploads\/2011\/02\/OLIVA-GIACHINO-Y-GRASSI-300x225.jpg 300w\" sizes=\"auto, (max-width: 400px) 100vw, 400px\" \/><\/a><\/p>\n<p style=\"text-align: center;\"><a href=\"https:\/\/www.hoymercedes.com.ar\/principal\/wp-content\/uploads\/2011\/02\/doblebragadopedidojusticia.jpg\"><img loading=\"lazy\" decoding=\"async\" data-attachment-id=\"1945\" data-permalink=\"https:\/\/www.hoymercedes.com.ar\/principal\/2011\/02\/01\/dario-colla-se-impuso-en-la-primera-etapa-de-la-76ta-doble-bragado\/doblebragadopedidojusticia\/#main\" data-orig-file=\"https:\/\/www.hoymercedes.com.ar\/principal\/wp-content\/uploads\/2011\/02\/doblebragadopedidojusticia.jpg\" data-orig-size=\"400,300\" data-comments-opened=\"1\" data-image-meta=\"{&quot;aperture&quot;:&quot;2.8&quot;,&quot;credit&quot;:&quot;&quot;,&quot;camera&quot;:&quot;COOLPIX L10&quot;,&quot;caption&quot;:&quot;&quot;,&quot;created_timestamp&quot;:&quot;1296311955&quot;,&quot;copyright&quot;:&quot;Copyright 2006&quot;,&quot;focal_length&quot;:&quot;6.2&quot;,&quot;iso&quot;:&quot;64&quot;,&quot;shutter_speed&quot;:&quot;0.018181818181818&quot;,&quot;title&quot;:&quot;&quot;}\" data-image-title=\"doblebragadopedidojusticia\" data-image-description=\"\" data-image-caption=\"\" data-large-file=\"https:\/\/www.hoymercedes.com.ar\/principal\/wp-content\/uploads\/2011\/02\/doblebragadopedidojusticia.jpg\" class=\"size-full wp-image-1945  aligncenter\" title=\"doblebragadopedidojusticia\" src=\"https:\/\/www.hoymercedes.com.ar\/principal\/wp-content\/uploads\/2011\/02\/doblebragadopedidojusticia.jpg\" alt=\"\" width=\"400\" height=\"300\" srcset=\"https:\/\/www.hoymercedes.com.ar\/principal\/wp-content\/uploads\/2011\/02\/doblebragadopedidojusticia.jpg 400w, https:\/\/www.hoymercedes.com.ar\/principal\/wp-content\/uploads\/2011\/02\/doblebragadopedidojusticia-300x225.jpg 300w\" sizes=\"auto, (max-width: 400px) 100vw, 400px\" \/><\/a><\/p>\n<p style=\"text-align: justify;\">\n<p style=\"text-align: center;\"><a href=\"https:\/\/www.hoymercedes.com.ar\/principal\/wp-content\/uploads\/2011\/02\/dariocolladoblebragado.jpg\"><img loading=\"lazy\" decoding=\"async\" data-attachment-id=\"1944\" data-permalink=\"https:\/\/www.hoymercedes.com.ar\/principal\/2011\/02\/01\/dario-colla-se-impuso-en-la-primera-etapa-de-la-76ta-doble-bragado\/dariocolladoblebragado\/#main\" data-orig-file=\"https:\/\/www.hoymercedes.com.ar\/principal\/wp-content\/uploads\/2011\/02\/dariocolladoblebragado.jpg\" data-orig-size=\"400,300\" data-comments-opened=\"1\" data-image-meta=\"{&quot;aperture&quot;:&quot;2.8&quot;,&quot;credit&quot;:&quot;&quot;,&quot;camera&quot;:&quot;COOLPIX L10&quot;,&quot;caption&quot;:&quot;&quot;,&quot;created_timestamp&quot;:&quot;1296311986&quot;,&quot;copyright&quot;:&quot;Copyright 2006&quot;,&quot;focal_length&quot;:&quot;6.2&quot;,&quot;iso&quot;:&quot;64&quot;,&quot;shutter_speed&quot;:&quot;0.0076628352490421&quot;,&quot;title&quot;:&quot;&quot;}\" data-image-title=\"dariocolladoblebragado\" data-image-description=\"\" data-image-caption=\"\" data-large-file=\"https:\/\/www.hoymercedes.com.ar\/principal\/wp-content\/uploads\/2011\/02\/dariocolladoblebragado.jpg\" class=\"size-full wp-image-1944  aligncenter\" title=\"dariocolladoblebragado\" src=\"https:\/\/www.hoymercedes.com.ar\/principal\/wp-content\/uploads\/2011\/02\/dariocolladoblebragado.jpg\" alt=\"\" width=\"400\" height=\"300\" srcset=\"https:\/\/www.hoymercedes.com.ar\/principal\/wp-content\/uploads\/2011\/02\/dariocolladoblebragado.jpg 400w, https:\/\/www.hoymercedes.com.ar\/principal\/wp-content\/uploads\/2011\/02\/dariocolladoblebragado-300x225.jpg 300w\" sizes=\"auto, (max-width: 400px) 100vw, 400px\" \/><\/a><\/p>\n<p style=\"text-align: justify;\">\n<p style=\"text-align: center;\"><a href=\"https:\/\/www.hoymercedes.com.ar\/principal\/wp-content\/uploads\/2011\/02\/selvadoblebragado.jpg\"><img loading=\"lazy\" decoding=\"async\" data-attachment-id=\"1947\" data-permalink=\"https:\/\/www.hoymercedes.com.ar\/principal\/2011\/02\/01\/dario-colla-se-impuso-en-la-primera-etapa-de-la-76ta-doble-bragado\/selvadoblebragado\/#main\" data-orig-file=\"https:\/\/www.hoymercedes.com.ar\/principal\/wp-content\/uploads\/2011\/02\/selvadoblebragado.jpg\" data-orig-size=\"400,300\" data-comments-opened=\"1\" data-image-meta=\"{&quot;aperture&quot;:&quot;3.8&quot;,&quot;credit&quot;:&quot;&quot;,&quot;camera&quot;:&quot;COOLPIX L10&quot;,&quot;caption&quot;:&quot;&quot;,&quot;created_timestamp&quot;:&quot;1296311902&quot;,&quot;copyright&quot;:&quot;Copyright 2006&quot;,&quot;focal_length&quot;:&quot;10.7&quot;,&quot;iso&quot;:&quot;64&quot;,&quot;shutter_speed&quot;:&quot;0.016666666666667&quot;,&quot;title&quot;:&quot;&quot;}\" data-image-title=\"selvadoblebragado\" data-image-description=\"\" data-image-caption=\"\" data-large-file=\"https:\/\/www.hoymercedes.com.ar\/principal\/wp-content\/uploads\/2011\/02\/selvadoblebragado.jpg\" class=\"size-full wp-image-1947  aligncenter\" title=\"selvadoblebragado\" src=\"https:\/\/www.hoymercedes.com.ar\/principal\/wp-content\/uploads\/2011\/02\/selvadoblebragado.jpg\" alt=\"\" width=\"400\" height=\"300\" srcset=\"https:\/\/www.hoymercedes.com.ar\/principal\/wp-content\/uploads\/2011\/02\/selvadoblebragado.jpg 400w, https:\/\/www.hoymercedes.com.ar\/principal\/wp-content\/uploads\/2011\/02\/selvadoblebragado-300x225.jpg 300w\" sizes=\"auto, (max-width: 400px) 100vw, 400px\" \/><\/a><\/p>\n<p style=\"text-align: justify;\">El intendente Carlos Selva junto al presidente de la Comisi\u00f3n Municipal de Ciclismo hicieron entrega de los trofeos a los tres primeros clasificados en la etapa que se hab\u00eda largado en el Partido de 3 de Febrero, lugar donde durante el fin de semana culminar\u00e1 la competencia.<\/p>\n<p style=\"text-align: justify;\">Por su parte el presidente del Club Ciclista Naci\u00f3n, Oscar L\u00f3pez fue el encargado de colocarle a Colla la casaca amarilla que identifica a qui\u00e9n puntea la prueba<\/p>\n<p style=\"text-align: justify;\">Los mercedinos Oliva, Giachino y Grassi\u00a0 recibieron sendos trofeos por se los participantes de la ciudad de Mercedes presentes en la prueba.<\/p>\n","protected":false},"excerpt":{"rendered":"<p>Dar\u00edo Colla volvi\u00f3\u00a0 a inscribir su nombre en la historia de la llegada de la primera etapa de la Doble &#8230; <a title=\"Dario Colla se impuso en la primera etapa de la 76ta Doble Bragado\" class=\"read-more\" href=\"https:\/\/www.hoymercedes.com.ar\/principal\/2011\/02\/01\/dario-colla-se-impuso-en-la-primera-etapa-de-la-76ta-doble-bragado\/\" aria-label=\"Leer m\u00e1s sobre Dario Colla se impuso en la primera etapa de la 76ta Doble Bragado\">Leer m\u00e1s<\/a><\/p>\n","protected":false},"author":1,"featured_media":0,"comment_status":"open","ping_status":"open","sticky":false,"template":"","format":"standard","meta":{"_monsterinsights_skip_tracking":false,"_monsterinsights_sitenote_active":false,"_monsterinsights_sitenote_note":"","_monsterinsights_sitenote_category":0,"jetpack_post_was_ever_published":false,"_jetpack_newsletter_access":"","_jetpack_dont_email_post_to_subs":false,"_jetpack_newsletter_tier_id":0,"_jetpack_memberships_contains_paywalled_content":false,"_jetpack_memberships_contains_paid_content":false,"footnotes":"","jetpack_publicize_message":"","jetpack_publicize_feature_enabled":true,"jetpack_social_post_already_shared":false,"jetpack_social_options":{"image_generator_settings":{"template":"highway","default_image_id":0,"font":"","enabled":false},"version":2},"_wpas_customize_per_network":false},"categories":[21],"tags":[367],"class_list":["post-1941","post","type-post","status-publish","format-standard","hentry","category-deportes","tag-doble-bragado","generate-columns","tablet-grid-50","mobile-grid-100","grid-parent","grid-50"],"jetpack_publicize_connections":[],"jetpack_featured_media_url":"","wps_subtitle":"","jetpack_sharing_enabled":true,"_links":{"self":[{"href":"https:\/\/www.hoymercedes.com.ar\/principal\/wp-json\/wp\/v2\/posts\/1941","targetHints":{"allow":["GET"]}}],"collection":[{"href":"https:\/\/www.hoymercedes.com.ar\/principal\/wp-json\/wp\/v2\/posts"}],"about":[{"href":"https:\/\/www.hoymercedes.com.ar\/principal\/wp-json\/wp\/v2\/types\/post"}],"author":[{"embeddable":true,"href":"https:\/\/www.hoymercedes.com.ar\/principal\/wp-json\/wp\/v2\/users\/1"}],"replies":[{"embeddable":true,"href":"https:\/\/www.hoymercedes.com.ar\/principal\/wp-json\/wp\/v2\/comments?post=1941"}],"version-history":[{"count":0,"href":"https:\/\/www.hoymercedes.com.ar\/principal\/wp-json\/wp\/v2\/posts\/1941\/revisions"}],"wp:attachment":[{"href":"https:\/\/www.hoymercedes.com.ar\/principal\/wp-json\/wp\/v2\/media?parent=1941"}],"wp:term":[{"taxonomy":"category","embeddable":true,"href":"https:\/\/www.hoymercedes.com.ar\/principal\/wp-json\/wp\/v2\/categories?post=1941"},{"taxonomy":"post_tag","embeddable":true,"href":"https:\/\/www.hoymercedes.com.ar\/principal\/wp-json\/wp\/v2\/tags?post=1941"}],"curies":[{"name":"wp","href":"https:\/\/api.w.org\/{rel}","templated":true}]}}