{"id":194183,"date":"2026-04-04T08:55:00","date_gmt":"2026-04-04T11:55:00","guid":{"rendered":"https:\/\/www.hoymercedes.com.ar\/principal\/?p=194183"},"modified":"2026-04-03T15:56:49","modified_gmt":"2026-04-03T18:56:49","slug":"el-cef-n-40-incorpora-una-importante-dotacion-de-materiales-deportivos","status":"publish","type":"post","link":"https:\/\/www.hoymercedes.com.ar\/principal\/2026\/04\/04\/el-cef-n-40-incorpora-una-importante-dotacion-de-materiales-deportivos\/","title":{"rendered":"El CEF N\u00b0 40 incorpora una importante dotaci\u00f3n de materiales deportivos"},"content":{"rendered":"\n<p>En el marco de una pol\u00edtica de acompa\u00f1amiento al crecimiento institucional, el <strong>Centro de Educaci\u00f3n F\u00edsica N\u00b0 40<\/strong> de Mercedes recibi\u00f3 una <strong>significativa entrega de materiales deportivos<\/strong>, destinada a mejorar las condiciones de ense\u00f1anza y pr\u00e1ctica en sus distintas disciplinas.<\/p>\n\n\n\n<figure class=\"wp-block-image size-large\"><img loading=\"lazy\" decoding=\"async\" width=\"1024\" height=\"768\" data-attachment-id=\"194184\" data-permalink=\"https:\/\/www.hoymercedes.com.ar\/principal\/2026\/04\/04\/el-cef-n-40-incorpora-una-importante-dotacion-de-materiales-deportivos\/image-404\/#main\" data-orig-file=\"https:\/\/www.hoymercedes.com.ar\/principal\/wp-content\/uploads\/2026\/04\/image-9.png\" data-orig-size=\"2048,1536\" data-comments-opened=\"0\" data-image-meta=\"{&quot;aperture&quot;:&quot;0&quot;,&quot;credit&quot;:&quot;&quot;,&quot;camera&quot;:&quot;&quot;,&quot;caption&quot;:&quot;&quot;,&quot;created_timestamp&quot;:&quot;0&quot;,&quot;copyright&quot;:&quot;&quot;,&quot;focal_length&quot;:&quot;0&quot;,&quot;iso&quot;:&quot;0&quot;,&quot;shutter_speed&quot;:&quot;0&quot;,&quot;title&quot;:&quot;&quot;,&quot;orientation&quot;:&quot;0&quot;}\" data-image-title=\"image\" data-image-description=\"\" data-image-caption=\"\" data-large-file=\"https:\/\/www.hoymercedes.com.ar\/principal\/wp-content\/uploads\/2026\/04\/image-9-1024x768.png\" src=\"https:\/\/www.hoymercedes.com.ar\/principal\/wp-content\/uploads\/2026\/04\/image-9-1024x768.png\" alt=\"\" class=\"wp-image-194184\" srcset=\"https:\/\/www.hoymercedes.com.ar\/principal\/wp-content\/uploads\/2026\/04\/image-9-1024x768.png 1024w, https:\/\/www.hoymercedes.com.ar\/principal\/wp-content\/uploads\/2026\/04\/image-9-630x473.png 630w, https:\/\/www.hoymercedes.com.ar\/principal\/wp-content\/uploads\/2026\/04\/image-9-150x113.png 150w, https:\/\/www.hoymercedes.com.ar\/principal\/wp-content\/uploads\/2026\/04\/image-9-1536x1152.png 1536w, https:\/\/www.hoymercedes.com.ar\/principal\/wp-content\/uploads\/2026\/04\/image-9.png 2048w\" sizes=\"auto, (max-width: 1024px) 100vw, 1024px\" \/><\/figure>\n\n\n\n<p>La iniciativa fue impulsada por la <strong>Asociaci\u00f3n Cooperadora<\/strong>, que concret\u00f3 la adquisici\u00f3n de estos insumos con el objetivo de responder al aumento sostenido de la matr\u00edcula y garantizar una <strong>educaci\u00f3n f\u00edsica de calidad para todas las edades<\/strong>.<\/p>\n\n\n\n<p>El CEF N\u00b0 40 se consolida como un espacio clave en la formaci\u00f3n deportiva y social de la comunidad, con propuestas que abarcan desde la infancia hasta adultos mayores, incluyendo adem\u00e1s actividades adaptadas para personas con discapacidad.<\/p>\n\n\n\n<p>La nueva dotaci\u00f3n fue pensada para cubrir las necesidades espec\u00edficas de cada \u00e1rea. Entre los elementos incorporados se destacan pelotas de v\u00f3ley \u2014incluyendo material para mini v\u00f3ley y nivel profesional\u2014, colchonetas, pelotas de gimnasia art\u00edstica, vallas de atletismo y conos demarcatorios. Tambi\u00e9n se sumaron insumos para deportes grupales como h\u00e1ndbol, hockey y f\u00fatbol, junto con materiales orientados a la psicomotricidad, infladores y bolsos porta pelotas.<\/p>\n\n\n\n<p>Asimismo, se puso especial \u00e9nfasis en fortalecer el \u00e1rea de <strong>educaci\u00f3n f\u00edsica especial<\/strong>, incorporando recursos que favorecen la inclusi\u00f3n y el desarrollo motriz de ni\u00f1os y j\u00f3venes con discapacidad.<\/p>\n\n\n\n<p>Desde la Cooperadora destacaron el acompa\u00f1amiento del equipo directivo, las familias y los alumnos, subrayando que el compromiso de la comunidad resulta fundamental para seguir invirtiendo en equipamiento de calidad. En ese sentido, remarcaron que esta incorporaci\u00f3n no solo mejora la pr\u00e1ctica cotidiana, sino que tambi\u00e9n respalda el trabajo docente y promueve una <strong>educaci\u00f3n accesible e inclusiva<\/strong> para toda la poblaci\u00f3n.<\/p>\n","protected":false},"excerpt":{"rendered":"<p>En el marco de una pol\u00edtica de acompa\u00f1amiento al crecimiento institucional, el Centro de Educaci\u00f3n F\u00edsica N\u00b0 40 de Mercedes &#8230; <a title=\"El CEF N\u00b0 40 incorpora una importante dotaci\u00f3n de materiales deportivos\" class=\"read-more\" href=\"https:\/\/www.hoymercedes.com.ar\/principal\/2026\/04\/04\/el-cef-n-40-incorpora-una-importante-dotacion-de-materiales-deportivos\/\" aria-label=\"Leer m\u00e1s sobre El CEF N\u00b0 40 incorpora una importante dotaci\u00f3n de materiales deportivos\">Leer m\u00e1s<\/a><\/p>\n","protected":false},"author":1,"featured_media":194184,"comment_status":"closed","ping_status":"open","sticky":false,"template":"","format":"standard","meta":{"_monsterinsights_skip_tracking":false,"_monsterinsights_sitenote_active":false,"_monsterinsights_sitenote_note":"","_monsterinsights_sitenote_category":0,"jetpack_post_was_ever_published":false,"_jetpack_newsletter_access":"","_jetpack_dont_email_post_to_subs":false,"_jetpack_newsletter_tier_id":0,"_jetpack_memberships_contains_paywalled_content":false,"_jetpack_memberships_contains_paid_content":false,"footnotes":"","jetpack_publicize_message":"","jetpack_publicize_feature_enabled":true,"jetpack_social_post_already_shared":true,"jetpack_social_options":{"image_generator_settings":{"template":"highway","default_image_id":0,"font":"","enabled":false},"version":2},"_wpas_customize_per_network":false},"categories":[21],"tags":[],"class_list":["post-194183","post","type-post","status-publish","format-standard","has-post-thumbnail","hentry","category-deportes","generate-columns","tablet-grid-50","mobile-grid-100","grid-parent","grid-50"],"jetpack_publicize_connections":[],"jetpack_featured_media_url":"https:\/\/www.hoymercedes.com.ar\/principal\/wp-content\/uploads\/2026\/04\/image-9.png","wps_subtitle":"","jetpack_sharing_enabled":true,"_links":{"self":[{"href":"https:\/\/www.hoymercedes.com.ar\/principal\/wp-json\/wp\/v2\/posts\/194183","targetHints":{"allow":["GET"]}}],"collection":[{"href":"https:\/\/www.hoymercedes.com.ar\/principal\/wp-json\/wp\/v2\/posts"}],"about":[{"href":"https:\/\/www.hoymercedes.com.ar\/principal\/wp-json\/wp\/v2\/types\/post"}],"author":[{"embeddable":true,"href":"https:\/\/www.hoymercedes.com.ar\/principal\/wp-json\/wp\/v2\/users\/1"}],"replies":[{"embeddable":true,"href":"https:\/\/www.hoymercedes.com.ar\/principal\/wp-json\/wp\/v2\/comments?post=194183"}],"version-history":[{"count":1,"href":"https:\/\/www.hoymercedes.com.ar\/principal\/wp-json\/wp\/v2\/posts\/194183\/revisions"}],"predecessor-version":[{"id":194185,"href":"https:\/\/www.hoymercedes.com.ar\/principal\/wp-json\/wp\/v2\/posts\/194183\/revisions\/194185"}],"wp:featuredmedia":[{"embeddable":true,"href":"https:\/\/www.hoymercedes.com.ar\/principal\/wp-json\/wp\/v2\/media\/194184"}],"wp:attachment":[{"href":"https:\/\/www.hoymercedes.com.ar\/principal\/wp-json\/wp\/v2\/media?parent=194183"}],"wp:term":[{"taxonomy":"category","embeddable":true,"href":"https:\/\/www.hoymercedes.com.ar\/principal\/wp-json\/wp\/v2\/categories?post=194183"},{"taxonomy":"post_tag","embeddable":true,"href":"https:\/\/www.hoymercedes.com.ar\/principal\/wp-json\/wp\/v2\/tags?post=194183"}],"curies":[{"name":"wp","href":"https:\/\/api.w.org\/{rel}","templated":true}]}}