{"id":194208,"date":"2026-04-04T12:00:00","date_gmt":"2026-04-04T15:00:00","guid":{"rendered":"https:\/\/www.hoymercedes.com.ar\/principal\/?p=194208"},"modified":"2026-04-04T01:05:38","modified_gmt":"2026-04-04T04:05:38","slug":"bomberos-voluntarios-renovo-sus-autoridades-en-asamblea-anual","status":"publish","type":"post","link":"https:\/\/www.hoymercedes.com.ar\/principal\/2026\/04\/04\/bomberos-voluntarios-renovo-sus-autoridades-en-asamblea-anual\/","title":{"rendered":"Bomberos Voluntarios renov\u00f3 sus autoridades en Asamblea Anual"},"content":{"rendered":"\n<figure class=\"wp-block-image size-large is-resized\"><img loading=\"lazy\" decoding=\"async\" width=\"1024\" height=\"597\" data-attachment-id=\"194209\" data-permalink=\"https:\/\/www.hoymercedes.com.ar\/principal\/2026\/04\/04\/bomberos-voluntarios-renovo-sus-autoridades-en-asamblea-anual\/comision-directiva-bomberos-2026\/#main\" data-orig-file=\"https:\/\/www.hoymercedes.com.ar\/principal\/wp-content\/uploads\/2026\/04\/Comision-Directiva-Bomberos-2026.jpg\" data-orig-size=\"1200,700\" data-comments-opened=\"0\" data-image-meta=\"{&quot;aperture&quot;:&quot;0&quot;,&quot;credit&quot;:&quot;&quot;,&quot;camera&quot;:&quot;&quot;,&quot;caption&quot;:&quot;&quot;,&quot;created_timestamp&quot;:&quot;0&quot;,&quot;copyright&quot;:&quot;&quot;,&quot;focal_length&quot;:&quot;0&quot;,&quot;iso&quot;:&quot;0&quot;,&quot;shutter_speed&quot;:&quot;0&quot;,&quot;title&quot;:&quot;&quot;,&quot;orientation&quot;:&quot;0&quot;}\" data-image-title=\"Comisi\u00f3n Directiva Bomberos 2026\" data-image-description=\"&lt;p&gt;Bomberos Voluntarios renov\u00f3 sus autoridades en Asamblea Anual&lt;\/p&gt;\n\" data-image-caption=\"\" data-large-file=\"https:\/\/www.hoymercedes.com.ar\/principal\/wp-content\/uploads\/2026\/04\/Comision-Directiva-Bomberos-2026-1024x597.jpg\" src=\"https:\/\/www.hoymercedes.com.ar\/principal\/wp-content\/uploads\/2026\/04\/Comision-Directiva-Bomberos-2026-1024x597.jpg\" alt=\"Bomberos Voluntarios renov\u00f3 sus autoridades en Asamblea Anual\" class=\"wp-image-194209\" style=\"width:1080px;height:auto\" srcset=\"https:\/\/www.hoymercedes.com.ar\/principal\/wp-content\/uploads\/2026\/04\/Comision-Directiva-Bomberos-2026-1024x597.jpg 1024w, https:\/\/www.hoymercedes.com.ar\/principal\/wp-content\/uploads\/2026\/04\/Comision-Directiva-Bomberos-2026-630x368.jpg 630w, https:\/\/www.hoymercedes.com.ar\/principal\/wp-content\/uploads\/2026\/04\/Comision-Directiva-Bomberos-2026-150x88.jpg 150w, https:\/\/www.hoymercedes.com.ar\/principal\/wp-content\/uploads\/2026\/04\/Comision-Directiva-Bomberos-2026.jpg 1200w\" sizes=\"auto, (max-width: 1024px) 100vw, 1024px\" \/><\/figure>\n\n\n\n<p>El pasado viernes 27 de marzo, la instituci\u00f3n llev\u00f3 a cabo su Asamblea Ordinaria, donde se defini\u00f3 la nueva conformaci\u00f3n del Consejo Directivo que liderar\u00e1 el destino del cuartel en el pr\u00f3ximo per\u00edodo.<\/p>\n\n\n\n<p>La Asociaci\u00f3n de Bomberos Voluntarios celebr\u00f3 su Asamblea Ordinaria Anual. Durante el encuentro, se procedi\u00f3 a la renovaci\u00f3n de autoridades, conformando un equipo de trabajo que combina experiencia y nuevas voluntades para continuar con el crecimiento de la entidad.<\/p>\n\n\n\n<p>Desde la instituci\u00f3n expresaron su profundo agradecimiento a quienes asumen esta responsabilidad, destacando que el trabajo de la Comisi\u00f3n Directiva es estrictamente voluntario y fundamental para garantizar que el cuerpo activo cuente con los recursos necesarios para servir a la comunidad.<\/p>\n\n\n\n<p><strong>Nueva Comisi\u00f3n Directiva<\/strong><\/p>\n\n\n\n<p>Bajo la presidencia de Jonathan Agust\u00edn Sirch, la nueva estructura de mandos qued\u00f3 conformada de la siguiente manera:<\/p>\n\n\n\n<p><strong>Cargos Ejecutivos:<\/strong><\/p>\n\n\n\n<p>Presidente: Sirch, Jonathan Agust\u00edn<\/p>\n\n\n\n<p>Vicepresidente: Colicigno, Jorge Alberto<\/p>\n\n\n\n<p>Secretario General: Botta, Juan Facundo<\/p>\n\n\n\n<p>Secretario de Actas: Antonena, Guillermo Rub\u00e9n<\/p>\n\n\n\n<p>Secretario de Finanzas: Gammacurta, Ignacio<\/p>\n\n\n\n<p>Secretario de Recaudaci\u00f3n: Colombo, Miguel \u00c1ngel<\/p>\n\n\n\n<p><strong>Consejeros Titulares:<\/strong><\/p>\n\n\n\n<p>Salvetti, Angel Hernan<\/p>\n\n\n\n<p>Montero, Ezequiel<\/p>\n\n\n\n<p>Cirulli, Fernando Ezequiel<\/p>\n\n\n\n<p>Casanova, Julio<\/p>\n\n\n\n<p><strong>Revisores de Cuentas Titulares:<\/strong><\/p>\n\n\n\n<p>Urpianello Uncal, Tomas H.<\/p>\n\n\n\n<p>Almada, Juan Cruz<\/p>\n\n\n\n<p>Jaime, Maria Isabel<\/p>\n","protected":false},"excerpt":{"rendered":"<p>El pasado viernes 27 de marzo, la instituci\u00f3n llev\u00f3 a cabo su Asamblea Ordinaria, donde se defini\u00f3 la nueva conformaci\u00f3n &#8230; <a title=\"Bomberos Voluntarios renov\u00f3 sus autoridades en Asamblea Anual\" class=\"read-more\" href=\"https:\/\/www.hoymercedes.com.ar\/principal\/2026\/04\/04\/bomberos-voluntarios-renovo-sus-autoridades-en-asamblea-anual\/\" aria-label=\"Leer m\u00e1s sobre Bomberos Voluntarios renov\u00f3 sus autoridades en Asamblea Anual\">Leer m\u00e1s<\/a><\/p>\n","protected":false},"author":1,"featured_media":194209,"comment_status":"closed","ping_status":"open","sticky":false,"template":"","format":"standard","meta":{"_monsterinsights_skip_tracking":false,"_monsterinsights_sitenote_active":false,"_monsterinsights_sitenote_note":"","_monsterinsights_sitenote_category":0,"jetpack_post_was_ever_published":false,"_jetpack_newsletter_access":"","_jetpack_dont_email_post_to_subs":false,"_jetpack_newsletter_tier_id":0,"_jetpack_memberships_contains_paywalled_content":false,"_jetpack_memberships_contains_paid_content":false,"footnotes":"","jetpack_publicize_message":"","jetpack_publicize_feature_enabled":true,"jetpack_social_post_already_shared":true,"jetpack_social_options":{"image_generator_settings":{"template":"highway","default_image_id":0,"font":"","enabled":false},"version":2},"_wpas_customize_per_network":false},"categories":[8],"tags":[865,21065,21064],"class_list":["post-194208","post","type-post","status-publish","format-standard","has-post-thumbnail","hentry","category-sociedad","tag-bomberos-voluntarios","tag-comision-directiva-bomberos","tag-cuartel-27-mercedes","generate-columns","tablet-grid-50","mobile-grid-100","grid-parent","grid-50"],"jetpack_publicize_connections":[],"jetpack_featured_media_url":"https:\/\/www.hoymercedes.com.ar\/principal\/wp-content\/uploads\/2026\/04\/Comision-Directiva-Bomberos-2026.jpg","wps_subtitle":"","jetpack_sharing_enabled":true,"_links":{"self":[{"href":"https:\/\/www.hoymercedes.com.ar\/principal\/wp-json\/wp\/v2\/posts\/194208","targetHints":{"allow":["GET"]}}],"collection":[{"href":"https:\/\/www.hoymercedes.com.ar\/principal\/wp-json\/wp\/v2\/posts"}],"about":[{"href":"https:\/\/www.hoymercedes.com.ar\/principal\/wp-json\/wp\/v2\/types\/post"}],"author":[{"embeddable":true,"href":"https:\/\/www.hoymercedes.com.ar\/principal\/wp-json\/wp\/v2\/users\/1"}],"replies":[{"embeddable":true,"href":"https:\/\/www.hoymercedes.com.ar\/principal\/wp-json\/wp\/v2\/comments?post=194208"}],"version-history":[{"count":2,"href":"https:\/\/www.hoymercedes.com.ar\/principal\/wp-json\/wp\/v2\/posts\/194208\/revisions"}],"predecessor-version":[{"id":194211,"href":"https:\/\/www.hoymercedes.com.ar\/principal\/wp-json\/wp\/v2\/posts\/194208\/revisions\/194211"}],"wp:featuredmedia":[{"embeddable":true,"href":"https:\/\/www.hoymercedes.com.ar\/principal\/wp-json\/wp\/v2\/media\/194209"}],"wp:attachment":[{"href":"https:\/\/www.hoymercedes.com.ar\/principal\/wp-json\/wp\/v2\/media?parent=194208"}],"wp:term":[{"taxonomy":"category","embeddable":true,"href":"https:\/\/www.hoymercedes.com.ar\/principal\/wp-json\/wp\/v2\/categories?post=194208"},{"taxonomy":"post_tag","embeddable":true,"href":"https:\/\/www.hoymercedes.com.ar\/principal\/wp-json\/wp\/v2\/tags?post=194208"}],"curies":[{"name":"wp","href":"https:\/\/api.w.org\/{rel}","templated":true}]}}