{"id":19427,"date":"2013-01-15T00:11:56","date_gmt":"2013-01-15T00:11:56","guid":{"rendered":"http:\/\/www.hoymercedes.com.ar\/principal\/?p=19427"},"modified":"2013-01-15T00:12:19","modified_gmt":"2013-01-15T00:12:19","slug":"una-falta-de-quorum-esperada-el-miercole-snuevo-intento","status":"publish","type":"post","link":"https:\/\/www.hoymercedes.com.ar\/principal\/2013\/01\/15\/una-falta-de-quorum-esperada-el-miercole-snuevo-intento\/","title":{"rendered":"Una falta de qu\u00f3rum esperada. El mi\u00e9rcole snuevo intento"},"content":{"rendered":"<p><strong><em>La noticia no sorprende. Es lo que se esperaba. Algunos ediles no asistieron a la reuni\u00f3n del Concejo Deliberante planificada en car\u00e1cter extraordinario donde tratar\u00edan el veto de Carlos Selva a la propuesta de modificaci\u00f3n del porcentaje de antig\u00fcedad que se paga a los agentes municipales.<\/em><\/strong><\/p>\n<p>Era esperado porque estamos en la mitad de enero y porque el tema es pol\u00e9mico, adem\u00e1s de que algunos est\u00e1n m\u00e1s que nada mostr\u00e1ndose, en lugar de planificando pol\u00edticamente, pensando en un 2013 electoral que requerir\u00e1 m\u00e1s seriedad de la habitual.<\/p>\n<p>Deber\u00eda haberse tratado el veto del Ejecutivo, pero, qued\u00f3, justamente, en un \u201cdeber\u00eda\u201d.<\/p>\n<p>Independientemente de las fuerzas que no estuvieron presentes el asunto permite otear, para algunos, un a\u00f1o m\u00e1s re\u00f1ido, pol\u00e9mico y con una productividad puesta en la lupa.<\/p>\n<p>&nbsp;<\/p>\n","protected":false},"excerpt":{"rendered":"<p>La noticia no sorprende. Es lo que se esperaba. Algunos ediles no asistieron a la reuni\u00f3n del Concejo Deliberante planificada &#8230; <a title=\"Una falta de qu\u00f3rum esperada. El mi\u00e9rcole snuevo intento\" class=\"read-more\" href=\"https:\/\/www.hoymercedes.com.ar\/principal\/2013\/01\/15\/una-falta-de-quorum-esperada-el-miercole-snuevo-intento\/\" aria-label=\"Leer m\u00e1s sobre Una falta de qu\u00f3rum esperada. El mi\u00e9rcole snuevo intento\">Leer m\u00e1s<\/a><\/p>\n","protected":false},"author":1,"featured_media":0,"comment_status":"open","ping_status":"open","sticky":false,"template":"","format":"standard","meta":{"_monsterinsights_skip_tracking":false,"_monsterinsights_sitenote_active":false,"_monsterinsights_sitenote_note":"","_monsterinsights_sitenote_category":0,"jetpack_post_was_ever_published":false,"_jetpack_newsletter_access":"","_jetpack_dont_email_post_to_subs":false,"_jetpack_newsletter_tier_id":0,"_jetpack_memberships_contains_paywalled_content":false,"_jetpack_memberships_contains_paid_content":false,"footnotes":"","jetpack_publicize_message":"","jetpack_publicize_feature_enabled":true,"jetpack_social_post_already_shared":false,"jetpack_social_options":{"image_generator_settings":{"template":"highway","default_image_id":0,"font":"","enabled":false},"version":2},"_wpas_customize_per_network":false},"categories":[5],"tags":[236],"class_list":["post-19427","post","type-post","status-publish","format-standard","hentry","category-politica","tag-concejo-deliberante","generate-columns","tablet-grid-50","mobile-grid-100","grid-parent","grid-50"],"jetpack_publicize_connections":[],"jetpack_featured_media_url":"","wps_subtitle":"","jetpack_sharing_enabled":true,"_links":{"self":[{"href":"https:\/\/www.hoymercedes.com.ar\/principal\/wp-json\/wp\/v2\/posts\/19427","targetHints":{"allow":["GET"]}}],"collection":[{"href":"https:\/\/www.hoymercedes.com.ar\/principal\/wp-json\/wp\/v2\/posts"}],"about":[{"href":"https:\/\/www.hoymercedes.com.ar\/principal\/wp-json\/wp\/v2\/types\/post"}],"author":[{"embeddable":true,"href":"https:\/\/www.hoymercedes.com.ar\/principal\/wp-json\/wp\/v2\/users\/1"}],"replies":[{"embeddable":true,"href":"https:\/\/www.hoymercedes.com.ar\/principal\/wp-json\/wp\/v2\/comments?post=19427"}],"version-history":[{"count":0,"href":"https:\/\/www.hoymercedes.com.ar\/principal\/wp-json\/wp\/v2\/posts\/19427\/revisions"}],"wp:attachment":[{"href":"https:\/\/www.hoymercedes.com.ar\/principal\/wp-json\/wp\/v2\/media?parent=19427"}],"wp:term":[{"taxonomy":"category","embeddable":true,"href":"https:\/\/www.hoymercedes.com.ar\/principal\/wp-json\/wp\/v2\/categories?post=19427"},{"taxonomy":"post_tag","embeddable":true,"href":"https:\/\/www.hoymercedes.com.ar\/principal\/wp-json\/wp\/v2\/tags?post=19427"}],"curies":[{"name":"wp","href":"https:\/\/api.w.org\/{rel}","templated":true}]}}