{"id":19448,"date":"2013-01-16T02:04:20","date_gmt":"2013-01-16T02:04:20","guid":{"rendered":"http:\/\/www.hoymercedes.com.ar\/principal\/?p=19448"},"modified":"2013-01-16T02:05:22","modified_gmt":"2013-01-16T02:05:22","slug":"cestari-presidente-del-concejo-deliberante","status":"publish","type":"post","link":"https:\/\/www.hoymercedes.com.ar\/principal\/2013\/01\/16\/cestari-presidente-del-concejo-deliberante\/","title":{"rendered":"Cestari presidente del Concejo Deliberante"},"content":{"rendered":"<p>El Concejal Jos\u00e9 Cestar\u00ed ser\u00e1 el Presidente del Concejo Deliberante en la sesi\u00f3n que este mi\u00e9rcoles buscar\u00e1 tratar el veto del intendente a la forma de contemplar la antig\u00fcedad de los agentes municipales.<\/p>\n<p>Tal situaci\u00f3n se genera a partir de que Selva se encuentra de vacaciones ante lo cual Marcelo Denapole es el intendente interino, de tal forma, queda vacante la presidencia del Concejo ante lo cual asumir\u00e1 tal rol el edil del MIC Jos\u00e9 Cestari.<\/p>\n<p>La posibilidad de tomar la presidencia ser\u00e1 ef\u00edmera ya que para las pr\u00f3ximas reuniones se prev\u00e9 ya est\u00e9 el intendente Selva en su cargo y Denapole tomando nuevamente la conducci\u00f3n del Deliberativo.<\/p>\n<p>El mismo Cestari se lo coment\u00f3 a la comunidad de la siguiente manera:<em> \u00abMa\u00f1ana 16 de enero Sesi\u00f3n extraordinaria en el Honorable Concejo Deliberante. 9.30 hs. El Presidente del Concejo estar\u00e1 como intendente provisorio (Selva estar\u00e1 de vacaciones del 16 al 31 de enero). La Vicepresidente Primera In\u00e9s Ghione no ir\u00e1 a la Sesi\u00f3n. Entonces el Concejal del MIC Jos\u00e9 Cestari (Vicepresidente Segundo) ser\u00e1 el presidente de la sesi\u00f3n ma\u00f1ana.\u00bb<\/em><\/p>\n","protected":false},"excerpt":{"rendered":"<p>El Concejal Jos\u00e9 Cestar\u00ed ser\u00e1 el Presidente del Concejo Deliberante en la sesi\u00f3n que este mi\u00e9rcoles buscar\u00e1 tratar el veto &#8230; <a title=\"Cestari presidente del Concejo Deliberante\" class=\"read-more\" href=\"https:\/\/www.hoymercedes.com.ar\/principal\/2013\/01\/16\/cestari-presidente-del-concejo-deliberante\/\" aria-label=\"Leer m\u00e1s sobre Cestari presidente del Concejo Deliberante\">Leer m\u00e1s<\/a><\/p>\n","protected":false},"author":1,"featured_media":0,"comment_status":"open","ping_status":"open","sticky":false,"template":"","format":"standard","meta":{"_monsterinsights_skip_tracking":false,"_monsterinsights_sitenote_active":false,"_monsterinsights_sitenote_note":"","_monsterinsights_sitenote_category":0,"jetpack_post_was_ever_published":false,"_jetpack_newsletter_access":"","_jetpack_dont_email_post_to_subs":false,"_jetpack_newsletter_tier_id":0,"_jetpack_memberships_contains_paywalled_content":false,"_jetpack_memberships_contains_paid_content":false,"footnotes":"","jetpack_publicize_message":"","jetpack_publicize_feature_enabled":true,"jetpack_social_post_already_shared":false,"jetpack_social_options":{"image_generator_settings":{"template":"highway","default_image_id":0,"font":"","enabled":false},"version":2},"_wpas_customize_per_network":false},"categories":[5],"tags":[321],"class_list":["post-19448","post","type-post","status-publish","format-standard","hentry","category-politica","tag-jose-cestari","generate-columns","tablet-grid-50","mobile-grid-100","grid-parent","grid-50"],"jetpack_publicize_connections":[],"jetpack_featured_media_url":"","wps_subtitle":"","jetpack_sharing_enabled":true,"_links":{"self":[{"href":"https:\/\/www.hoymercedes.com.ar\/principal\/wp-json\/wp\/v2\/posts\/19448","targetHints":{"allow":["GET"]}}],"collection":[{"href":"https:\/\/www.hoymercedes.com.ar\/principal\/wp-json\/wp\/v2\/posts"}],"about":[{"href":"https:\/\/www.hoymercedes.com.ar\/principal\/wp-json\/wp\/v2\/types\/post"}],"author":[{"embeddable":true,"href":"https:\/\/www.hoymercedes.com.ar\/principal\/wp-json\/wp\/v2\/users\/1"}],"replies":[{"embeddable":true,"href":"https:\/\/www.hoymercedes.com.ar\/principal\/wp-json\/wp\/v2\/comments?post=19448"}],"version-history":[{"count":0,"href":"https:\/\/www.hoymercedes.com.ar\/principal\/wp-json\/wp\/v2\/posts\/19448\/revisions"}],"wp:attachment":[{"href":"https:\/\/www.hoymercedes.com.ar\/principal\/wp-json\/wp\/v2\/media?parent=19448"}],"wp:term":[{"taxonomy":"category","embeddable":true,"href":"https:\/\/www.hoymercedes.com.ar\/principal\/wp-json\/wp\/v2\/categories?post=19448"},{"taxonomy":"post_tag","embeddable":true,"href":"https:\/\/www.hoymercedes.com.ar\/principal\/wp-json\/wp\/v2\/tags?post=19448"}],"curies":[{"name":"wp","href":"https:\/\/api.w.org\/{rel}","templated":true}]}}