{"id":19450,"date":"2013-01-16T02:03:01","date_gmt":"2013-01-16T02:03:01","guid":{"rendered":"http:\/\/www.hoymercedes.com.ar\/principal\/?p=19450"},"modified":"2013-01-16T02:03:17","modified_gmt":"2013-01-16T02:03:17","slug":"nora-alvarado-santana-es-virtual-presidente-y-hace-politica-con-el-sello-de-la-federacion","status":"publish","type":"post","link":"https:\/\/www.hoymercedes.com.ar\/principal\/2013\/01\/16\/nora-alvarado-santana-es-virtual-presidente-y-hace-politica-con-el-sello-de-la-federacion\/","title":{"rendered":"Nora Alvarado: \u00abSantana es virtual presidente y hace pol\u00edtica con el sello de la Federaci\u00f3n\u00bb"},"content":{"rendered":"<p><em><strong>La fomentista Nora Alvarado se manifest\u00f3 en torno a las declaraciones realizadas anteriormente por Alejandra Santana en relaci\u00f3n a su figura y a la de su marido. En una comunicaci\u00f3n a los medios de prensa vuelve a encender la pol\u00e9mica sosteniendo que Santana es una presidenta virtual y que hace pol\u00edtica gracias al sello federativo.\u00a0<\/strong><\/em><\/p>\n<p>Alvarado sotuvo: <em>\u00abEs lamentable lo que publican algunos medios, sobre dichos de la Sra Santana, virtual Presidenta de la Federaci\u00f3n de Sociedades de Fomento, digo virtual porque queda claro que no tiene representaci\u00f3n, s\u00f3lo la acompa\u00f1an tres o cuatro barrios de los cuales varios ya est\u00e1n\u00a0ac\u00e9falos\u00a0hace rato, pero bueno no es lo que quiero exponer.<\/em><\/p>\n<p><em>Esta se\u00f1ora habla de maltratos de mi parte y de mi esposo, nada m\u00e1s falaz,\u00a0pues\u00a0mi esposo, que actu\u00f3 como veedor\u00a0municipal\u00a0 por lo tanto era la autoridad\u00a0m\u00e1xima\u00a0en la asamblea, le manifest\u00f3 que en la\u00a0pr\u00f3xima\u00a0ella deber\u00e1 presentarse con una nota firmada por miembros de la Federaci\u00f3n\u00a0que avalen su presencia en la misma , como lo hace el veedor, designado por nota por el ejecutivo.<\/em><\/p>\n<p><em>Sucede que si no cualquier individuo se presenta en una asamblea sin aval ninguno.<\/em><\/p>\n<p><em>Ademas , ella no puede ni debe manifestar ni actuar en la asamblea, s\u00f3lo debe ver, como lo dice la palabra.<\/em><\/p>\n<p><em>Con respecto a mi , bueno , yo me hice presente con la presidenta del barrio Mutti y la del barrio San Justo, a la que esta \u00abSra\u00bb le\u00a0realiz\u00f3\u00a0una asamblea y pedido de elecciones fuera de , lugar , pisoteando\u00a0as\u00ed\u00a0a la\u00a0instituci\u00f3n\u00a0barrial a la que ella dice defender, aclaro que lo mismo hizo con el barrio Marchetti, y\u00a0as\u00ed\u00a0la lista, adem\u00e1s yo me baj\u00e9 de mi auto cuando vi la presencia del Doctor Bereterbide , claro representante de La Campora en el lugar, convocado por esta Sra.<\/em><\/p>\n<p><em>Por \u00faltimo , yo creo que los terribles problemas personales por los que est\u00e1 pasando, hacen que se victimice, buscando chivos expiatorios a su problema, pero quiero que quede claro, esta sra hace\u00a0pol\u00edtica\u00a0partidaria utilizando el sello de la Federaci\u00f3n, y no voy a permitir que siga pisoteando a las instituciones tan descaradamente, tengo una\u00a0autoridad\u00a0de 23 a\u00f1os en el fomentismo para manifestarlo y compa\u00f1eros que me apoyan.<\/em><\/p>\n<p><em>Por ultimo le digo a esta \u00bb Sra\u00bb: usted es victima de sus propios problemas , no de las personas que tienen y defienden una postura\u00bb<\/em>, sostuvo la dirigente barrial en relaci\u00f3n a las declaraciones previas de Santana<\/p>\n","protected":false},"excerpt":{"rendered":"<p>La fomentista Nora Alvarado se manifest\u00f3 en torno a las declaraciones realizadas anteriormente por Alejandra Santana en relaci\u00f3n a su &#8230; <a title=\"Nora Alvarado: \u00abSantana es virtual presidente y hace pol\u00edtica con el sello de la Federaci\u00f3n\u00bb\" class=\"read-more\" href=\"https:\/\/www.hoymercedes.com.ar\/principal\/2013\/01\/16\/nora-alvarado-santana-es-virtual-presidente-y-hace-politica-con-el-sello-de-la-federacion\/\" aria-label=\"Leer m\u00e1s sobre Nora Alvarado: \u00abSantana es virtual presidente y hace pol\u00edtica con el sello de la Federaci\u00f3n\u00bb\">Leer m\u00e1s<\/a><\/p>\n","protected":false},"author":1,"featured_media":0,"comment_status":"open","ping_status":"open","sticky":false,"template":"","format":"standard","meta":{"_monsterinsights_skip_tracking":false,"_monsterinsights_sitenote_active":false,"_monsterinsights_sitenote_note":"","_monsterinsights_sitenote_category":0,"jetpack_post_was_ever_published":false,"_jetpack_newsletter_access":"","_jetpack_dont_email_post_to_subs":false,"_jetpack_newsletter_tier_id":0,"_jetpack_memberships_contains_paywalled_content":false,"_jetpack_memberships_contains_paid_content":false,"footnotes":"","jetpack_publicize_message":"","jetpack_publicize_feature_enabled":true,"jetpack_social_post_already_shared":false,"jetpack_social_options":{"image_generator_settings":{"template":"highway","default_image_id":0,"font":"","enabled":false},"version":2},"_wpas_customize_per_network":false},"categories":[5],"tags":[1805,3144,686,860],"class_list":["post-19450","post","type-post","status-publish","format-standard","hentry","category-politica","tag-alejandra-santana","tag-alejandra-santanda","tag-federacion-sociedades-de-fomento","tag-nora-alvarado","generate-columns","tablet-grid-50","mobile-grid-100","grid-parent","grid-50"],"jetpack_publicize_connections":[],"jetpack_featured_media_url":"","wps_subtitle":"","jetpack_sharing_enabled":true,"_links":{"self":[{"href":"https:\/\/www.hoymercedes.com.ar\/principal\/wp-json\/wp\/v2\/posts\/19450","targetHints":{"allow":["GET"]}}],"collection":[{"href":"https:\/\/www.hoymercedes.com.ar\/principal\/wp-json\/wp\/v2\/posts"}],"about":[{"href":"https:\/\/www.hoymercedes.com.ar\/principal\/wp-json\/wp\/v2\/types\/post"}],"author":[{"embeddable":true,"href":"https:\/\/www.hoymercedes.com.ar\/principal\/wp-json\/wp\/v2\/users\/1"}],"replies":[{"embeddable":true,"href":"https:\/\/www.hoymercedes.com.ar\/principal\/wp-json\/wp\/v2\/comments?post=19450"}],"version-history":[{"count":0,"href":"https:\/\/www.hoymercedes.com.ar\/principal\/wp-json\/wp\/v2\/posts\/19450\/revisions"}],"wp:attachment":[{"href":"https:\/\/www.hoymercedes.com.ar\/principal\/wp-json\/wp\/v2\/media?parent=19450"}],"wp:term":[{"taxonomy":"category","embeddable":true,"href":"https:\/\/www.hoymercedes.com.ar\/principal\/wp-json\/wp\/v2\/categories?post=19450"},{"taxonomy":"post_tag","embeddable":true,"href":"https:\/\/www.hoymercedes.com.ar\/principal\/wp-json\/wp\/v2\/tags?post=19450"}],"curies":[{"name":"wp","href":"https:\/\/api.w.org\/{rel}","templated":true}]}}