{"id":19462,"date":"2013-01-17T01:12:14","date_gmt":"2013-01-17T01:12:14","guid":{"rendered":"http:\/\/www.hoymercedes.com.ar\/principal\/?p=19462"},"modified":"2013-01-17T01:12:42","modified_gmt":"2013-01-17T01:12:42","slug":"cestari-expresa-sus-ideas-sobre-el-transito-local","status":"publish","type":"post","link":"https:\/\/www.hoymercedes.com.ar\/principal\/2013\/01\/17\/cestari-expresa-sus-ideas-sobre-el-transito-local\/","title":{"rendered":"Cestari expresa sus ideas sobre el tr\u00e1nsito local"},"content":{"rendered":"<p><a href=\"https:\/\/www.hoymercedes.com.ar\/principal\/wp-content\/uploads\/2012\/12\/JoseCestari.MIC-Mercedes.jpg\"><img loading=\"lazy\" decoding=\"async\" data-attachment-id=\"19088\" data-permalink=\"https:\/\/www.hoymercedes.com.ar\/principal\/2012\/12\/28\/cestari-cuestiona-asamblea-y-nueva-convocatoria-afirmando-el-bloque-mic-no-quiere-hacer-un-planteo-demagogico\/josecestari-mic-mercedes\/#main\" data-orig-file=\"https:\/\/www.hoymercedes.com.ar\/principal\/wp-content\/uploads\/2012\/12\/JoseCestari.MIC-Mercedes.jpg\" data-orig-size=\"618,412\" data-comments-opened=\"1\" data-image-meta=\"{&quot;aperture&quot;:&quot;4.5&quot;,&quot;credit&quot;:&quot;&quot;,&quot;camera&quot;:&quot;NIKON D90&quot;,&quot;caption&quot;:&quot;&quot;,&quot;created_timestamp&quot;:&quot;1289562676&quot;,&quot;copyright&quot;:&quot;Paula Soruco Fotograf\\u00eda&quot;,&quot;focal_length&quot;:&quot;35&quot;,&quot;iso&quot;:&quot;200&quot;,&quot;shutter_speed&quot;:&quot;0.033333333333333&quot;,&quot;title&quot;:&quot;&quot;}\" data-image-title=\"Jos\u00e9 Cestari\" data-image-description=\"&lt;p&gt;Jos\u00e9 Cestari&lt;\/p&gt;\n\" data-image-caption=\"\" data-large-file=\"https:\/\/www.hoymercedes.com.ar\/principal\/wp-content\/uploads\/2012\/12\/JoseCestari.MIC-Mercedes.jpg\" class=\"aligncenter size-full wp-image-19088\" alt=\"Jos\u00e9 Cestari\" src=\"https:\/\/www.hoymercedes.com.ar\/principal\/wp-content\/uploads\/2012\/12\/JoseCestari.MIC-Mercedes.jpg\" width=\"618\" height=\"412\" \/><\/a><\/p>\n<p><em><strong>Desde el MIC Mercedes conducido por el edil Jos\u00e9 Cestari hacen llegar a la comunidad una serie de reflexiones y propuestas en torno al tr\u00e1nsito y la seguridad vehicular en un documento que por medio de la prensa desean hacer conocer.<\/strong><\/em><\/p>\n<p>El documento que expresa las ideas del MIC es el siguiente:<\/p>\n<p>El concejal Jos\u00e9 Cestari junto a los integrantes del MIc Mercedes estuvieron observando y dialogando con algunos vecinos de los Barrios Seminario y Villa Industrial Este respecto a la problem\u00e1tica del tr\u00e1nsito vehicular, fundamentalmente en horario pico, como consecuencia, entre otras, de la presencia de Instituciones Educativas con considerable matr\u00edcula (Instituto Madre Camila Rol\u00f3n, Instituto Padre Ansaldo, Instituto Superior de Formaci\u00f3n Docente y T\u00e9cnica \u201cCiudad de Mercedes\u201d, etc) y la necesidad del mejoramiento de la calle 110, entre el Acceso Manuel Sanmart\u00edn (Acceso Sur) y la calle 15, que ser\u00eda el paso inicial para comenzar con un plan integral del tr\u00e1nsito en esa amplia zona barrial mercedina.<\/p>\n<p>Hay que considerar que los d\u00edas de lluvia y posteriores a las precipitaciones la situaci\u00f3n de anegamiento dificulta la circulaci\u00f3n vehicular, especialmente en algunos sectores de la calle 110 entre Acceso Manuel Sanmart\u00edn (Acceso Sur) y la calle 15. , que la probabilidad de accidentes de tr\u00e1nsito aumenta, que los vecinos pagan la tasa de Conservaci\u00f3n de la v\u00eda p\u00fablica, que algunos trabajadores (de instituciones educativas, comercios, empresas, etc.) utilizan a diario estas v\u00edas de circulaci\u00f3n para asistir a sus empleos, que muchos padres, empresas de trasporte de escolares, etc., llevan a diario a ni\u00f1os, adolescentes y j\u00f3venes a instituciones educativas, que los vecinos de los Barrios Seminario y Villa Industrial Este padecen a diario la problem\u00e1tica del tr\u00e1nsito vehicular, que el tr\u00e1nsito de personas en camionetas, autom\u00f3viles, motos, bicicletas genera un flujo muy importante en ciertas horas pico.<\/p>\n<p>Se observ\u00f3 que hay personas que no respetan las normas de tr\u00e1nsito en la calle 19, que falta se\u00f1alizaci\u00f3n de referencia y que no hay supervisi\u00f3n suficiente por parte de la Secretar\u00eda de Control Urbano.<\/p>\n<p>Est\u00e1 claro que en un plan integral de tr\u00e1nsito, primero hay que mejorar la infraestructura y luego implementar la circulaci\u00f3n en mano \u00fanica de las calles en sentido norte \u2013 sur, asimismo, por las dimensiones de las mismas es necesario el estacionamiento en mano \u00fanica.<\/p>\n<p>De esto surge la necesidad de presentar, en principio un proyecto de mejoramiento de la calle 110, v\u00eda de circulaci\u00f3n muy importante, en sentido este \u2013 oeste, de Avenida Manuel Sanmart\u00edn (Acceso Sur) hasta la calle 19, es de tierra y presenta grandes desniveles (por ejemplo entre 21 y 19) y de 19 a 15, es de piedra, pero presenta gran cantidad de pozos.<\/p>\n<p>Aprovechando el per\u00edodo estival, es un momento propicio para mejorar dicha arteria, antes de que comiencen las clases.<\/p>\n<p>Por otro lado es necesario consultar a los vecinos frentistas para ver si quieren la construcci\u00f3n de cord\u00f3n cuneta o pavimento de acuerdo a los costos y a los anuncios efectuados por el se\u00f1or Intendente de un pr\u00e9stamo del Banco Provincia para pavimentaci\u00f3n y vivienda.<\/p>\n<p>Asimismo, es oportuno, modificar la Ordenanza N\u00b0 7153\/2012, para que gran parte del tr\u00e1nsito, en horario pico no congestione el ingreso y egreso al Instituto Padre Ansaldo, ubicado en calles 114 y 15, los vecinos de calle 19 entre 110 y 114 puedan circular en ambos sentidos y tambi\u00e9n el tr\u00e1nsito del Instituto Madre Camila Rol\u00f3n pueda regresar hacia Avenida 2 por calle 110, ya sea por calle 15 o 21.<\/p>\n<p>Ordenanza N\u00b0 7153\/2012.<\/p>\n<p>Art\u00edculo1 \u00b0. Disp\u00f3nese el sentido de tr\u00e1nsito de \u00fanica malo (norte \u2013 sur) para la calle 19, de Avenida 2 a calle 114.<\/p>\n<p>Art\u00edculo 2\u00b0. Col\u00f3quese la se\u00f1alizaci\u00f3n correspondiente.<\/p>\n<p>Art\u00edculo 3\u00b0.Dif\u00fandase a trav\u00e9s de los medios de informaci\u00f3n correspondientes.<\/p>\n<p>Art\u00edculo 4\u00b0. Los gastos que demande el cumplimiento de la presente ser\u00e1n imputados a la partida que el Departamento Ejecutivo estime correspondiente.<\/p>\n<p>Art\u00edculo 5\u00b0. Comun\u00edquese, reg\u00edstrese, d\u00e9se el Digesto General, cumplido arch\u00edvese.<\/p>\n<p>Las modificaciones propuestas ser\u00edan:<\/p>\n<p>Art\u00edculo 1. Donde dice \u201c\u2026a calle 114.\u201d Deber\u00e1 decir \u201c\u2026 a calle 110\u201d<\/p>\n<p>Art\u00edculo 2. Disp\u00f3nese el sentido de tr\u00e1nsito doble mano para la calle 19 de calle 110 a 114.<\/p>\n<p>Art\u00edculo 3\u00b0. Disp\u00f3nese el estacionamiento de veh\u00edculos motorizados en mano \u00fanica sobre los domicilios con n\u00fameros impares para la calle 19 de Avenida 2 a calle 114.<\/p>\n<p>Articulo 2\u00b0 pasa como Art\u00edculo 4\u00b0.<\/p>\n<p>Art\u00edculo 3\u00b0 pasa como Art\u00edculo 5\u00b0.<\/p>\n<p>&nbsp;<\/p>\n<p>Art\u00edculo 4\u00b0 pasa como Art\u00edculo 6\u00b0.<\/p>\n<p>&nbsp;<\/p>\n<p>Art\u00edculo 5\u00b0 pasa como Art\u00edculo 7\u00b0.<\/p>\n<p>&nbsp;<\/p>\n<p>Comisi\u00f3n de Prensa del MIC<\/p>\n","protected":false},"excerpt":{"rendered":"<p>Desde el MIC Mercedes conducido por el edil Jos\u00e9 Cestari hacen llegar a la comunidad una serie de reflexiones y &#8230; <a title=\"Cestari expresa sus ideas sobre el tr\u00e1nsito local\" class=\"read-more\" href=\"https:\/\/www.hoymercedes.com.ar\/principal\/2013\/01\/17\/cestari-expresa-sus-ideas-sobre-el-transito-local\/\" aria-label=\"Leer m\u00e1s sobre Cestari expresa sus ideas sobre el tr\u00e1nsito local\">Leer m\u00e1s<\/a><\/p>\n","protected":false},"author":1,"featured_media":0,"comment_status":"open","ping_status":"open","sticky":false,"template":"","format":"standard","meta":{"_monsterinsights_skip_tracking":false,"_monsterinsights_sitenote_active":false,"_monsterinsights_sitenote_note":"","_monsterinsights_sitenote_category":0,"jetpack_post_was_ever_published":false,"_jetpack_newsletter_access":"","_jetpack_dont_email_post_to_subs":false,"_jetpack_newsletter_tier_id":0,"_jetpack_memberships_contains_paywalled_content":false,"_jetpack_memberships_contains_paid_content":false,"footnotes":"","jetpack_publicize_message":"","jetpack_publicize_feature_enabled":true,"jetpack_social_post_already_shared":false,"jetpack_social_options":{"image_generator_settings":{"template":"highway","default_image_id":0,"font":"","enabled":false},"version":2},"_wpas_customize_per_network":false},"categories":[5],"tags":[321,1956,3146],"class_list":["post-19462","post","type-post","status-publish","format-standard","hentry","category-politica","tag-jose-cestari","tag-mic-mercedes","tag-transito-en-mercedes","generate-columns","tablet-grid-50","mobile-grid-100","grid-parent","grid-50"],"jetpack_publicize_connections":[],"jetpack_featured_media_url":"","wps_subtitle":"","jetpack_sharing_enabled":true,"_links":{"self":[{"href":"https:\/\/www.hoymercedes.com.ar\/principal\/wp-json\/wp\/v2\/posts\/19462","targetHints":{"allow":["GET"]}}],"collection":[{"href":"https:\/\/www.hoymercedes.com.ar\/principal\/wp-json\/wp\/v2\/posts"}],"about":[{"href":"https:\/\/www.hoymercedes.com.ar\/principal\/wp-json\/wp\/v2\/types\/post"}],"author":[{"embeddable":true,"href":"https:\/\/www.hoymercedes.com.ar\/principal\/wp-json\/wp\/v2\/users\/1"}],"replies":[{"embeddable":true,"href":"https:\/\/www.hoymercedes.com.ar\/principal\/wp-json\/wp\/v2\/comments?post=19462"}],"version-history":[{"count":0,"href":"https:\/\/www.hoymercedes.com.ar\/principal\/wp-json\/wp\/v2\/posts\/19462\/revisions"}],"wp:attachment":[{"href":"https:\/\/www.hoymercedes.com.ar\/principal\/wp-json\/wp\/v2\/media?parent=19462"}],"wp:term":[{"taxonomy":"category","embeddable":true,"href":"https:\/\/www.hoymercedes.com.ar\/principal\/wp-json\/wp\/v2\/categories?post=19462"},{"taxonomy":"post_tag","embeddable":true,"href":"https:\/\/www.hoymercedes.com.ar\/principal\/wp-json\/wp\/v2\/tags?post=19462"}],"curies":[{"name":"wp","href":"https:\/\/api.w.org\/{rel}","templated":true}]}}