{"id":19466,"date":"2013-01-17T01:13:22","date_gmt":"2013-01-17T01:13:22","guid":{"rendered":"http:\/\/www.hoymercedes.com.ar\/principal\/?p=19466"},"modified":"2013-01-17T01:14:54","modified_gmt":"2013-01-17T01:14:54","slug":"los-barrios-muestra-previa-o-excepciones","status":"publish","type":"post","link":"https:\/\/www.hoymercedes.com.ar\/principal\/2013\/01\/17\/los-barrios-muestra-previa-o-excepciones\/","title":{"rendered":"Los barrios: muestra previa o excepciones"},"content":{"rendered":"<p>Las elecciones en los barrios de la ciudad suelen estar marcada por las pol\u00e9micas dada la cantidad de actores danzantes. No se agotan a los postulantes sino que en general hay alguna fuerza pol\u00edtica detr\u00e1s pugnando por un u otro candidato. Eso permite pensar y se expresa diciendo que pertenece a \u00abtal\u00bb o \u00abcual\u00bb.<\/p>\n<p>Cuando un barrio lo gana un sector enseguida se piensa en \u00abcomo jugar\u00e1\u00bb. Si ser\u00e1 oficialista, opositor o actuar\u00e1 en conveniencia seg\u00fan cada tem\u00e1tica. En algunas barriadas es claro el posicionamiento: opositores los del Frente y oficialistas los de Selva. El resto de las fuerzas casi ni figura, dicta la realidad.<\/p>\n<p>Los barrios \u00bfSe convierten en cada elecci\u00f3n en una muestra previa de las elecciones que vendr\u00e1n? \u00bfO dado el bajo nivel general de votantes es m\u00e1s una muestra simb\u00f3lica? \u00bfPueden los barrios quedar a mano de una fuerza en las elecciones de las sociedades, pero, en la elecci\u00f3n de los representantes generales dar la victoria a otra porci\u00f3n pol\u00edtica?<\/p>\n<p>Alguna vez la prensa nacional mostr\u00f3 una victoria selvista barrial como derrota de La C\u00e1mpora, aunque, en el amper\u00edmetro, no mueva la aguja. Ahora Los Duraznos qued\u00f3 en manos de una fuerza que no era la m\u00e1s cercana al gobierno local sino m\u00e1s al Frente. Posiblemente sea lo mismo y tampoco mueva el amper\u00edmetro.<\/p>\n<p>El interrogante ser\u00e1, posiblemente, develado en algunos meses cuando se den las legislativas, mientras tanto, decir que es una muestra o una expeci\u00f3n puede ser apresurado.<\/p>\n<p>Por lo pronto, lo que s\u00ed es seguro, es que mes a mes se ir\u00e1 calentando el asunto, habr\u00e1 m\u00e1s pol\u00e9mica, m\u00e1s fricci\u00f3n y m\u00e1s muestras simb\u00f3licas para calentar los titulares.<\/p>\n","protected":false},"excerpt":{"rendered":"<p>Las elecciones en los barrios de la ciudad suelen estar marcada por las pol\u00e9micas dada la cantidad de actores danzantes. &#8230; <a title=\"Los barrios: muestra previa o excepciones\" class=\"read-more\" href=\"https:\/\/www.hoymercedes.com.ar\/principal\/2013\/01\/17\/los-barrios-muestra-previa-o-excepciones\/\" aria-label=\"Leer m\u00e1s sobre Los barrios: muestra previa o excepciones\">Leer m\u00e1s<\/a><\/p>\n","protected":false},"author":1,"featured_media":0,"comment_status":"open","ping_status":"open","sticky":false,"template":"","format":"standard","meta":{"_monsterinsights_skip_tracking":false,"_monsterinsights_sitenote_active":false,"_monsterinsights_sitenote_note":"","_monsterinsights_sitenote_category":0,"jetpack_post_was_ever_published":false,"_jetpack_newsletter_access":"","_jetpack_dont_email_post_to_subs":false,"_jetpack_newsletter_tier_id":0,"_jetpack_memberships_contains_paywalled_content":false,"_jetpack_memberships_contains_paid_content":false,"footnotes":"","jetpack_publicize_message":"","jetpack_publicize_feature_enabled":true,"jetpack_social_post_already_shared":false,"jetpack_social_options":{"image_generator_settings":{"template":"highway","default_image_id":0,"font":"","enabled":false},"version":2},"_wpas_customize_per_network":false},"categories":[5],"tags":[1848],"class_list":["post-19466","post","type-post","status-publish","format-standard","hentry","category-politica","tag-barrios-mercedes","generate-columns","tablet-grid-50","mobile-grid-100","grid-parent","grid-50"],"jetpack_publicize_connections":[],"jetpack_featured_media_url":"","wps_subtitle":"","jetpack_sharing_enabled":true,"_links":{"self":[{"href":"https:\/\/www.hoymercedes.com.ar\/principal\/wp-json\/wp\/v2\/posts\/19466","targetHints":{"allow":["GET"]}}],"collection":[{"href":"https:\/\/www.hoymercedes.com.ar\/principal\/wp-json\/wp\/v2\/posts"}],"about":[{"href":"https:\/\/www.hoymercedes.com.ar\/principal\/wp-json\/wp\/v2\/types\/post"}],"author":[{"embeddable":true,"href":"https:\/\/www.hoymercedes.com.ar\/principal\/wp-json\/wp\/v2\/users\/1"}],"replies":[{"embeddable":true,"href":"https:\/\/www.hoymercedes.com.ar\/principal\/wp-json\/wp\/v2\/comments?post=19466"}],"version-history":[{"count":0,"href":"https:\/\/www.hoymercedes.com.ar\/principal\/wp-json\/wp\/v2\/posts\/19466\/revisions"}],"wp:attachment":[{"href":"https:\/\/www.hoymercedes.com.ar\/principal\/wp-json\/wp\/v2\/media?parent=19466"}],"wp:term":[{"taxonomy":"category","embeddable":true,"href":"https:\/\/www.hoymercedes.com.ar\/principal\/wp-json\/wp\/v2\/categories?post=19466"},{"taxonomy":"post_tag","embeddable":true,"href":"https:\/\/www.hoymercedes.com.ar\/principal\/wp-json\/wp\/v2\/tags?post=19466"}],"curies":[{"name":"wp","href":"https:\/\/api.w.org\/{rel}","templated":true}]}}