{"id":19481,"date":"2013-01-18T23:38:33","date_gmt":"2013-01-18T23:38:33","guid":{"rendered":"http:\/\/www.hoymercedes.com.ar\/principal\/?p=19481"},"modified":"2013-01-18T23:39:16","modified_gmt":"2013-01-18T23:39:16","slug":"aprueba-h-c-d-veto-del-intendente-al-presupuesto","status":"publish","type":"post","link":"https:\/\/www.hoymercedes.com.ar\/principal\/2013\/01\/18\/aprueba-h-c-d-veto-del-intendente-al-presupuesto\/","title":{"rendered":"Aprueba H.C.D veto del intendente al presupuesto"},"content":{"rendered":"<p><em><strong>El Concejo Deliberante local aprob\u00f3 en sesi\u00f3n extraordinaria presidida por Jos\u00e9 Cestari parte del veto realizado por el intendente Carlos Selva a lo es el presupuesto 2013. La cuesti\u00f3n de la antig\u00fcedad de los trabajadores municipales como gran factor de debate.<\/strong><\/em><\/p>\n<p>La cuesti\u00f3n fue larga. La modificaci\u00f3n la hab\u00eda insertado el Frente Mercedino, pero, Selva lo vet\u00f3. Se trata del 3% del pago de antig\u00fcedad. Actualmente se pagaba el 1% y as\u00ed continuar\u00e1 dado que se logr\u00f3 sostener el veto efectuado por Carlos Selva a la modificaci\u00f3n.<\/p>\n<p>La oposici\u00f3n argument\u00f3 que es un bien para los trabajadores, un derecho y un acto de independencia y soberan\u00eda comunal determinar qu\u00e9 hacer con su presupuesto. El oficialismo que se violentaba una determinaci\u00f3n del Tribunal de Cuentas al pagar m\u00e1s de lo que la ley dice.<\/p>\n<p>La cuesti\u00f3n se resolvi\u00f3 a favor del selvismo. Se pagar\u00e1 el 1% de antig\u00fcedad y el 2% ir\u00e1 al salario garantizado buscando no se pierda el reconocimiento salarial a los empleados municipales. Se logr\u00f3 la aprobaci\u00f3n por mayor\u00eda.<\/p>\n<p>La cuesti\u00f3n, indudablemente, reci\u00e9n empieza en un a\u00f1o que tendr\u00e1 de todo.<\/p>\n","protected":false},"excerpt":{"rendered":"<p>El Concejo Deliberante local aprob\u00f3 en sesi\u00f3n extraordinaria presidida por Jos\u00e9 Cestari parte del veto realizado por el intendente Carlos &#8230; <a title=\"Aprueba H.C.D veto del intendente al presupuesto\" class=\"read-more\" href=\"https:\/\/www.hoymercedes.com.ar\/principal\/2013\/01\/18\/aprueba-h-c-d-veto-del-intendente-al-presupuesto\/\" aria-label=\"Leer m\u00e1s sobre Aprueba H.C.D veto del intendente al presupuesto\">Leer m\u00e1s<\/a><\/p>\n","protected":false},"author":1,"featured_media":0,"comment_status":"open","ping_status":"open","sticky":false,"template":"","format":"standard","meta":{"_monsterinsights_skip_tracking":false,"_monsterinsights_sitenote_active":false,"_monsterinsights_sitenote_note":"","_monsterinsights_sitenote_category":0,"jetpack_post_was_ever_published":false,"_jetpack_newsletter_access":"","_jetpack_dont_email_post_to_subs":false,"_jetpack_newsletter_tier_id":0,"_jetpack_memberships_contains_paywalled_content":false,"_jetpack_memberships_contains_paid_content":false,"footnotes":"","jetpack_publicize_message":"","jetpack_publicize_feature_enabled":true,"jetpack_social_post_already_shared":false,"jetpack_social_options":{"image_generator_settings":{"template":"highway","default_image_id":0,"font":"","enabled":false},"version":2},"_wpas_customize_per_network":false},"categories":[5],"tags":[45],"class_list":["post-19481","post","type-post","status-publish","format-standard","hentry","category-politica","tag-concejo-deliberante-mercedes","generate-columns","tablet-grid-50","mobile-grid-100","grid-parent","grid-50"],"jetpack_publicize_connections":[],"jetpack_featured_media_url":"","wps_subtitle":"","jetpack_sharing_enabled":true,"_links":{"self":[{"href":"https:\/\/www.hoymercedes.com.ar\/principal\/wp-json\/wp\/v2\/posts\/19481","targetHints":{"allow":["GET"]}}],"collection":[{"href":"https:\/\/www.hoymercedes.com.ar\/principal\/wp-json\/wp\/v2\/posts"}],"about":[{"href":"https:\/\/www.hoymercedes.com.ar\/principal\/wp-json\/wp\/v2\/types\/post"}],"author":[{"embeddable":true,"href":"https:\/\/www.hoymercedes.com.ar\/principal\/wp-json\/wp\/v2\/users\/1"}],"replies":[{"embeddable":true,"href":"https:\/\/www.hoymercedes.com.ar\/principal\/wp-json\/wp\/v2\/comments?post=19481"}],"version-history":[{"count":0,"href":"https:\/\/www.hoymercedes.com.ar\/principal\/wp-json\/wp\/v2\/posts\/19481\/revisions"}],"wp:attachment":[{"href":"https:\/\/www.hoymercedes.com.ar\/principal\/wp-json\/wp\/v2\/media?parent=19481"}],"wp:term":[{"taxonomy":"category","embeddable":true,"href":"https:\/\/www.hoymercedes.com.ar\/principal\/wp-json\/wp\/v2\/categories?post=19481"},{"taxonomy":"post_tag","embeddable":true,"href":"https:\/\/www.hoymercedes.com.ar\/principal\/wp-json\/wp\/v2\/tags?post=19481"}],"curies":[{"name":"wp","href":"https:\/\/api.w.org\/{rel}","templated":true}]}}