{"id":1950,"date":"2011-02-01T05:28:35","date_gmt":"2011-02-01T05:28:35","guid":{"rendered":"http:\/\/www.hoymercedes.com.ar\/principal\/?p=1950"},"modified":"2011-02-01T05:28:35","modified_gmt":"2011-02-01T05:28:35","slug":"pedido-de-justicia-durante-la-doble-bragado-en-su-paso-por-mercedes","status":"publish","type":"post","link":"https:\/\/www.hoymercedes.com.ar\/principal\/2011\/02\/01\/pedido-de-justicia-durante-la-doble-bragado-en-su-paso-por-mercedes\/","title":{"rendered":"Pedido de justicia durante la Doble Bragado en su paso por Mercedes"},"content":{"rendered":"<figure id=\"attachment_1952\" aria-describedby=\"caption-attachment-1952\" style=\"width: 290px\" class=\"wp-caption alignleft\"><a href=\"https:\/\/www.hoymercedes.com.ar\/principal\/wp-content\/uploads\/2011\/02\/justiciaxborrajo.jpg\"><img loading=\"lazy\" decoding=\"async\" data-attachment-id=\"1952\" data-permalink=\"https:\/\/www.hoymercedes.com.ar\/principal\/2011\/02\/01\/pedido-de-justicia-durante-la-doble-bragado-en-su-paso-por-mercedes\/justiciaxborrajo\/#main\" data-orig-file=\"https:\/\/www.hoymercedes.com.ar\/principal\/wp-content\/uploads\/2011\/02\/justiciaxborrajo.jpg\" data-orig-size=\"500,375\" data-comments-opened=\"1\" data-image-meta=\"{&quot;aperture&quot;:&quot;2.8&quot;,&quot;credit&quot;:&quot;&quot;,&quot;camera&quot;:&quot;COOLPIX L10&quot;,&quot;caption&quot;:&quot;&quot;,&quot;created_timestamp&quot;:&quot;1296311955&quot;,&quot;copyright&quot;:&quot;Copyright 2006&quot;,&quot;focal_length&quot;:&quot;6.2&quot;,&quot;iso&quot;:&quot;64&quot;,&quot;shutter_speed&quot;:&quot;0.018181818181818&quot;,&quot;title&quot;:&quot;&quot;}\" data-image-title=\"justiciaxborrajo\" data-image-description=\"\" data-image-caption=\"\" data-large-file=\"https:\/\/www.hoymercedes.com.ar\/principal\/wp-content\/uploads\/2011\/02\/justiciaxborrajo.jpg\" class=\"size-medium wp-image-1952\" title=\"justiciaxborrajo\" src=\"https:\/\/www.hoymercedes.com.ar\/principal\/wp-content\/uploads\/2011\/02\/justiciaxborrajo-300x225.jpg\" alt=\"\" width=\"300\" height=\"225\" srcset=\"https:\/\/www.hoymercedes.com.ar\/principal\/wp-content\/uploads\/2011\/02\/justiciaxborrajo-300x225.jpg 300w, https:\/\/www.hoymercedes.com.ar\/principal\/wp-content\/uploads\/2011\/02\/justiciaxborrajo.jpg 500w\" sizes=\"auto, (max-width: 300px) 100vw, 300px\" \/><\/a><figcaption id=\"caption-attachment-1952\" class=\"wp-caption-text\">Levantando al bandera en el podio<\/figcaption><\/figure>\n<p style=\"text-align: justify;\">Durante la finalizaci\u00f3n de la primera etapa de edici\u00f3n 2011 de la tradicional prueba cicl\u00edstica Doble Bragado se pudo observar en uno de los paneles de contenci\u00f3n al publico sobre la avenida 29 a muy pocos metros de la calle 24 un cartel que dec\u00eda Prohibido Olvidar!!! Justicia. Armando Borrajo y una fotograf\u00eda con su rostro.<\/p>\n<p style=\"text-align: justify;\">Suponiendo que se podr\u00eda tratar de un ciclista que entrenando en ruta pudo haber sido atropellado por alg\u00fan veh\u00edculo consultamos a quienes colocaron el cartel y la respuesta recibida nos dej\u00f3 perplejos.<\/p>\n<p style=\"text-align: justify;\">Antonio Borrajo era el campe\u00f3n Argentino de Ciclismo en Ruta 2006 y en diciembre del a\u00f1o pasado pretend\u00eda participar de las elecciones que se iban a efectuar en la\u00a0 Federaci\u00f3n Argentina de Ciclismo en Pista y Ruta como candidato a tesorero en la lista opositora a la conducci\u00f3n de dicha entidad.<\/p>\n<p style=\"text-align: justify;\">De acuerdo al informe que recibimos Borrajo hab\u00eda viajado poco antes de las elecciones\u00a0 a Catamarca justamente para presentar a los integrantes de la lista opositora y all\u00ed habria sido secuestrado y torturado,habiendo recibido lesiones f\u00edsicas pero tambi\u00e9n una fuerte presi\u00f3n ps\u00edquica que lograron de alguna manera desestabilizarlo a punto tal que a su regreso decidi\u00f3 quitarse la vida arroj\u00e1ndose al vacio desde una casa vecina a la suya en el barrio de La Parternal en Capital Federal.<\/p>\n<p style=\"text-align: justify;\">Seg\u00fan contaron durante la llegada de la etapa quienes estuvieron cerca del ciclista nuerto este habr\u00eda regresado desde Catamarca con su camisa ensangrentada y su manos y brazos lastimados y adem\u00e1s v\u00edctima de un estado denominado como fuera de control lo que hizo que finalmente decidiera quitarse la vida.<\/p>\n<p style=\"text-align: center;\"><a href=\"https:\/\/www.hoymercedes.com.ar\/principal\/wp-content\/uploads\/2011\/02\/Borrajo.jpg\"><img loading=\"lazy\" decoding=\"async\" data-attachment-id=\"1953\" data-permalink=\"https:\/\/www.hoymercedes.com.ar\/principal\/2011\/02\/01\/pedido-de-justicia-durante-la-doble-bragado-en-su-paso-por-mercedes\/borrajo\/#main\" data-orig-file=\"https:\/\/www.hoymercedes.com.ar\/principal\/wp-content\/uploads\/2011\/02\/Borrajo.jpg\" data-orig-size=\"500,375\" data-comments-opened=\"1\" data-image-meta=\"{&quot;aperture&quot;:&quot;3.1&quot;,&quot;credit&quot;:&quot;&quot;,&quot;camera&quot;:&quot;COOLPIX L10&quot;,&quot;caption&quot;:&quot;&quot;,&quot;created_timestamp&quot;:&quot;1296309614&quot;,&quot;copyright&quot;:&quot;Copyright 2006&quot;,&quot;focal_length&quot;:&quot;7.6&quot;,&quot;iso&quot;:&quot;64&quot;,&quot;shutter_speed&quot;:&quot;0.0076628352490421&quot;,&quot;title&quot;:&quot;&quot;}\" data-image-title=\"Borrajo\" data-image-description=\"\" data-image-caption=\"\" data-large-file=\"https:\/\/www.hoymercedes.com.ar\/principal\/wp-content\/uploads\/2011\/02\/Borrajo.jpg\" class=\"size-full wp-image-1953  aligncenter\" title=\"Borrajo\" src=\"https:\/\/www.hoymercedes.com.ar\/principal\/wp-content\/uploads\/2011\/02\/Borrajo.jpg\" alt=\"\" width=\"500\" height=\"375\" srcset=\"https:\/\/www.hoymercedes.com.ar\/principal\/wp-content\/uploads\/2011\/02\/Borrajo.jpg 500w, https:\/\/www.hoymercedes.com.ar\/principal\/wp-content\/uploads\/2011\/02\/Borrajo-300x225.jpg 300w\" sizes=\"auto, (max-width: 500px) 100vw, 500px\" \/><\/a><\/p>\n<p style=\"text-align: justify;\">\u201cSolo pretendemos con esta campa\u00f1a que estamos haciendo en todo el pais que se investigue a fondo las posibles causas que determinaron la tr\u00e1gica decisi\u00f3n y se logre identificar a los autores del secuestro que fue v\u00edctima en Catamarca porque Armando solo quer\u00eda un ciclismo mucho mejor para los argentino y nunca pens\u00f3 que que dicha ambici\u00f3n le provocar\u00eda la muerte\u201d.<\/p>\n<p style=\"text-align: justify;\">Los diarios deportivos de diciembre del a\u00f1o pasado titularon lo ocurrido \u201cTragedia en el ciclismo, Se suicido Antonio Borrajo, Campe\u00f3n Argentino 2006\u201d.<\/p>\n<p style=\"text-align: justify;\">Durante la entrega de los premios a los tres primeros clasificados en la etapa concluida en Mercedes en un determinado momento se pudo ver el cartel pidiendo justicia sostenido por Colla, Rosas y Perez<\/p>\n","protected":false},"excerpt":{"rendered":"<p>Durante la finalizaci\u00f3n de la primera etapa de edici\u00f3n 2011 de la tradicional prueba cicl\u00edstica Doble Bragado se pudo observar &#8230; <a title=\"Pedido de justicia durante la Doble Bragado en su paso por Mercedes\" class=\"read-more\" href=\"https:\/\/www.hoymercedes.com.ar\/principal\/2011\/02\/01\/pedido-de-justicia-durante-la-doble-bragado-en-su-paso-por-mercedes\/\" aria-label=\"Leer m\u00e1s sobre Pedido de justicia durante la Doble Bragado en su paso por Mercedes\">Leer m\u00e1s<\/a><\/p>\n","protected":false},"author":1,"featured_media":0,"comment_status":"open","ping_status":"open","sticky":false,"template":"","format":"standard","meta":{"_monsterinsights_skip_tracking":false,"_monsterinsights_sitenote_active":false,"_monsterinsights_sitenote_note":"","_monsterinsights_sitenote_category":0,"jetpack_post_was_ever_published":false,"_jetpack_newsletter_access":"","_jetpack_dont_email_post_to_subs":false,"_jetpack_newsletter_tier_id":0,"_jetpack_memberships_contains_paywalled_content":false,"_jetpack_memberships_contains_paid_content":false,"footnotes":"","jetpack_publicize_message":"","jetpack_publicize_feature_enabled":true,"jetpack_social_post_already_shared":false,"jetpack_social_options":{"image_generator_settings":{"template":"highway","default_image_id":0,"font":"","enabled":false},"version":2},"_wpas_customize_per_network":false},"categories":[8],"tags":[423,367],"class_list":["post-1950","post","type-post","status-publish","format-standard","hentry","category-sociedad","tag-borraja","tag-doble-bragado","generate-columns","tablet-grid-50","mobile-grid-100","grid-parent","grid-50"],"jetpack_publicize_connections":[],"jetpack_featured_media_url":"","wps_subtitle":"","jetpack_sharing_enabled":true,"_links":{"self":[{"href":"https:\/\/www.hoymercedes.com.ar\/principal\/wp-json\/wp\/v2\/posts\/1950","targetHints":{"allow":["GET"]}}],"collection":[{"href":"https:\/\/www.hoymercedes.com.ar\/principal\/wp-json\/wp\/v2\/posts"}],"about":[{"href":"https:\/\/www.hoymercedes.com.ar\/principal\/wp-json\/wp\/v2\/types\/post"}],"author":[{"embeddable":true,"href":"https:\/\/www.hoymercedes.com.ar\/principal\/wp-json\/wp\/v2\/users\/1"}],"replies":[{"embeddable":true,"href":"https:\/\/www.hoymercedes.com.ar\/principal\/wp-json\/wp\/v2\/comments?post=1950"}],"version-history":[{"count":0,"href":"https:\/\/www.hoymercedes.com.ar\/principal\/wp-json\/wp\/v2\/posts\/1950\/revisions"}],"wp:attachment":[{"href":"https:\/\/www.hoymercedes.com.ar\/principal\/wp-json\/wp\/v2\/media?parent=1950"}],"wp:term":[{"taxonomy":"category","embeddable":true,"href":"https:\/\/www.hoymercedes.com.ar\/principal\/wp-json\/wp\/v2\/categories?post=1950"},{"taxonomy":"post_tag","embeddable":true,"href":"https:\/\/www.hoymercedes.com.ar\/principal\/wp-json\/wp\/v2\/tags?post=1950"}],"curies":[{"name":"wp","href":"https:\/\/api.w.org\/{rel}","templated":true}]}}