{"id":19506,"date":"2013-01-18T23:54:56","date_gmt":"2013-01-18T23:54:56","guid":{"rendered":"http:\/\/www.hoymercedes.com.ar\/principal\/?p=19506"},"modified":"2013-01-18T23:55:13","modified_gmt":"2013-01-18T23:55:13","slug":"un-joven-fue-apunalado-en-30-y-23","status":"publish","type":"post","link":"https:\/\/www.hoymercedes.com.ar\/principal\/2013\/01\/18\/un-joven-fue-apunalado-en-30-y-23\/","title":{"rendered":"Un joven fue apu\u00f1alado en 30 y 23"},"content":{"rendered":"<p><em><strong>El hecho ocurri\u00f3 el d\u00eda s\u00e1bado pasado, en la esquina de las calles 30 y 23, cuando se habr\u00eda iniciado una pelea entre algunas personas debiendo convocarse a la polic\u00eda local.<\/strong><\/em><\/p>\n<p>La fuerza policial, al hacerse presentes, se encontraron con que hab\u00eda una victima de varios golpes en diversas partes de su cuerpo sufriendo las l\u00f3gicas lesiones debiendo ser asistido por el hospital local previo traslado en ambulancia.<\/p>\n<p>Luego de las averiguaciones correspondientes la Polic\u00eda de Mercedes habr\u00eda logrado dar en apenas minutos con el autor de las lesiones que no viv\u00eda muy lejos del lugar donde acontecieron los hechos.<\/p>\n<p>La agresi\u00f3n se habr\u00eda producido con una cuchilla recuperada por la polic\u00eda luego de perseguir al sospechoso que alert\u00f3 la polic\u00eda lo estaba buscando.<\/p>\n<p>En estos momentos hay un detenido a disposici\u00f3n de la justicia.<\/p>\n","protected":false},"excerpt":{"rendered":"<p>El hecho ocurri\u00f3 el d\u00eda s\u00e1bado pasado, en la esquina de las calles 30 y 23, cuando se habr\u00eda iniciado &#8230; <a title=\"Un joven fue apu\u00f1alado en 30 y 23\" class=\"read-more\" href=\"https:\/\/www.hoymercedes.com.ar\/principal\/2013\/01\/18\/un-joven-fue-apunalado-en-30-y-23\/\" aria-label=\"Leer m\u00e1s sobre Un joven fue apu\u00f1alado en 30 y 23\">Leer m\u00e1s<\/a><\/p>\n","protected":false},"author":1,"featured_media":0,"comment_status":"open","ping_status":"open","sticky":false,"template":"","format":"standard","meta":{"_monsterinsights_skip_tracking":false,"_monsterinsights_sitenote_active":false,"_monsterinsights_sitenote_note":"","_monsterinsights_sitenote_category":0,"jetpack_post_was_ever_published":false,"_jetpack_newsletter_access":"","_jetpack_dont_email_post_to_subs":false,"_jetpack_newsletter_tier_id":0,"_jetpack_memberships_contains_paywalled_content":false,"_jetpack_memberships_contains_paid_content":false,"footnotes":"","jetpack_publicize_message":"","jetpack_publicize_feature_enabled":true,"jetpack_social_post_already_shared":false,"jetpack_social_options":{"image_generator_settings":{"template":"highway","default_image_id":0,"font":"","enabled":false},"version":2},"_wpas_customize_per_network":false},"categories":[85],"tags":[3149,126],"class_list":["post-19506","post","type-post","status-publish","format-standard","hentry","category-policial","tag-acuchillado-en-mercedes","tag-policia-mercedes","generate-columns","tablet-grid-50","mobile-grid-100","grid-parent","grid-50"],"jetpack_publicize_connections":[],"jetpack_featured_media_url":"","wps_subtitle":"","jetpack_sharing_enabled":true,"_links":{"self":[{"href":"https:\/\/www.hoymercedes.com.ar\/principal\/wp-json\/wp\/v2\/posts\/19506","targetHints":{"allow":["GET"]}}],"collection":[{"href":"https:\/\/www.hoymercedes.com.ar\/principal\/wp-json\/wp\/v2\/posts"}],"about":[{"href":"https:\/\/www.hoymercedes.com.ar\/principal\/wp-json\/wp\/v2\/types\/post"}],"author":[{"embeddable":true,"href":"https:\/\/www.hoymercedes.com.ar\/principal\/wp-json\/wp\/v2\/users\/1"}],"replies":[{"embeddable":true,"href":"https:\/\/www.hoymercedes.com.ar\/principal\/wp-json\/wp\/v2\/comments?post=19506"}],"version-history":[{"count":0,"href":"https:\/\/www.hoymercedes.com.ar\/principal\/wp-json\/wp\/v2\/posts\/19506\/revisions"}],"wp:attachment":[{"href":"https:\/\/www.hoymercedes.com.ar\/principal\/wp-json\/wp\/v2\/media?parent=19506"}],"wp:term":[{"taxonomy":"category","embeddable":true,"href":"https:\/\/www.hoymercedes.com.ar\/principal\/wp-json\/wp\/v2\/categories?post=19506"},{"taxonomy":"post_tag","embeddable":true,"href":"https:\/\/www.hoymercedes.com.ar\/principal\/wp-json\/wp\/v2\/tags?post=19506"}],"curies":[{"name":"wp","href":"https:\/\/api.w.org\/{rel}","templated":true}]}}