{"id":195126,"date":"2026-04-26T08:30:00","date_gmt":"2026-04-26T11:30:00","guid":{"rendered":"https:\/\/www.hoymercedes.com.ar\/principal\/?p=195126"},"modified":"2026-04-26T02:46:50","modified_gmt":"2026-04-26T05:46:50","slug":"el-handball-mercedino-cerro-su-participacion-con-un-triunfo-por-penales-en-el-nacional-b","status":"publish","type":"post","link":"https:\/\/www.hoymercedes.com.ar\/principal\/2026\/04\/26\/el-handball-mercedino-cerro-su-participacion-con-un-triunfo-por-penales-en-el-nacional-b\/","title":{"rendered":"El handball mercedino cerr\u00f3 su participaci\u00f3n con un triunfo por penales en el Nacional B"},"content":{"rendered":"\n<figure class=\"wp-block-image size-full\"><img loading=\"lazy\" decoding=\"async\" width=\"1024\" height=\"683\" data-attachment-id=\"195127\" data-permalink=\"https:\/\/www.hoymercedes.com.ar\/principal\/2026\/04\/26\/el-handball-mercedino-cerro-su-participacion-con-un-triunfo-por-penales-en-el-nacional-b\/image-460\/#main\" data-orig-file=\"https:\/\/www.hoymercedes.com.ar\/principal\/wp-content\/uploads\/2026\/04\/image-64.png\" data-orig-size=\"1024,683\" data-comments-opened=\"0\" data-image-meta=\"{&quot;aperture&quot;:&quot;0&quot;,&quot;credit&quot;:&quot;&quot;,&quot;camera&quot;:&quot;&quot;,&quot;caption&quot;:&quot;&quot;,&quot;created_timestamp&quot;:&quot;0&quot;,&quot;copyright&quot;:&quot;&quot;,&quot;focal_length&quot;:&quot;0&quot;,&quot;iso&quot;:&quot;0&quot;,&quot;shutter_speed&quot;:&quot;0&quot;,&quot;title&quot;:&quot;&quot;,&quot;orientation&quot;:&quot;0&quot;}\" data-image-title=\"image\" data-image-description=\"\" data-image-caption=\"\" data-large-file=\"https:\/\/www.hoymercedes.com.ar\/principal\/wp-content\/uploads\/2026\/04\/image-64.png\" src=\"https:\/\/www.hoymercedes.com.ar\/principal\/wp-content\/uploads\/2026\/04\/image-64.png\" alt=\"\" class=\"wp-image-195127\" srcset=\"https:\/\/www.hoymercedes.com.ar\/principal\/wp-content\/uploads\/2026\/04\/image-64.png 1024w, https:\/\/www.hoymercedes.com.ar\/principal\/wp-content\/uploads\/2026\/04\/image-64-630x420.png 630w, https:\/\/www.hoymercedes.com.ar\/principal\/wp-content\/uploads\/2026\/04\/image-64-150x100.png 150w\" sizes=\"auto, (max-width: 1024px) 100vw, 1024px\" \/><\/figure>\n\n\n\n<p>La participaci\u00f3n de la <strong>Escuela Municipal de Handball de Mercedes<\/strong> en el <strong>Nacional de Menores B Femenino<\/strong>, disputado en General Alvear (Mendoza), marc\u00f3 un <strong>hito institucional<\/strong>, al tratarse de su primera \u062d\u0636\u0648\u0631 en una competencia de car\u00e1cter nacional.<\/p>\n\n\n\n<p>El equipo afront\u00f3 una semana intensa, con un debut ante CEDEP de San Rafael que termin\u00f3 en derrota <strong>32-19<\/strong>. Luego, cay\u00f3 frente a la <strong>Universidad Nacional de San Juan<\/strong> por <strong>26-16<\/strong>. En su tercera presentaci\u00f3n, ante Club R\u00edo Negro, mostr\u00f3 una evoluci\u00f3n en el juego: tras un inicio adverso, logr\u00f3 achicar diferencias en el complemento, aunque el resultado final fue <strong>27-22<\/strong>.<\/p>\n\n\n\n<p>En la fase de reclasificaci\u00f3n, las mercedinas perdieron ante <strong>Alta Barda de Neuqu\u00e9n<\/strong> por <strong>30-19<\/strong>. M\u00e1s tarde, en una jornada con doble competencia, protagonizaron un ajustado encuentro frente a <strong>IFES de Neuqu\u00e9n<\/strong>, que finaliz\u00f3 <strong>23-22<\/strong> en favor del rival. El cierre lleg\u00f3 con una <strong>victoria destacada ante General Alvear<\/strong>, definida por penales tras empatar en tiempo regular, lo que les permiti\u00f3 quedarse con el <strong>15\u00ba puesto<\/strong>.<\/p>\n\n\n\n<p>M\u00e1s all\u00e1 de los resultados, la experiencia dej\u00f3 un <strong>balance positivo<\/strong>, con un crecimiento sostenido a lo largo del torneo. Desde la instituci\u00f3n remarcaron el acompa\u00f1amiento de la comunidad, la <strong>Direcci\u00f3n de Deportes<\/strong> y las familias, fundamentales para concretar esta participaci\u00f3n hist\u00f3rica.<\/p>\n","protected":false},"excerpt":{"rendered":"<p>La participaci\u00f3n de la Escuela Municipal de Handball de Mercedes en el Nacional de Menores B Femenino, disputado en General &#8230; <a title=\"El handball mercedino cerr\u00f3 su participaci\u00f3n con un triunfo por penales en el Nacional B\" class=\"read-more\" href=\"https:\/\/www.hoymercedes.com.ar\/principal\/2026\/04\/26\/el-handball-mercedino-cerro-su-participacion-con-un-triunfo-por-penales-en-el-nacional-b\/\" aria-label=\"Leer m\u00e1s sobre El handball mercedino cerr\u00f3 su participaci\u00f3n con un triunfo por penales en el Nacional B\">Leer m\u00e1s<\/a><\/p>\n","protected":false},"author":1,"featured_media":195127,"comment_status":"closed","ping_status":"open","sticky":false,"template":"","format":"standard","meta":{"_monsterinsights_skip_tracking":false,"_monsterinsights_sitenote_active":false,"_monsterinsights_sitenote_note":"","_monsterinsights_sitenote_category":0,"jetpack_post_was_ever_published":false,"_jetpack_newsletter_access":"","_jetpack_dont_email_post_to_subs":false,"_jetpack_newsletter_tier_id":0,"_jetpack_memberships_contains_paywalled_content":false,"_jetpack_memberships_contains_paid_content":false,"footnotes":"","jetpack_publicize_message":"","jetpack_publicize_feature_enabled":true,"jetpack_social_post_already_shared":true,"jetpack_social_options":{"image_generator_settings":{"template":"highway","default_image_id":0,"font":"","enabled":false},"version":2},"_wpas_customize_per_network":false},"categories":[21],"tags":[],"class_list":["post-195126","post","type-post","status-publish","format-standard","has-post-thumbnail","hentry","category-deportes","generate-columns","tablet-grid-50","mobile-grid-100","grid-parent","grid-50"],"jetpack_publicize_connections":[],"jetpack_featured_media_url":"https:\/\/www.hoymercedes.com.ar\/principal\/wp-content\/uploads\/2026\/04\/image-64.png","wps_subtitle":"","jetpack_sharing_enabled":true,"jetpack-related-posts":[{"id":194816,"url":"https:\/\/www.hoymercedes.com.ar\/principal\/2026\/04\/19\/handball-historica-participacion-de-la-escuela-municipal-de-mercedes-en-el-nacional-de-mendoza\/","url_meta":{"origin":195126,"position":0},"title":"Handball: hist\u00f3rica participaci\u00f3n de la Escuela Municipal de Mercedes en el Nacional de Mendoza","author":"hoymercedes","date":"19 abril, 2026","format":false,"excerpt":"La Escuela Municipal de Handball de Mercedes concret\u00f3 una destacada e hist\u00f3rica participaci\u00f3n en el Torneo Nacional disputado en Mendoza, marcando un nuevo paso en el crecimiento de la disciplina a nivel local. El certamen, que reuni\u00f3 a equipos de distintos puntos del pa\u00eds, forma parte del calendario oficial de\u2026","rel":"","context":"En \u00abDeportes\u00bb","block_context":{"text":"Deportes","link":"https:\/\/www.hoymercedes.com.ar\/principal\/category\/deportes\/"},"img":{"alt_text":"","src":"https:\/\/i0.wp.com\/www.hoymercedes.com.ar\/principal\/wp-content\/uploads\/2026\/04\/image-45.png?resize=350%2C200&ssl=1","width":350,"height":200,"srcset":"https:\/\/i0.wp.com\/www.hoymercedes.com.ar\/principal\/wp-content\/uploads\/2026\/04\/image-45.png?resize=350%2C200&ssl=1 1x, https:\/\/i0.wp.com\/www.hoymercedes.com.ar\/principal\/wp-content\/uploads\/2026\/04\/image-45.png?resize=525%2C300&ssl=1 1.5x"},"classes":[]},{"id":95197,"url":"https:\/\/www.hoymercedes.com.ar\/principal\/2019\/06\/15\/marcos-kesseler-y-enzo-pinero-en-el-nacional-de-handball\/","url_meta":{"origin":195126,"position":1},"title":"Marcos Kesseler y Enzo Pi\u00f1ero, en el Nacional de Handball","author":"hoymercedes","date":"15 junio, 2019","format":false,"excerpt":"Entre los d\u00edas 11 y 15 de junio, se desarroll\u00f3 en la ciudad de Mar del Plata el Torneo Nacional de Selecciones de Handball, en donde estuvieron presentes dos jugadores del handball Mercedino. Marcos Kesseler y Enzo Pi\u00f1ero, quienes juegan en el equipo de la Escuela Municipal de Handball, integraron\u2026","rel":"","context":"En \u00abDeportes\u00bb","block_context":{"text":"Deportes","link":"https:\/\/www.hoymercedes.com.ar\/principal\/category\/deportes\/"},"img":{"alt_text":"","src":"https:\/\/i0.wp.com\/www.hoymercedes.com.ar\/principal\/wp-content\/uploads\/2019\/06\/Marcos-Kesseler-Enzo-Pi%C3%B1ero.jpg?resize=350%2C200&ssl=1","width":350,"height":200,"srcset":"https:\/\/i0.wp.com\/www.hoymercedes.com.ar\/principal\/wp-content\/uploads\/2019\/06\/Marcos-Kesseler-Enzo-Pi%C3%B1ero.jpg?resize=350%2C200&ssl=1 1x, https:\/\/i0.wp.com\/www.hoymercedes.com.ar\/principal\/wp-content\/uploads\/2019\/06\/Marcos-Kesseler-Enzo-Pi%C3%B1ero.jpg?resize=525%2C300&ssl=1 1.5x, https:\/\/i0.wp.com\/www.hoymercedes.com.ar\/principal\/wp-content\/uploads\/2019\/06\/Marcos-Kesseler-Enzo-Pi%C3%B1ero.jpg?resize=700%2C400&ssl=1 2x"},"classes":[]},{"id":161185,"url":"https:\/\/www.hoymercedes.com.ar\/principal\/2023\/04\/21\/jugadoras-de-handball-de-mercedes-convocadas-en-torneos-nacionales\/","url_meta":{"origin":195126,"position":2},"title":"Jugadoras de handball de Mercedes convocadas en torneos nacionales","author":"hoymercedes","date":"21 abril, 2023","format":false,"excerpt":"El handball mercedino est\u00e1 de para bienes. Dos de las jugadoras de los equipos femeninos fueron convocadas a formar equipos seleccionados de todo el pa\u00eds. Por un lado, la jugadora de la Escuela Municipal de Handball de Mercedes fue convocada para integrar el seleccionado juvenil de As.Am.Bal que disputar\u00e1n el\u2026","rel":"","context":"En \u00abDeportes\u00bb","block_context":{"text":"Deportes","link":"https:\/\/www.hoymercedes.com.ar\/principal\/category\/deportes\/"},"img":{"alt_text":"","src":"https:\/\/i0.wp.com\/www.hoymercedes.com.ar\/principal\/wp-content\/uploads\/2023\/04\/FB_IMG_1682088065276_copy_800x800.jpg?resize=350%2C200&ssl=1","width":350,"height":200,"srcset":"https:\/\/i0.wp.com\/www.hoymercedes.com.ar\/principal\/wp-content\/uploads\/2023\/04\/FB_IMG_1682088065276_copy_800x800.jpg?resize=350%2C200&ssl=1 1x, https:\/\/i0.wp.com\/www.hoymercedes.com.ar\/principal\/wp-content\/uploads\/2023\/04\/FB_IMG_1682088065276_copy_800x800.jpg?resize=525%2C300&ssl=1 1.5x, https:\/\/i0.wp.com\/www.hoymercedes.com.ar\/principal\/wp-content\/uploads\/2023\/04\/FB_IMG_1682088065276_copy_800x800.jpg?resize=700%2C400&ssl=1 2x"},"classes":[]},{"id":161600,"url":"https:\/\/www.hoymercedes.com.ar\/principal\/2023\/04\/30\/ximena-gatti-tulian-sub-campeona-en-el-campeonato-nacional-de-handball\/","url_meta":{"origin":195126,"position":3},"title":"Ximena Gatti Tulian, Sub Campeona en el Campeonato Nacional de Handball","author":"hoymercedes","date":"30 abril, 2023","format":false,"excerpt":"Ximena Gatti, jugadora de la Escuela Municipal de Handball de Mercedes disput\u00f3 con el seleccionado juvenil de As.Am.Bal el torneo Argentino de Selecciones en la ciudad de San Luis. Lograron el ascenso a la categor\u00eda A para el 2024. Entre los d\u00edas 24 al 30 de abril, se desarroll\u00f3 en\u2026","rel":"","context":"En \u00abDeportes\u00bb","block_context":{"text":"Deportes","link":"https:\/\/www.hoymercedes.com.ar\/principal\/category\/deportes\/"},"img":{"alt_text":"","src":"https:\/\/i0.wp.com\/www.hoymercedes.com.ar\/principal\/wp-content\/uploads\/2023\/04\/FB_IMG_1682884149949_copy_800x533.jpg?resize=350%2C200&ssl=1","width":350,"height":200,"srcset":"https:\/\/i0.wp.com\/www.hoymercedes.com.ar\/principal\/wp-content\/uploads\/2023\/04\/FB_IMG_1682884149949_copy_800x533.jpg?resize=350%2C200&ssl=1 1x, https:\/\/i0.wp.com\/www.hoymercedes.com.ar\/principal\/wp-content\/uploads\/2023\/04\/FB_IMG_1682884149949_copy_800x533.jpg?resize=525%2C300&ssl=1 1.5x, https:\/\/i0.wp.com\/www.hoymercedes.com.ar\/principal\/wp-content\/uploads\/2023\/04\/FB_IMG_1682884149949_copy_800x533.jpg?resize=700%2C400&ssl=1 2x"},"classes":[]},{"id":178043,"url":"https:\/\/www.hoymercedes.com.ar\/principal\/2024\/08\/18\/participaron-del-torneo-nacional-de-adultos-de-handball-fase-1\/","url_meta":{"origin":195126,"position":4},"title":"Participaron del Torneo Nacional de Adultos de Handball Fase 1","author":"hoymercedes","date":"18 agosto, 2024","format":false,"excerpt":"El equipo de la Escuela Municipal de Handball finaliz\u00f3 su participaci\u00f3n en el Torneo Nacional de Adultos Fase 1 que se disput\u00f3 en la ciudad de Olavarria entre los d\u00edas jueves a domingo, con una muy buena actuaci\u00f3n. El Torneo que clasificaba al Torneo Nacional de Adultos para el pr\u00f3ximo\u2026","rel":"","context":"En \u00abDeportes\u00bb","block_context":{"text":"Deportes","link":"https:\/\/www.hoymercedes.com.ar\/principal\/category\/deportes\/"},"img":{"alt_text":"","src":"https:\/\/i0.wp.com\/www.hoymercedes.com.ar\/principal\/wp-content\/uploads\/2024\/08\/FB_IMG_1724008773395_copy_800x533.jpg?resize=350%2C200&ssl=1","width":350,"height":200,"srcset":"https:\/\/i0.wp.com\/www.hoymercedes.com.ar\/principal\/wp-content\/uploads\/2024\/08\/FB_IMG_1724008773395_copy_800x533.jpg?resize=350%2C200&ssl=1 1x, https:\/\/i0.wp.com\/www.hoymercedes.com.ar\/principal\/wp-content\/uploads\/2024\/08\/FB_IMG_1724008773395_copy_800x533.jpg?resize=525%2C300&ssl=1 1.5x, https:\/\/i0.wp.com\/www.hoymercedes.com.ar\/principal\/wp-content\/uploads\/2024\/08\/FB_IMG_1724008773395_copy_800x533.jpg?resize=700%2C400&ssl=1 2x"},"classes":[]},{"id":193032,"url":"https:\/\/www.hoymercedes.com.ar\/principal\/2026\/03\/13\/el-handball-mercedino-organiza-una-cena-bingo-para-financiar-su-participacion-nacional\/","url_meta":{"origin":195126,"position":5},"title":"El handball mercedino organiza una cena bingo para financiar su participaci\u00f3n nacional","author":"hoymercedes","date":"13 marzo, 2026","format":false,"excerpt":"La Escuela Municipal de Handball de Mercedes impulsa una cena bingo solidaria con el objetivo de recaudar fondos y garantizar la participaci\u00f3n del equipo de Menores Femeninas en el pr\u00f3ximo Torneo Nacional que se disputar\u00e1 en Mendoza. La actividad se realizar\u00e1 el s\u00e1bado 11 de abril a las 20 horas\u2026","rel":"","context":"En \u00abDeportes\u00bb","block_context":{"text":"Deportes","link":"https:\/\/www.hoymercedes.com.ar\/principal\/category\/deportes\/"},"img":{"alt_text":"","src":"https:\/\/i0.wp.com\/www.hoymercedes.com.ar\/principal\/wp-content\/uploads\/2026\/03\/image-39.png?resize=350%2C200&ssl=1","width":350,"height":200,"srcset":"https:\/\/i0.wp.com\/www.hoymercedes.com.ar\/principal\/wp-content\/uploads\/2026\/03\/image-39.png?resize=350%2C200&ssl=1 1x, https:\/\/i0.wp.com\/www.hoymercedes.com.ar\/principal\/wp-content\/uploads\/2026\/03\/image-39.png?resize=525%2C300&ssl=1 1.5x, https:\/\/i0.wp.com\/www.hoymercedes.com.ar\/principal\/wp-content\/uploads\/2026\/03\/image-39.png?resize=700%2C400&ssl=1 2x"},"classes":[]}],"_links":{"self":[{"href":"https:\/\/www.hoymercedes.com.ar\/principal\/wp-json\/wp\/v2\/posts\/195126","targetHints":{"allow":["GET"]}}],"collection":[{"href":"https:\/\/www.hoymercedes.com.ar\/principal\/wp-json\/wp\/v2\/posts"}],"about":[{"href":"https:\/\/www.hoymercedes.com.ar\/principal\/wp-json\/wp\/v2\/types\/post"}],"author":[{"embeddable":true,"href":"https:\/\/www.hoymercedes.com.ar\/principal\/wp-json\/wp\/v2\/users\/1"}],"replies":[{"embeddable":true,"href":"https:\/\/www.hoymercedes.com.ar\/principal\/wp-json\/wp\/v2\/comments?post=195126"}],"version-history":[{"count":1,"href":"https:\/\/www.hoymercedes.com.ar\/principal\/wp-json\/wp\/v2\/posts\/195126\/revisions"}],"predecessor-version":[{"id":195128,"href":"https:\/\/www.hoymercedes.com.ar\/principal\/wp-json\/wp\/v2\/posts\/195126\/revisions\/195128"}],"wp:featuredmedia":[{"embeddable":true,"href":"https:\/\/www.hoymercedes.com.ar\/principal\/wp-json\/wp\/v2\/media\/195127"}],"wp:attachment":[{"href":"https:\/\/www.hoymercedes.com.ar\/principal\/wp-json\/wp\/v2\/media?parent=195126"}],"wp:term":[{"taxonomy":"category","embeddable":true,"href":"https:\/\/www.hoymercedes.com.ar\/principal\/wp-json\/wp\/v2\/categories?post=195126"},{"taxonomy":"post_tag","embeddable":true,"href":"https:\/\/www.hoymercedes.com.ar\/principal\/wp-json\/wp\/v2\/tags?post=195126"}],"curies":[{"name":"wp","href":"https:\/\/api.w.org\/{rel}","templated":true}]}}