{"id":195129,"date":"2026-04-26T09:47:00","date_gmt":"2026-04-26T12:47:00","guid":{"rendered":"https:\/\/www.hoymercedes.com.ar\/principal\/?p=195129"},"modified":"2026-04-26T02:48:50","modified_gmt":"2026-04-26T05:48:50","slug":"mirta-retamozo-asumio-la-presidencia-del-frente-grande-en-mercedes","status":"publish","type":"post","link":"https:\/\/www.hoymercedes.com.ar\/principal\/2026\/04\/26\/mirta-retamozo-asumio-la-presidencia-del-frente-grande-en-mercedes\/","title":{"rendered":"Mirta Retamozo asumi\u00f3 la presidencia del Frente Grande en Mercedes"},"content":{"rendered":"\n<figure class=\"wp-block-image size-full\"><img loading=\"lazy\" decoding=\"async\" width=\"1024\" height=\"678\" data-attachment-id=\"195130\" data-permalink=\"https:\/\/www.hoymercedes.com.ar\/principal\/2026\/04\/26\/mirta-retamozo-asumio-la-presidencia-del-frente-grande-en-mercedes\/image-461\/#main\" data-orig-file=\"https:\/\/www.hoymercedes.com.ar\/principal\/wp-content\/uploads\/2026\/04\/image-65.png\" data-orig-size=\"1024,678\" data-comments-opened=\"0\" data-image-meta=\"{&quot;aperture&quot;:&quot;0&quot;,&quot;credit&quot;:&quot;&quot;,&quot;camera&quot;:&quot;&quot;,&quot;caption&quot;:&quot;&quot;,&quot;created_timestamp&quot;:&quot;0&quot;,&quot;copyright&quot;:&quot;&quot;,&quot;focal_length&quot;:&quot;0&quot;,&quot;iso&quot;:&quot;0&quot;,&quot;shutter_speed&quot;:&quot;0&quot;,&quot;title&quot;:&quot;&quot;,&quot;orientation&quot;:&quot;0&quot;}\" data-image-title=\"image\" data-image-description=\"\" data-image-caption=\"\" data-large-file=\"https:\/\/www.hoymercedes.com.ar\/principal\/wp-content\/uploads\/2026\/04\/image-65.png\" src=\"https:\/\/www.hoymercedes.com.ar\/principal\/wp-content\/uploads\/2026\/04\/image-65.png\" alt=\"\" class=\"wp-image-195130\" srcset=\"https:\/\/www.hoymercedes.com.ar\/principal\/wp-content\/uploads\/2026\/04\/image-65.png 1024w, https:\/\/www.hoymercedes.com.ar\/principal\/wp-content\/uploads\/2026\/04\/image-65-630x417.png 630w, https:\/\/www.hoymercedes.com.ar\/principal\/wp-content\/uploads\/2026\/04\/image-65-150x99.png 150w\" sizes=\"auto, (max-width: 1024px) 100vw, 1024px\" \/><\/figure>\n\n\n\n<p>La dirigente mercedina <strong>Mirta Retamozo<\/strong> fue designada como <strong>presidenta del Frente Grande en Mercedes<\/strong>, en el marco de un acto pol\u00edtico realizado en la ciudad de Ensenada, encabezado por el intendente <strong>Mario Secco<\/strong>.<\/p>\n\n\n\n<p>La designaci\u00f3n se dio durante una jornada que reuni\u00f3 a <strong>referentes de distintos puntos de la provincia y del pa\u00eds<\/strong>, consolidando la reorganizaci\u00f3n del espacio pol\u00edtico en el distrito.<\/p>\n\n\n\n<p><strong>Respaldo y proyecci\u00f3n<\/strong><\/p>\n\n\n\n<p>Tras asumir el cargo, Retamozo destac\u00f3 la <strong>convocatoria y el acompa\u00f1amiento recibido<\/strong>, valorando el respaldo de dirigentes y militantes presentes en el encuentro.<\/p>\n\n\n\n<p>El nombramiento se inscribe en un proceso de <strong>fortalecimiento territorial del Frente Grande<\/strong>, con el objetivo de consolidar su presencia en Mercedes y en el \u00e1mbito provincial.<\/p>\n","protected":false},"excerpt":{"rendered":"<p>La dirigente mercedina Mirta Retamozo fue designada como presidenta del Frente Grande en Mercedes, en el marco de un acto &#8230; <a title=\"Mirta Retamozo asumi\u00f3 la presidencia del Frente Grande en Mercedes\" class=\"read-more\" href=\"https:\/\/www.hoymercedes.com.ar\/principal\/2026\/04\/26\/mirta-retamozo-asumio-la-presidencia-del-frente-grande-en-mercedes\/\" aria-label=\"Leer m\u00e1s sobre Mirta Retamozo asumi\u00f3 la presidencia del Frente Grande en Mercedes\">Leer m\u00e1s<\/a><\/p>\n","protected":false},"author":1,"featured_media":195130,"comment_status":"closed","ping_status":"open","sticky":false,"template":"","format":"standard","meta":{"_monsterinsights_skip_tracking":false,"_monsterinsights_sitenote_active":false,"_monsterinsights_sitenote_note":"","_monsterinsights_sitenote_category":0,"jetpack_post_was_ever_published":false,"_jetpack_newsletter_access":"","_jetpack_dont_email_post_to_subs":false,"_jetpack_newsletter_tier_id":0,"_jetpack_memberships_contains_paywalled_content":false,"_jetpack_memberships_contains_paid_content":false,"footnotes":"","jetpack_publicize_message":"","jetpack_publicize_feature_enabled":true,"jetpack_social_post_already_shared":true,"jetpack_social_options":{"image_generator_settings":{"template":"highway","default_image_id":0,"font":"","enabled":false},"version":2},"_wpas_customize_per_network":false},"categories":[5],"tags":[],"class_list":["post-195129","post","type-post","status-publish","format-standard","has-post-thumbnail","hentry","category-politica","generate-columns","tablet-grid-50","mobile-grid-100","grid-parent","grid-50"],"jetpack_publicize_connections":[],"jetpack_featured_media_url":"https:\/\/www.hoymercedes.com.ar\/principal\/wp-content\/uploads\/2026\/04\/image-65.png","wps_subtitle":"","jetpack_sharing_enabled":true,"jetpack-related-posts":[{"id":157795,"url":"https:\/\/www.hoymercedes.com.ar\/principal\/2023\/01\/29\/avanza-la-instalacion-de-un-cajero-automatico-en-gowland\/","url_meta":{"origin":195129,"position":0},"title":"Avanza la instalaci\u00f3n de un cajero autom\u00e1tico en Gowland","author":"hoymercedes","date":"29 enero, 2023","format":false,"excerpt":"El Municipio de Mercedes anunci\u00f3 el avance de obra de la instalaci\u00f3n de un cajero autom\u00e1tico del Banco Provincia en la zona rural, m\u00e1s espec\u00edficamente en inmediaciones de la estaci\u00f3n de trenes de Gowland. El cajero autom\u00e1tico de la red link estar\u00eda terminado y listo para usar en el mes\u2026","rel":"","context":"En \u00abMunicipio\u00bb","block_context":{"text":"Municipio","link":"https:\/\/www.hoymercedes.com.ar\/principal\/category\/municipio\/"},"img":{"alt_text":"","src":"https:\/\/i0.wp.com\/www.hoymercedes.com.ar\/principal\/wp-content\/uploads\/2023\/01\/WhatsApp-Image-2023-01-26-at-12.24.53.jpeg?resize=350%2C200&ssl=1","width":350,"height":200,"srcset":"https:\/\/i0.wp.com\/www.hoymercedes.com.ar\/principal\/wp-content\/uploads\/2023\/01\/WhatsApp-Image-2023-01-26-at-12.24.53.jpeg?resize=350%2C200&ssl=1 1x, https:\/\/i0.wp.com\/www.hoymercedes.com.ar\/principal\/wp-content\/uploads\/2023\/01\/WhatsApp-Image-2023-01-26-at-12.24.53.jpeg?resize=525%2C300&ssl=1 1.5x, https:\/\/i0.wp.com\/www.hoymercedes.com.ar\/principal\/wp-content\/uploads\/2023\/01\/WhatsApp-Image-2023-01-26-at-12.24.53.jpeg?resize=700%2C400&ssl=1 2x, https:\/\/i0.wp.com\/www.hoymercedes.com.ar\/principal\/wp-content\/uploads\/2023\/01\/WhatsApp-Image-2023-01-26-at-12.24.53.jpeg?resize=1050%2C600&ssl=1 3x"},"classes":[]},{"id":133629,"url":"https:\/\/www.hoymercedes.com.ar\/principal\/2021\/07\/19\/manuel-ojea-fue-el-mejor-de-la-jornada-tras-el-desempate-automatico\/","url_meta":{"origin":195129,"position":1},"title":"Manuel Ojea fue el mejor de la jornada tras el desempate autom\u00e1tico","author":"hoymercedes","date":"19 julio, 2021","format":false,"excerpt":"Como todos los s\u00e1bados,\u00a0 se jugo en el Golf Club Mercedes un\u00a0 nuevo\u00a0Medal\u00a0Play, con mucho viento y fr\u00edo pero siempre con esas ganas de jugar golf.\u00a0 Muchos salieron a la cancha en pos de su mejor tarjeta y se lucio Manuelito Ojea que por desempate autom\u00e1tico se llevo el\u00a0Medal\u00a0del d\u00eda.\u00a0\u2026","rel":"","context":"En \u00abDeportes\u00bb","block_context":{"text":"Deportes","link":"https:\/\/www.hoymercedes.com.ar\/principal\/category\/deportes\/"},"img":{"alt_text":"","src":"https:\/\/i0.wp.com\/www.hoymercedes.com.ar\/principal\/wp-content\/uploads\/2021\/07\/WhatsApp-Image-2021-07-19-at-09.26.32.jpeg?resize=350%2C200&ssl=1","width":350,"height":200},"classes":[]},{"id":163257,"url":"https:\/\/www.hoymercedes.com.ar\/principal\/2023\/06\/11\/inauguraron-el-cajero-automatico-en-gowland-agote\/","url_meta":{"origin":195129,"position":2},"title":"Inauguraron el cajero autom\u00e1tico en Gowland-Agote","author":"hoymercedes","date":"11 junio, 2023","format":false,"excerpt":"En la ma\u00f1ana del s\u00e1bado \u00faltimo, se inaugur\u00f3 el cajero autom\u00e1tico a metros de la estaci\u00f3n de trenes de Gowland, extendiendo el servicio del Banco Provincia para la zona rural. En el acto estuvieron presentes el presidente de Banco Provincia Juan Cuattromo, el Intendente de Mercedes Juan Ignacio Ustarroz, concejales\u2026","rel":"","context":"En \u00abMunicipio\u00bb","block_context":{"text":"Municipio","link":"https:\/\/www.hoymercedes.com.ar\/principal\/category\/municipio\/"},"img":{"alt_text":"","src":"https:\/\/i0.wp.com\/www.hoymercedes.com.ar\/principal\/wp-content\/uploads\/2023\/06\/DSC03218.jpg?resize=350%2C200&ssl=1","width":350,"height":200,"srcset":"https:\/\/i0.wp.com\/www.hoymercedes.com.ar\/principal\/wp-content\/uploads\/2023\/06\/DSC03218.jpg?resize=350%2C200&ssl=1 1x, https:\/\/i0.wp.com\/www.hoymercedes.com.ar\/principal\/wp-content\/uploads\/2023\/06\/DSC03218.jpg?resize=525%2C300&ssl=1 1.5x, https:\/\/i0.wp.com\/www.hoymercedes.com.ar\/principal\/wp-content\/uploads\/2023\/06\/DSC03218.jpg?resize=700%2C400&ssl=1 2x"},"classes":[]},{"id":24505,"url":"https:\/\/www.hoymercedes.com.ar\/principal\/2013\/08\/03\/banco-nacion-coloco-un-nuevo-cajero-automatico-en-mercedes\/","url_meta":{"origin":195129,"position":3},"title":"Banco Naci\u00f3n coloc\u00f3 un nuevo cajero autom\u00e1tico en Mercedes","author":"hoymercedes","date":"3 agosto, 2013","format":false,"excerpt":"\u00a0 La sucursal Mercedes del Banco Naci\u00f3n sum\u00f3\u00a0 un nuevo servicio: su cuarto cajero autom\u00e1tico. \u201cPara nosotros es important\u00edsimo haber logrado este beneficio porque descomprime tanto lo que es atenci\u00f3n al cliente en mostrador como en la propia red de cajeros que est\u00e1\u00a0en el ingreso a la sede\u201d, cont\u00f3\u00a0el gerente,\u2026","rel":"","context":"En \u00abSociedad\u00bb","block_context":{"text":"Sociedad","link":"https:\/\/www.hoymercedes.com.ar\/principal\/category\/sociedad\/"},"img":{"alt_text":"Ustarroz-Bauducco","src":"https:\/\/i0.wp.com\/www.hoymercedes.com.ar\/principal\/wp-content\/uploads\/2013\/08\/Ustarroz-Bauducco.jpg?resize=350%2C200","width":350,"height":200,"srcset":"https:\/\/i0.wp.com\/www.hoymercedes.com.ar\/principal\/wp-content\/uploads\/2013\/08\/Ustarroz-Bauducco.jpg?resize=350%2C200 1x, https:\/\/i0.wp.com\/www.hoymercedes.com.ar\/principal\/wp-content\/uploads\/2013\/08\/Ustarroz-Bauducco.jpg?resize=525%2C300 1.5x"},"classes":[]},{"id":26640,"url":"https:\/\/www.hoymercedes.com.ar\/principal\/2013\/10\/16\/vecina-estafada-en-un-cajero-automatico\/","url_meta":{"origin":195129,"position":4},"title":"Vecina estafada en un cajero autom\u00e1tico","author":"hoymercedes","date":"16 octubre, 2013","format":false,"excerpt":"Una vecina de nuestra ciudad, durante la semana pasada, result\u00f3 estafada cuando realiz\u00f3 una operaci\u00f3n financiera en un cajero en pleno radio c\u00e9ntrico. La cuesti\u00f3n est\u00e1 en manos de la justicia.\u00a0 Si bien no es habitual que en esta ciudad ocurran este tipo de hechos. Todo tuvo lugar en la\u2026","rel":"","context":"En \u00abSociedad\u00bb","block_context":{"text":"Sociedad","link":"https:\/\/www.hoymercedes.com.ar\/principal\/category\/sociedad\/"},"img":{"alt_text":"","src":"","width":0,"height":0},"classes":[]},{"id":179343,"url":"https:\/\/www.hoymercedes.com.ar\/principal\/2024\/10\/05\/borrador-automatic\/","url_meta":{"origin":195129,"position":5},"title":"Grave siniestro vial en el acceso a Mercedes","author":"hoymercedes","date":"5 octubre, 2024","format":false,"excerpt":"Un hombre de 32 a\u00f1os de edad se encuentra en grave estado tras chocar contra una camioneta. El mencionado iba en una moto y se cruz\u00f3 de carril dando de frente contra el otro conductor sorprendido por la circunstancias. El motociclista venia en direcci\u00f3n rotonda de ruta 5 y avenida\u2026","rel":"","context":"En \u00abSociedad\u00bb","block_context":{"text":"Sociedad","link":"https:\/\/www.hoymercedes.com.ar\/principal\/category\/sociedad\/"},"img":{"alt_text":"Acceso a Mercedes","src":"https:\/\/i0.wp.com\/www.hoymercedes.com.ar\/principal\/wp-content\/uploads\/2024\/10\/Captura-de-pantalla-2024-10-05-141717.png?resize=350%2C200&ssl=1","width":350,"height":200,"srcset":"https:\/\/i0.wp.com\/www.hoymercedes.com.ar\/principal\/wp-content\/uploads\/2024\/10\/Captura-de-pantalla-2024-10-05-141717.png?resize=350%2C200&ssl=1 1x, https:\/\/i0.wp.com\/www.hoymercedes.com.ar\/principal\/wp-content\/uploads\/2024\/10\/Captura-de-pantalla-2024-10-05-141717.png?resize=525%2C300&ssl=1 1.5x, https:\/\/i0.wp.com\/www.hoymercedes.com.ar\/principal\/wp-content\/uploads\/2024\/10\/Captura-de-pantalla-2024-10-05-141717.png?resize=700%2C400&ssl=1 2x, https:\/\/i0.wp.com\/www.hoymercedes.com.ar\/principal\/wp-content\/uploads\/2024\/10\/Captura-de-pantalla-2024-10-05-141717.png?resize=1050%2C600&ssl=1 3x"},"classes":[]}],"_links":{"self":[{"href":"https:\/\/www.hoymercedes.com.ar\/principal\/wp-json\/wp\/v2\/posts\/195129","targetHints":{"allow":["GET"]}}],"collection":[{"href":"https:\/\/www.hoymercedes.com.ar\/principal\/wp-json\/wp\/v2\/posts"}],"about":[{"href":"https:\/\/www.hoymercedes.com.ar\/principal\/wp-json\/wp\/v2\/types\/post"}],"author":[{"embeddable":true,"href":"https:\/\/www.hoymercedes.com.ar\/principal\/wp-json\/wp\/v2\/users\/1"}],"replies":[{"embeddable":true,"href":"https:\/\/www.hoymercedes.com.ar\/principal\/wp-json\/wp\/v2\/comments?post=195129"}],"version-history":[{"count":1,"href":"https:\/\/www.hoymercedes.com.ar\/principal\/wp-json\/wp\/v2\/posts\/195129\/revisions"}],"predecessor-version":[{"id":195131,"href":"https:\/\/www.hoymercedes.com.ar\/principal\/wp-json\/wp\/v2\/posts\/195129\/revisions\/195131"}],"wp:featuredmedia":[{"embeddable":true,"href":"https:\/\/www.hoymercedes.com.ar\/principal\/wp-json\/wp\/v2\/media\/195130"}],"wp:attachment":[{"href":"https:\/\/www.hoymercedes.com.ar\/principal\/wp-json\/wp\/v2\/media?parent=195129"}],"wp:term":[{"taxonomy":"category","embeddable":true,"href":"https:\/\/www.hoymercedes.com.ar\/principal\/wp-json\/wp\/v2\/categories?post=195129"},{"taxonomy":"post_tag","embeddable":true,"href":"https:\/\/www.hoymercedes.com.ar\/principal\/wp-json\/wp\/v2\/tags?post=195129"}],"curies":[{"name":"wp","href":"https:\/\/api.w.org\/{rel}","templated":true}]}}