{"id":195132,"date":"2026-04-26T10:49:00","date_gmt":"2026-04-26T13:49:00","guid":{"rendered":"https:\/\/www.hoymercedes.com.ar\/principal\/?p=195132"},"modified":"2026-04-26T03:21:10","modified_gmt":"2026-04-26T06:21:10","slug":"trocha-y-palometas-golearon-en-el-senior-de-la-liga-mercedina","status":"publish","type":"post","link":"https:\/\/www.hoymercedes.com.ar\/principal\/2026\/04\/26\/trocha-y-palometas-golearon-en-el-senior-de-la-liga-mercedina\/","title":{"rendered":"Trocha y Palometas golearon en el Senior de la Liga Mercedina"},"content":{"rendered":"\n<p>La sexta fecha del f\u00fatbol Senior +40 de la Liga Mercedina se jug\u00f3 entre semana con todos los partidos posibles. Se destac\u00f3 la goleada de Trocha sobre Quilmes y la de Palometas ante Club Mercedes.<\/p>\n\n\n\n<p><strong>Zona A<br>Trocha 6:<\/strong>\u00a0Gustavo Morales, N\u00e9stor Sequeira, Joaqu\u00edn Mouzzon, Facundo Ballesteros y C\u00e9sar Dibernardi 2.<br><strong>Quilmes 0<\/strong>.<\/p>\n\n\n\n<p><strong>Estudiantes 1:<\/strong>&nbsp;Marcelo Leone.<br><strong>El Front\u00f3n 2:<\/strong>&nbsp;Juan Ram\u00edrez y Maximiliano Levo.<\/p>\n\n\n\n<p><strong>Defensores Jrs. 3:<\/strong>&nbsp;Facundo S\u00e1nchez 2 y Sebasti\u00e1n Far\u00edas.<br><strong>Sportivo Belgrano 2:<\/strong>&nbsp;Juan Siri y Mauricio Castro.<\/p>\n\n\n\n<p><strong>Libre:<\/strong>&nbsp;Holanda.<\/p>\n\n\n\n<p><strong>Pr\u00f3xima fecha<\/strong><br>Estudiantes vs. Sportivo Belgrano.<br>Trocha vs. El Front\u00f3n.<br>Holanda vs. Quilmes.<br><strong>Libre:<\/strong>&nbsp;Defensores Juniors.<\/p>\n\n\n\n<p><strong>Zona B<br>Carteros 1:&nbsp;<\/strong>Pablo Arag\u00f3n.<br><strong>Recreativo Uni\u00f3n 1:<\/strong>&nbsp;Cristian Mazzeo.<\/p>\n\n\n\n<p><strong>Club Mercedes 1:<\/strong>&nbsp;F\u00e9lix Avila.<br><strong>Palometas 5:<\/strong>&nbsp;Diego Ludue\u00f1a 4 y Dante Carretero.<\/p>\n\n\n\n<p><strong>Deportivo Gowland 2:&nbsp;<\/strong>Hugo Retamoso y Agust\u00edn M\u00f3naco.<br><strong>Costa Brava 3:<\/strong>&nbsp;Javier Torres, Juan Andrada y Nicol\u00e1s Bernal.<\/p>\n\n\n\n<p><strong>Libre:<\/strong>&nbsp;San Bernardo.<\/p>\n\n\n\n<figure class=\"wp-block-image size-large\"><img loading=\"lazy\" decoding=\"async\" width=\"819\" height=\"1024\" data-attachment-id=\"195133\" data-permalink=\"https:\/\/www.hoymercedes.com.ar\/principal\/2026\/04\/26\/trocha-y-palometas-golearon-en-el-senior-de-la-liga-mercedina\/11-3-4\/#main\" data-orig-file=\"https:\/\/www.hoymercedes.com.ar\/principal\/wp-content\/uploads\/2026\/04\/11-3.png\" data-orig-size=\"1080,1350\" data-comments-opened=\"0\" data-image-meta=\"{&quot;aperture&quot;:&quot;0&quot;,&quot;credit&quot;:&quot;&quot;,&quot;camera&quot;:&quot;&quot;,&quot;caption&quot;:&quot;&quot;,&quot;created_timestamp&quot;:&quot;0&quot;,&quot;copyright&quot;:&quot;&quot;,&quot;focal_length&quot;:&quot;0&quot;,&quot;iso&quot;:&quot;0&quot;,&quot;shutter_speed&quot;:&quot;0&quot;,&quot;title&quot;:&quot;&quot;,&quot;orientation&quot;:&quot;0&quot;}\" data-image-title=\"11 (3)\" data-image-description=\"\" data-image-caption=\"\" data-large-file=\"https:\/\/www.hoymercedes.com.ar\/principal\/wp-content\/uploads\/2026\/04\/11-3-819x1024.png\" src=\"https:\/\/www.hoymercedes.com.ar\/principal\/wp-content\/uploads\/2026\/04\/11-3-819x1024.png\" alt=\"\" class=\"wp-image-195133\" srcset=\"https:\/\/www.hoymercedes.com.ar\/principal\/wp-content\/uploads\/2026\/04\/11-3-819x1024.png 819w, https:\/\/www.hoymercedes.com.ar\/principal\/wp-content\/uploads\/2026\/04\/11-3-496x620.png 496w, https:\/\/www.hoymercedes.com.ar\/principal\/wp-content\/uploads\/2026\/04\/11-3-120x150.png 120w, https:\/\/www.hoymercedes.com.ar\/principal\/wp-content\/uploads\/2026\/04\/11-3.png 1080w\" sizes=\"auto, (max-width: 819px) 100vw, 819px\" \/><\/figure>\n","protected":false},"excerpt":{"rendered":"<p>La sexta fecha del f\u00fatbol Senior +40 de la Liga Mercedina se jug\u00f3 entre semana con todos los partidos posibles. &#8230; <a title=\"Trocha y Palometas golearon en el Senior de la Liga Mercedina\" class=\"read-more\" href=\"https:\/\/www.hoymercedes.com.ar\/principal\/2026\/04\/26\/trocha-y-palometas-golearon-en-el-senior-de-la-liga-mercedina\/\" aria-label=\"Leer m\u00e1s sobre Trocha y Palometas golearon en el Senior de la Liga Mercedina\">Leer m\u00e1s<\/a><\/p>\n","protected":false},"author":1,"featured_media":195133,"comment_status":"closed","ping_status":"open","sticky":false,"template":"","format":"standard","meta":{"_monsterinsights_skip_tracking":false,"_monsterinsights_sitenote_active":false,"_monsterinsights_sitenote_note":"","_monsterinsights_sitenote_category":0,"jetpack_post_was_ever_published":false,"_jetpack_newsletter_access":"","_jetpack_dont_email_post_to_subs":false,"_jetpack_newsletter_tier_id":0,"_jetpack_memberships_contains_paywalled_content":false,"_jetpack_memberships_contains_paid_content":false,"footnotes":"","jetpack_publicize_message":"","jetpack_publicize_feature_enabled":true,"jetpack_social_post_already_shared":true,"jetpack_social_options":{"image_generator_settings":{"template":"highway","default_image_id":0,"font":"","enabled":false},"version":2},"_wpas_customize_per_network":false},"categories":[21],"tags":[],"class_list":["post-195132","post","type-post","status-publish","format-standard","has-post-thumbnail","hentry","category-deportes","generate-columns","tablet-grid-50","mobile-grid-100","grid-parent","grid-50"],"jetpack_publicize_connections":[],"jetpack_featured_media_url":"https:\/\/www.hoymercedes.com.ar\/principal\/wp-content\/uploads\/2026\/04\/11-3.png","wps_subtitle":"","jetpack_sharing_enabled":true,"jetpack-related-posts":[{"id":194434,"url":"https:\/\/www.hoymercedes.com.ar\/principal\/2026\/04\/10\/defensores-y-gowland-ganaron-y-se-prendieron-en-el-senior-de-la-liga-mercedina\/","url_meta":{"origin":195132,"position":0},"title":"Defensores y Gowland ganaron y se prendieron en el Senior de la Liga Mercedina","author":"hoymercedes","date":"10 abril, 2026","format":false,"excerpt":"Tras la suspensi\u00f3n por lluvia se jug\u00f3 la quinta fecha del torneo Senior de la Liga Mercedina de F\u00fatbol, que tuvo la resonante victoria de Gowland ante Club Mercedes, quit\u00e1ndole el invicto al Blanquinegro. Adem\u00e1s, Defensores derrot\u00f3 a Quilmes y alcanz\u00f3 a Trocha, que qued\u00f3 libre, en la cima de\u2026","rel":"","context":"En \u00abDeportes\u00bb","block_context":{"text":"Deportes","link":"https:\/\/www.hoymercedes.com.ar\/principal\/category\/deportes\/"},"img":{"alt_text":"","src":"https:\/\/i0.wp.com\/www.hoymercedes.com.ar\/principal\/wp-content\/uploads\/2026\/04\/11-11.png?resize=350%2C200&ssl=1","width":350,"height":200,"srcset":"https:\/\/i0.wp.com\/www.hoymercedes.com.ar\/principal\/wp-content\/uploads\/2026\/04\/11-11.png?resize=350%2C200&ssl=1 1x, https:\/\/i0.wp.com\/www.hoymercedes.com.ar\/principal\/wp-content\/uploads\/2026\/04\/11-11.png?resize=525%2C300&ssl=1 1.5x, https:\/\/i0.wp.com\/www.hoymercedes.com.ar\/principal\/wp-content\/uploads\/2026\/04\/11-11.png?resize=700%2C400&ssl=1 2x, https:\/\/i0.wp.com\/www.hoymercedes.com.ar\/principal\/wp-content\/uploads\/2026\/04\/11-11.png?resize=1050%2C600&ssl=1 3x"},"classes":[]},{"id":193182,"url":"https:\/\/www.hoymercedes.com.ar\/principal\/2026\/03\/15\/trocha-y-costa-brava-lideran-en-el-senior-de-la-liga-mercedina\/","url_meta":{"origin":195132,"position":1},"title":"Trocha y Costa Brava lideran en el Senior de la Liga Mercedina","author":"hoymercedes","date":"15 marzo, 2026","format":false,"excerpt":"En la noche del mi\u00e9rcoles 11 de marzo se disput\u00f3 la segunda fecha del Torneo Apertura del F\u00fatbol Senior +40, certamen organizado por la Liga Mercedina de F\u00fatbol, con varios encuentros en distintas canchas de la regi\u00f3n. Entre los resultados destacados, Club Mercedes comenz\u00f3 su temporada con una victoria por\u2026","rel":"","context":"En \u00abDeportes\u00bb","block_context":{"text":"Deportes","link":"https:\/\/www.hoymercedes.com.ar\/principal\/category\/deportes\/"},"img":{"alt_text":"","src":"https:\/\/i0.wp.com\/www.hoymercedes.com.ar\/principal\/wp-content\/uploads\/2026\/03\/11.png?resize=350%2C200&ssl=1","width":350,"height":200,"srcset":"https:\/\/i0.wp.com\/www.hoymercedes.com.ar\/principal\/wp-content\/uploads\/2026\/03\/11.png?resize=350%2C200&ssl=1 1x, https:\/\/i0.wp.com\/www.hoymercedes.com.ar\/principal\/wp-content\/uploads\/2026\/03\/11.png?resize=525%2C300&ssl=1 1.5x, https:\/\/i0.wp.com\/www.hoymercedes.com.ar\/principal\/wp-content\/uploads\/2026\/03\/11.png?resize=700%2C400&ssl=1 2x, https:\/\/i0.wp.com\/www.hoymercedes.com.ar\/principal\/wp-content\/uploads\/2026\/03\/11.png?resize=1050%2C600&ssl=1 3x"},"classes":[]},{"id":193364,"url":"https:\/\/www.hoymercedes.com.ar\/principal\/2026\/03\/19\/son-tres-los-lideres-de-la-zona-b-del-senior-40-de-la-liga\/","url_meta":{"origin":195132,"position":2},"title":"Son tres los l\u00edderes de la Zona B del Senior +40 de la Liga","author":"hoymercedes","date":"19 marzo, 2026","format":false,"excerpt":"El mi\u00e9rcoles 18 se jug\u00f3 la tercera fecha del Senior +40 de la Liga Mercedina de F\u00fatbol, con partidos en la ciudad y San Andr\u00e9s de Giles. En la Zona A, Trocha empat\u00f3 con Defensores pero se mantiene como \u00fanico l\u00edder. Adem\u00e1s, El Front\u00f3n venci\u00f3 a Quilmes y Holanda igual\u00f3\u2026","rel":"","context":"En \u00abDeportes\u00bb","block_context":{"text":"Deportes","link":"https:\/\/www.hoymercedes.com.ar\/principal\/category\/deportes\/"},"img":{"alt_text":"","src":"https:\/\/i0.wp.com\/www.hoymercedes.com.ar\/principal\/wp-content\/uploads\/2026\/03\/11-1.png?resize=350%2C200&ssl=1","width":350,"height":200,"srcset":"https:\/\/i0.wp.com\/www.hoymercedes.com.ar\/principal\/wp-content\/uploads\/2026\/03\/11-1.png?resize=350%2C200&ssl=1 1x, https:\/\/i0.wp.com\/www.hoymercedes.com.ar\/principal\/wp-content\/uploads\/2026\/03\/11-1.png?resize=525%2C300&ssl=1 1.5x, https:\/\/i0.wp.com\/www.hoymercedes.com.ar\/principal\/wp-content\/uploads\/2026\/03\/11-1.png?resize=700%2C400&ssl=1 2x, https:\/\/i0.wp.com\/www.hoymercedes.com.ar\/principal\/wp-content\/uploads\/2026\/03\/11-1.png?resize=1050%2C600&ssl=1 3x"},"classes":[]},{"id":193762,"url":"https:\/\/www.hoymercedes.com.ar\/principal\/2026\/03\/28\/club-mercedes-goleada-y-puntaje-ideal-en-el-senior-de-la-liga-mercedina\/","url_meta":{"origin":195132,"position":3},"title":"Club Mercedes goleada y puntaje ideal en el Senior de la Liga Mercedina","author":"hoymercedes","date":"28 marzo, 2026","format":false,"excerpt":"Durante la noche del mi\u00e9rcoles 25, se disput\u00f3 la cuarta fecha del torneo Apertura del F\u00fatbol Senior +40 organizado por la Liga Mercedina, que contin\u00faa mostrando una competencia din\u00e1mica, con equipos que empiezan a consolidarse y posicionarse en los primeros lugares. En la Zona A, el liderazgo qued\u00f3 en manos\u2026","rel":"","context":"En \u00abDeportes\u00bb","block_context":{"text":"Deportes","link":"https:\/\/www.hoymercedes.com.ar\/principal\/category\/deportes\/"},"img":{"alt_text":"","src":"https:\/\/i0.wp.com\/www.hoymercedes.com.ar\/principal\/wp-content\/uploads\/2026\/03\/11-2.png?resize=350%2C200&ssl=1","width":350,"height":200,"srcset":"https:\/\/i0.wp.com\/www.hoymercedes.com.ar\/principal\/wp-content\/uploads\/2026\/03\/11-2.png?resize=350%2C200&ssl=1 1x, https:\/\/i0.wp.com\/www.hoymercedes.com.ar\/principal\/wp-content\/uploads\/2026\/03\/11-2.png?resize=525%2C300&ssl=1 1.5x, https:\/\/i0.wp.com\/www.hoymercedes.com.ar\/principal\/wp-content\/uploads\/2026\/03\/11-2.png?resize=700%2C400&ssl=1 2x, https:\/\/i0.wp.com\/www.hoymercedes.com.ar\/principal\/wp-content\/uploads\/2026\/03\/11-2.png?resize=1050%2C600&ssl=1 3x"},"classes":[]},{"id":194300,"url":"https:\/\/www.hoymercedes.com.ar\/principal\/2026\/04\/07\/todos-los-resultados-de-reserva-de-la-liga-mercedina\/","url_meta":{"origin":195132,"position":4},"title":"Todos los resultados de Reserva de la Liga Mercedina","author":"hoymercedes","date":"7 abril, 2026","format":false,"excerpt":"Durante el fin de semana largo se jug\u00f3 la tercera fecha de la Liga Mercedina de F\u00fatbol. La lluvia imposibilit\u00f3 el desarrollo de algunos encuentros en un torneo que no logra ponerse al d\u00eda desde su inicio hace casi un mes. Tercera fechaZona CV\u00e9lez 2:\u00a0Facundo Toledo y Bautista Cabral.Palometas FC\u2026","rel":"","context":"En \u00abDeportes\u00bb","block_context":{"text":"Deportes","link":"https:\/\/www.hoymercedes.com.ar\/principal\/category\/deportes\/"},"img":{"alt_text":"","src":"https:\/\/i0.wp.com\/www.hoymercedes.com.ar\/principal\/wp-content\/uploads\/2026\/04\/11-9.png?resize=350%2C200&ssl=1","width":350,"height":200,"srcset":"https:\/\/i0.wp.com\/www.hoymercedes.com.ar\/principal\/wp-content\/uploads\/2026\/04\/11-9.png?resize=350%2C200&ssl=1 1x, https:\/\/i0.wp.com\/www.hoymercedes.com.ar\/principal\/wp-content\/uploads\/2026\/04\/11-9.png?resize=525%2C300&ssl=1 1.5x, https:\/\/i0.wp.com\/www.hoymercedes.com.ar\/principal\/wp-content\/uploads\/2026\/04\/11-9.png?resize=700%2C400&ssl=1 2x, https:\/\/i0.wp.com\/www.hoymercedes.com.ar\/principal\/wp-content\/uploads\/2026\/04\/11-9.png?resize=1050%2C600&ssl=1 3x"},"classes":[]},{"id":194197,"url":"https:\/\/www.hoymercedes.com.ar\/principal\/2026\/04\/03\/la-lluvia-dejo-jugar-pocos-partidos-en-la-liga-mercedina-de-futbol\/","url_meta":{"origin":195132,"position":5},"title":"La lluvia dej\u00f3 jugar pocos partidos en la Liga Mercedina de F\u00fatbol","author":"hoymercedes","date":"3 abril, 2026","format":false,"excerpt":"La lluvia no le permiti\u00f3 al f\u00fatbol mercedino jugar todo lo que estaba previsto para este 2 de abril. All Haz sigue sin debutar en la Primera ya que el encuentro ante Jorge Newbery fue suspendido, lo mismo que Holanda ante Ateneo, los dos encuentros que estaban pautados para jugarse\u2026","rel":"","context":"En \u00abDeportes\u00bb","block_context":{"text":"Deportes","link":"https:\/\/www.hoymercedes.com.ar\/principal\/category\/deportes\/"},"img":{"alt_text":"","src":"https:\/\/i0.wp.com\/www.hoymercedes.com.ar\/principal\/wp-content\/uploads\/2026\/04\/11-5.png?resize=350%2C200&ssl=1","width":350,"height":200,"srcset":"https:\/\/i0.wp.com\/www.hoymercedes.com.ar\/principal\/wp-content\/uploads\/2026\/04\/11-5.png?resize=350%2C200&ssl=1 1x, https:\/\/i0.wp.com\/www.hoymercedes.com.ar\/principal\/wp-content\/uploads\/2026\/04\/11-5.png?resize=525%2C300&ssl=1 1.5x, https:\/\/i0.wp.com\/www.hoymercedes.com.ar\/principal\/wp-content\/uploads\/2026\/04\/11-5.png?resize=700%2C400&ssl=1 2x, https:\/\/i0.wp.com\/www.hoymercedes.com.ar\/principal\/wp-content\/uploads\/2026\/04\/11-5.png?resize=1050%2C600&ssl=1 3x"},"classes":[]}],"_links":{"self":[{"href":"https:\/\/www.hoymercedes.com.ar\/principal\/wp-json\/wp\/v2\/posts\/195132","targetHints":{"allow":["GET"]}}],"collection":[{"href":"https:\/\/www.hoymercedes.com.ar\/principal\/wp-json\/wp\/v2\/posts"}],"about":[{"href":"https:\/\/www.hoymercedes.com.ar\/principal\/wp-json\/wp\/v2\/types\/post"}],"author":[{"embeddable":true,"href":"https:\/\/www.hoymercedes.com.ar\/principal\/wp-json\/wp\/v2\/users\/1"}],"replies":[{"embeddable":true,"href":"https:\/\/www.hoymercedes.com.ar\/principal\/wp-json\/wp\/v2\/comments?post=195132"}],"version-history":[{"count":1,"href":"https:\/\/www.hoymercedes.com.ar\/principal\/wp-json\/wp\/v2\/posts\/195132\/revisions"}],"predecessor-version":[{"id":195134,"href":"https:\/\/www.hoymercedes.com.ar\/principal\/wp-json\/wp\/v2\/posts\/195132\/revisions\/195134"}],"wp:featuredmedia":[{"embeddable":true,"href":"https:\/\/www.hoymercedes.com.ar\/principal\/wp-json\/wp\/v2\/media\/195133"}],"wp:attachment":[{"href":"https:\/\/www.hoymercedes.com.ar\/principal\/wp-json\/wp\/v2\/media?parent=195132"}],"wp:term":[{"taxonomy":"category","embeddable":true,"href":"https:\/\/www.hoymercedes.com.ar\/principal\/wp-json\/wp\/v2\/categories?post=195132"},{"taxonomy":"post_tag","embeddable":true,"href":"https:\/\/www.hoymercedes.com.ar\/principal\/wp-json\/wp\/v2\/tags?post=195132"}],"curies":[{"name":"wp","href":"https:\/\/api.w.org\/{rel}","templated":true}]}}