{"id":195138,"date":"2026-04-27T08:27:00","date_gmt":"2026-04-27T11:27:00","guid":{"rendered":"https:\/\/www.hoymercedes.com.ar\/principal\/?p=195138"},"modified":"2026-04-26T03:29:04","modified_gmt":"2026-04-26T06:29:04","slug":"la-ucr-mercedes-pidio-reactivar-el-banco-de-alimentos-y-reclamo-por-pami-y-el-sarmiento","status":"publish","type":"post","link":"https:\/\/www.hoymercedes.com.ar\/principal\/2026\/04\/27\/la-ucr-mercedes-pidio-reactivar-el-banco-de-alimentos-y-reclamo-por-pami-y-el-sarmiento\/","title":{"rendered":"La UCR Mercedes pidi\u00f3 reactivar el Banco de Alimentos y reclam\u00f3 por PAMI y el Sarmiento"},"content":{"rendered":"\n<figure class=\"wp-block-image size-full\"><img loading=\"lazy\" decoding=\"async\" width=\"800\" height=\"533\" data-attachment-id=\"123644\" data-permalink=\"https:\/\/www.hoymercedes.com.ar\/principal\/2021\/01\/21\/daniel-ivaldis-ojala-en-2021-el-municipio-destine-fondos-reales-a-educacion\/21-ivaldis\/#main\" data-orig-file=\"https:\/\/www.hoymercedes.com.ar\/principal\/wp-content\/uploads\/2021\/01\/21-ivaldis.jpg\" data-orig-size=\"800,533\" data-comments-opened=\"0\" data-image-meta=\"{&quot;aperture&quot;:&quot;0&quot;,&quot;credit&quot;:&quot;&quot;,&quot;camera&quot;:&quot;&quot;,&quot;caption&quot;:&quot;&quot;,&quot;created_timestamp&quot;:&quot;1611241136&quot;,&quot;copyright&quot;:&quot;&quot;,&quot;focal_length&quot;:&quot;0&quot;,&quot;iso&quot;:&quot;0&quot;,&quot;shutter_speed&quot;:&quot;0&quot;,&quot;title&quot;:&quot;&quot;,&quot;orientation&quot;:&quot;1&quot;}\" data-image-title=\"21 ivaldis\" data-image-description=\"\" data-image-caption=\"\" data-large-file=\"https:\/\/www.hoymercedes.com.ar\/principal\/wp-content\/uploads\/2021\/01\/21-ivaldis.jpg\" src=\"https:\/\/www.hoymercedes.com.ar\/principal\/wp-content\/uploads\/2021\/01\/21-ivaldis.jpg\" alt=\"\" class=\"wp-image-123644\" srcset=\"https:\/\/www.hoymercedes.com.ar\/principal\/wp-content\/uploads\/2021\/01\/21-ivaldis.jpg 800w, https:\/\/www.hoymercedes.com.ar\/principal\/wp-content\/uploads\/2021\/01\/21-ivaldis-630x420.jpg 630w, https:\/\/www.hoymercedes.com.ar\/principal\/wp-content\/uploads\/2021\/01\/21-ivaldis-150x100.jpg 150w, https:\/\/www.hoymercedes.com.ar\/principal\/wp-content\/uploads\/2021\/01\/21-ivaldis-700x465.jpg 700w\" sizes=\"auto, (max-width: 800px) 100vw, 800px\" \/><\/figure>\n\n\n\n<p>El bloque de concejales de la <strong>UCR Mercedes<\/strong> present\u00f3 una serie de iniciativas de cara a la pr\u00f3xima sesi\u00f3n del Concejo Deliberante, con eje en <strong>asistencia social, transporte y situaci\u00f3n de jubilados<\/strong>.<\/p>\n\n\n\n<p>Uno de los principales planteos apunta a la <strong>puesta en marcha del Banco Municipal de Alimentos<\/strong>, un proyecto aprobado el a\u00f1o pasado que a\u00fan no fue implementado. Desde el espacio se\u00f1alaron que la medida es clave ante el <strong>deterioro del poder adquisitivo y el aumento de la demanda social<\/strong>.<\/p>\n\n\n\n<p><strong>Preocupaci\u00f3n por jubilados y servicios<\/strong><\/p>\n\n\n\n<p>Adem\u00e1s, los ediles expresaron inquietud por la situaci\u00f3n del <strong>PAMI<\/strong>, en el marco de reclamos vinculados a la atenci\u00f3n y cobertura de los adultos mayores. Tambi\u00e9n solicitaron respuestas sobre el funcionamiento del <strong>servicio ferroviario Sarmiento<\/strong>, particularmente en materia de <strong>seguridad y calidad del servicio<\/strong>.<\/p>\n\n\n\n<p>La iniciativa fue impulsada por los concejales <strong>A\u00edda Laporta y Daniel Ivaldis<\/strong>, quienes adelantaron que estos temas formar\u00e1n parte del debate legislativo en la sesi\u00f3n prevista, en un contexto social que consideran <strong>cada vez m\u00e1s complejo<\/strong>.<\/p>\n","protected":false},"excerpt":{"rendered":"<p>El bloque de concejales de la UCR Mercedes present\u00f3 una serie de iniciativas de cara a la pr\u00f3xima sesi\u00f3n del &#8230; <a title=\"La UCR Mercedes pidi\u00f3 reactivar el Banco de Alimentos y reclam\u00f3 por PAMI y el Sarmiento\" class=\"read-more\" href=\"https:\/\/www.hoymercedes.com.ar\/principal\/2026\/04\/27\/la-ucr-mercedes-pidio-reactivar-el-banco-de-alimentos-y-reclamo-por-pami-y-el-sarmiento\/\" aria-label=\"Leer m\u00e1s sobre La UCR Mercedes pidi\u00f3 reactivar el Banco de Alimentos y reclam\u00f3 por PAMI y el Sarmiento\">Leer m\u00e1s<\/a><\/p>\n","protected":false},"author":1,"featured_media":123644,"comment_status":"closed","ping_status":"open","sticky":false,"template":"","format":"standard","meta":{"_monsterinsights_skip_tracking":false,"_monsterinsights_sitenote_active":false,"_monsterinsights_sitenote_note":"","_monsterinsights_sitenote_category":0,"jetpack_post_was_ever_published":false,"_jetpack_newsletter_access":"","_jetpack_dont_email_post_to_subs":false,"_jetpack_newsletter_tier_id":0,"_jetpack_memberships_contains_paywalled_content":false,"_jetpack_memberships_contains_paid_content":false,"footnotes":"","jetpack_publicize_message":"","jetpack_publicize_feature_enabled":true,"jetpack_social_post_already_shared":true,"jetpack_social_options":{"image_generator_settings":{"template":"highway","default_image_id":0,"font":"","enabled":false},"version":2},"_wpas_customize_per_network":false},"categories":[5],"tags":[],"class_list":["post-195138","post","type-post","status-publish","format-standard","has-post-thumbnail","hentry","category-politica","generate-columns","tablet-grid-50","mobile-grid-100","grid-parent","grid-50"],"jetpack_publicize_connections":[],"jetpack_featured_media_url":"https:\/\/www.hoymercedes.com.ar\/principal\/wp-content\/uploads\/2021\/01\/21-ivaldis.jpg","wps_subtitle":"","jetpack_sharing_enabled":true,"_links":{"self":[{"href":"https:\/\/www.hoymercedes.com.ar\/principal\/wp-json\/wp\/v2\/posts\/195138","targetHints":{"allow":["GET"]}}],"collection":[{"href":"https:\/\/www.hoymercedes.com.ar\/principal\/wp-json\/wp\/v2\/posts"}],"about":[{"href":"https:\/\/www.hoymercedes.com.ar\/principal\/wp-json\/wp\/v2\/types\/post"}],"author":[{"embeddable":true,"href":"https:\/\/www.hoymercedes.com.ar\/principal\/wp-json\/wp\/v2\/users\/1"}],"replies":[{"embeddable":true,"href":"https:\/\/www.hoymercedes.com.ar\/principal\/wp-json\/wp\/v2\/comments?post=195138"}],"version-history":[{"count":1,"href":"https:\/\/www.hoymercedes.com.ar\/principal\/wp-json\/wp\/v2\/posts\/195138\/revisions"}],"predecessor-version":[{"id":195139,"href":"https:\/\/www.hoymercedes.com.ar\/principal\/wp-json\/wp\/v2\/posts\/195138\/revisions\/195139"}],"wp:featuredmedia":[{"embeddable":true,"href":"https:\/\/www.hoymercedes.com.ar\/principal\/wp-json\/wp\/v2\/media\/123644"}],"wp:attachment":[{"href":"https:\/\/www.hoymercedes.com.ar\/principal\/wp-json\/wp\/v2\/media?parent=195138"}],"wp:term":[{"taxonomy":"category","embeddable":true,"href":"https:\/\/www.hoymercedes.com.ar\/principal\/wp-json\/wp\/v2\/categories?post=195138"},{"taxonomy":"post_tag","embeddable":true,"href":"https:\/\/www.hoymercedes.com.ar\/principal\/wp-json\/wp\/v2\/tags?post=195138"}],"curies":[{"name":"wp","href":"https:\/\/api.w.org\/{rel}","templated":true}]}}