{"id":195140,"date":"2026-04-26T12:30:00","date_gmt":"2026-04-26T15:30:00","guid":{"rendered":"https:\/\/www.hoymercedes.com.ar\/principal\/?p=195140"},"modified":"2026-04-26T03:45:49","modified_gmt":"2026-04-26T06:45:49","slug":"dos-triunfos-de-quilmes-ante-argentino-de-chivilcoy","status":"publish","type":"post","link":"https:\/\/www.hoymercedes.com.ar\/principal\/2026\/04\/26\/dos-triunfos-de-quilmes-ante-argentino-de-chivilcoy\/","title":{"rendered":"Dos triunfos de Quilmes ante Argentino de Chivilcoy"},"content":{"rendered":"\n<p>La sexta fecha del torneo de inferiores de la Asociaci\u00f3n de B\u00e1squetbol de Chivilcoy lo tuvo a Quilmes como local de Argentino de Chivilcoy. El elenco mercedino se qued\u00f3 con dos triunfos sobre cuatro partidos que tuvo \u00abla tira\u00bb este s\u00e1bado.<\/p>\n\n\n\n<p>En Mini, Quilmes gan\u00f3 59 a 54, mientras que en Infantiles el triunfo fue para la visita por 31 a 57 y en Cadetes, los mercedinosse quedaron con el partido por 62 a 49<\/p>\n\n\n\n<figure class=\"wp-block-gallery has-nested-images columns-default is-cropped wp-block-gallery-1 is-layout-flex wp-block-gallery-is-layout-flex\">\n<figure class=\"wp-block-image size-large\"><img loading=\"lazy\" decoding=\"async\" width=\"576\" height=\"1024\" data-attachment-id=\"195142\" data-permalink=\"https:\/\/www.hoymercedes.com.ar\/principal\/2026\/04\/26\/dos-triunfos-de-quilmes-ante-argentino-de-chivilcoy\/whatsapp-image-2026-04-25-at-16-34-13\/#main\" data-orig-file=\"https:\/\/www.hoymercedes.com.ar\/principal\/wp-content\/uploads\/2026\/04\/WhatsApp-Image-2026-04-25-at-16.34.13.jpeg\" data-orig-size=\"720,1280\" data-comments-opened=\"0\" data-image-meta=\"{&quot;aperture&quot;:&quot;0&quot;,&quot;credit&quot;:&quot;&quot;,&quot;camera&quot;:&quot;&quot;,&quot;caption&quot;:&quot;&quot;,&quot;created_timestamp&quot;:&quot;0&quot;,&quot;copyright&quot;:&quot;&quot;,&quot;focal_length&quot;:&quot;0&quot;,&quot;iso&quot;:&quot;0&quot;,&quot;shutter_speed&quot;:&quot;0&quot;,&quot;title&quot;:&quot;&quot;,&quot;orientation&quot;:&quot;0&quot;}\" data-image-title=\"WhatsApp Image 2026-04-25 at 16.34.13\" data-image-description=\"\" data-image-caption=\"\" data-large-file=\"https:\/\/www.hoymercedes.com.ar\/principal\/wp-content\/uploads\/2026\/04\/WhatsApp-Image-2026-04-25-at-16.34.13-576x1024.jpeg\" data-id=\"195142\" src=\"https:\/\/www.hoymercedes.com.ar\/principal\/wp-content\/uploads\/2026\/04\/WhatsApp-Image-2026-04-25-at-16.34.13-576x1024.jpeg\" alt=\"\" class=\"wp-image-195142\" srcset=\"https:\/\/www.hoymercedes.com.ar\/principal\/wp-content\/uploads\/2026\/04\/WhatsApp-Image-2026-04-25-at-16.34.13-576x1024.jpeg 576w, https:\/\/www.hoymercedes.com.ar\/principal\/wp-content\/uploads\/2026\/04\/WhatsApp-Image-2026-04-25-at-16.34.13-349x620.jpeg 349w, https:\/\/www.hoymercedes.com.ar\/principal\/wp-content\/uploads\/2026\/04\/WhatsApp-Image-2026-04-25-at-16.34.13-84x150.jpeg 84w, https:\/\/www.hoymercedes.com.ar\/principal\/wp-content\/uploads\/2026\/04\/WhatsApp-Image-2026-04-25-at-16.34.13.jpeg 720w\" sizes=\"auto, (max-width: 576px) 100vw, 576px\" \/><\/figure>\n\n\n\n<figure class=\"wp-block-image size-large\"><img loading=\"lazy\" decoding=\"async\" width=\"576\" height=\"1024\" data-attachment-id=\"195143\" data-permalink=\"https:\/\/www.hoymercedes.com.ar\/principal\/2026\/04\/26\/dos-triunfos-de-quilmes-ante-argentino-de-chivilcoy\/whatsapp-image-2026-04-25-at-16-33-42\/#main\" data-orig-file=\"https:\/\/www.hoymercedes.com.ar\/principal\/wp-content\/uploads\/2026\/04\/WhatsApp-Image-2026-04-25-at-16.33.42.jpeg\" data-orig-size=\"720,1280\" data-comments-opened=\"0\" data-image-meta=\"{&quot;aperture&quot;:&quot;0&quot;,&quot;credit&quot;:&quot;&quot;,&quot;camera&quot;:&quot;&quot;,&quot;caption&quot;:&quot;&quot;,&quot;created_timestamp&quot;:&quot;0&quot;,&quot;copyright&quot;:&quot;&quot;,&quot;focal_length&quot;:&quot;0&quot;,&quot;iso&quot;:&quot;0&quot;,&quot;shutter_speed&quot;:&quot;0&quot;,&quot;title&quot;:&quot;&quot;,&quot;orientation&quot;:&quot;0&quot;}\" data-image-title=\"WhatsApp Image 2026-04-25 at 16.33.42\" data-image-description=\"\" data-image-caption=\"\" data-large-file=\"https:\/\/www.hoymercedes.com.ar\/principal\/wp-content\/uploads\/2026\/04\/WhatsApp-Image-2026-04-25-at-16.33.42-576x1024.jpeg\" data-id=\"195143\" src=\"https:\/\/www.hoymercedes.com.ar\/principal\/wp-content\/uploads\/2026\/04\/WhatsApp-Image-2026-04-25-at-16.33.42-576x1024.jpeg\" alt=\"\" class=\"wp-image-195143\" srcset=\"https:\/\/www.hoymercedes.com.ar\/principal\/wp-content\/uploads\/2026\/04\/WhatsApp-Image-2026-04-25-at-16.33.42-576x1024.jpeg 576w, https:\/\/www.hoymercedes.com.ar\/principal\/wp-content\/uploads\/2026\/04\/WhatsApp-Image-2026-04-25-at-16.33.42-349x620.jpeg 349w, https:\/\/www.hoymercedes.com.ar\/principal\/wp-content\/uploads\/2026\/04\/WhatsApp-Image-2026-04-25-at-16.33.42-84x150.jpeg 84w, https:\/\/www.hoymercedes.com.ar\/principal\/wp-content\/uploads\/2026\/04\/WhatsApp-Image-2026-04-25-at-16.33.42.jpeg 720w\" sizes=\"auto, (max-width: 576px) 100vw, 576px\" \/><\/figure>\n\n\n\n<figure class=\"wp-block-image size-large\"><img loading=\"lazy\" decoding=\"async\" width=\"576\" height=\"1024\" data-attachment-id=\"195141\" data-permalink=\"https:\/\/www.hoymercedes.com.ar\/principal\/2026\/04\/26\/dos-triunfos-de-quilmes-ante-argentino-de-chivilcoy\/whatsapp-image-2026-04-25-at-14-35-45\/#main\" data-orig-file=\"https:\/\/www.hoymercedes.com.ar\/principal\/wp-content\/uploads\/2026\/04\/WhatsApp-Image-2026-04-25-at-14.35.45.jpeg\" data-orig-size=\"720,1280\" data-comments-opened=\"0\" data-image-meta=\"{&quot;aperture&quot;:&quot;0&quot;,&quot;credit&quot;:&quot;&quot;,&quot;camera&quot;:&quot;&quot;,&quot;caption&quot;:&quot;&quot;,&quot;created_timestamp&quot;:&quot;0&quot;,&quot;copyright&quot;:&quot;&quot;,&quot;focal_length&quot;:&quot;0&quot;,&quot;iso&quot;:&quot;0&quot;,&quot;shutter_speed&quot;:&quot;0&quot;,&quot;title&quot;:&quot;&quot;,&quot;orientation&quot;:&quot;0&quot;}\" data-image-title=\"WhatsApp Image 2026-04-25 at 14.35.45\" data-image-description=\"\" data-image-caption=\"\" data-large-file=\"https:\/\/www.hoymercedes.com.ar\/principal\/wp-content\/uploads\/2026\/04\/WhatsApp-Image-2026-04-25-at-14.35.45-576x1024.jpeg\" data-id=\"195141\" src=\"https:\/\/www.hoymercedes.com.ar\/principal\/wp-content\/uploads\/2026\/04\/WhatsApp-Image-2026-04-25-at-14.35.45-576x1024.jpeg\" alt=\"\" class=\"wp-image-195141\" srcset=\"https:\/\/www.hoymercedes.com.ar\/principal\/wp-content\/uploads\/2026\/04\/WhatsApp-Image-2026-04-25-at-14.35.45-576x1024.jpeg 576w, https:\/\/www.hoymercedes.com.ar\/principal\/wp-content\/uploads\/2026\/04\/WhatsApp-Image-2026-04-25-at-14.35.45-349x620.jpeg 349w, https:\/\/www.hoymercedes.com.ar\/principal\/wp-content\/uploads\/2026\/04\/WhatsApp-Image-2026-04-25-at-14.35.45-84x150.jpeg 84w, https:\/\/www.hoymercedes.com.ar\/principal\/wp-content\/uploads\/2026\/04\/WhatsApp-Image-2026-04-25-at-14.35.45.jpeg 720w\" sizes=\"auto, (max-width: 576px) 100vw, 576px\" \/><\/figure>\n\n\n\n<figure class=\"wp-block-image size-large\"><img loading=\"lazy\" decoding=\"async\" width=\"1024\" height=\"768\" data-attachment-id=\"195144\" data-permalink=\"https:\/\/www.hoymercedes.com.ar\/principal\/2026\/04\/26\/dos-triunfos-de-quilmes-ante-argentino-de-chivilcoy\/whatsapp-image-2026-04-25-at-12-32-35\/#main\" data-orig-file=\"https:\/\/www.hoymercedes.com.ar\/principal\/wp-content\/uploads\/2026\/04\/WhatsApp-Image-2026-04-25-at-12.32.35.jpeg\" data-orig-size=\"1280,960\" data-comments-opened=\"0\" data-image-meta=\"{&quot;aperture&quot;:&quot;0&quot;,&quot;credit&quot;:&quot;&quot;,&quot;camera&quot;:&quot;&quot;,&quot;caption&quot;:&quot;&quot;,&quot;created_timestamp&quot;:&quot;0&quot;,&quot;copyright&quot;:&quot;&quot;,&quot;focal_length&quot;:&quot;0&quot;,&quot;iso&quot;:&quot;0&quot;,&quot;shutter_speed&quot;:&quot;0&quot;,&quot;title&quot;:&quot;&quot;,&quot;orientation&quot;:&quot;0&quot;}\" data-image-title=\"WhatsApp Image 2026-04-25 at 12.32.35\" data-image-description=\"\" data-image-caption=\"\" data-large-file=\"https:\/\/www.hoymercedes.com.ar\/principal\/wp-content\/uploads\/2026\/04\/WhatsApp-Image-2026-04-25-at-12.32.35-1024x768.jpeg\" data-id=\"195144\" src=\"https:\/\/www.hoymercedes.com.ar\/principal\/wp-content\/uploads\/2026\/04\/WhatsApp-Image-2026-04-25-at-12.32.35-1024x768.jpeg\" alt=\"\" class=\"wp-image-195144\" srcset=\"https:\/\/www.hoymercedes.com.ar\/principal\/wp-content\/uploads\/2026\/04\/WhatsApp-Image-2026-04-25-at-12.32.35-1024x768.jpeg 1024w, https:\/\/www.hoymercedes.com.ar\/principal\/wp-content\/uploads\/2026\/04\/WhatsApp-Image-2026-04-25-at-12.32.35-630x473.jpeg 630w, https:\/\/www.hoymercedes.com.ar\/principal\/wp-content\/uploads\/2026\/04\/WhatsApp-Image-2026-04-25-at-12.32.35-150x113.jpeg 150w, https:\/\/www.hoymercedes.com.ar\/principal\/wp-content\/uploads\/2026\/04\/WhatsApp-Image-2026-04-25-at-12.32.35.jpeg 1280w\" sizes=\"auto, (max-width: 1024px) 100vw, 1024px\" \/><\/figure>\n<\/figure>\n","protected":false},"excerpt":{"rendered":"<p>La sexta fecha del torneo de inferiores de la Asociaci\u00f3n de B\u00e1squetbol de Chivilcoy lo tuvo a Quilmes como local &#8230; <a title=\"Dos triunfos de Quilmes ante Argentino de Chivilcoy\" class=\"read-more\" href=\"https:\/\/www.hoymercedes.com.ar\/principal\/2026\/04\/26\/dos-triunfos-de-quilmes-ante-argentino-de-chivilcoy\/\" aria-label=\"Leer m\u00e1s sobre Dos triunfos de Quilmes ante Argentino de Chivilcoy\">Leer m\u00e1s<\/a><\/p>\n","protected":false},"author":1,"featured_media":195141,"comment_status":"closed","ping_status":"open","sticky":false,"template":"","format":"standard","meta":{"_monsterinsights_skip_tracking":false,"_monsterinsights_sitenote_active":false,"_monsterinsights_sitenote_note":"","_monsterinsights_sitenote_category":0,"jetpack_post_was_ever_published":false,"_jetpack_newsletter_access":"","_jetpack_dont_email_post_to_subs":false,"_jetpack_newsletter_tier_id":0,"_jetpack_memberships_contains_paywalled_content":false,"_jetpack_memberships_contains_paid_content":false,"footnotes":"","jetpack_publicize_message":"","jetpack_publicize_feature_enabled":true,"jetpack_social_post_already_shared":true,"jetpack_social_options":{"image_generator_settings":{"template":"highway","default_image_id":0,"font":"","enabled":false},"version":2},"_wpas_customize_per_network":false},"categories":[21],"tags":[],"class_list":["post-195140","post","type-post","status-publish","format-standard","has-post-thumbnail","hentry","category-deportes","generate-columns","tablet-grid-50","mobile-grid-100","grid-parent","grid-50"],"jetpack_publicize_connections":[],"jetpack_featured_media_url":"https:\/\/www.hoymercedes.com.ar\/principal\/wp-content\/uploads\/2026\/04\/WhatsApp-Image-2026-04-25-at-14.35.45.jpeg","wps_subtitle":"","jetpack_sharing_enabled":true,"jetpack-related-posts":[{"id":102785,"url":"https:\/\/www.hoymercedes.com.ar\/principal\/2019\/11\/22\/club-quilmes-buscara-el-titulo-en-las-cuatro-categorias-del-basquet-de-chivilcoy\/","url_meta":{"origin":195140,"position":0},"title":"Club Quilmes buscar\u00e1 el t\u00edtulo en las cuatro categor\u00edas del b\u00e1squet de Chivilcoy","author":"hoymercedes","date":"22 noviembre, 2019","format":false,"excerpt":"Gran campa\u00f1a realiz\u00f3 el Cervecero en este 2019, llegando a estar entre los cuatro mejores del torneo en todas las categor\u00edas de la Asociaci\u00f3n B\u00e1squetbol Chivilcoy, algo que hac\u00eda muchos a\u00f1os no ocurr\u00eda, m\u00e1s all\u00e1 de estar siempre peleando, no se daba de estar por el Oro en todas. Adem\u00e1s,\u2026","rel":"","context":"En \u00abDeportes\u00bb","block_context":{"text":"Deportes","link":"https:\/\/www.hoymercedes.com.ar\/principal\/category\/deportes\/"},"img":{"alt_text":"","src":"https:\/\/i0.wp.com\/www.hoymercedes.com.ar\/principal\/wp-content\/uploads\/2019\/11\/WhatsApp-Image-2019-11-16-at-18.32.21.jpeg?resize=350%2C200&ssl=1","width":350,"height":200,"srcset":"https:\/\/i0.wp.com\/www.hoymercedes.com.ar\/principal\/wp-content\/uploads\/2019\/11\/WhatsApp-Image-2019-11-16-at-18.32.21.jpeg?resize=350%2C200&ssl=1 1x, https:\/\/i0.wp.com\/www.hoymercedes.com.ar\/principal\/wp-content\/uploads\/2019\/11\/WhatsApp-Image-2019-11-16-at-18.32.21.jpeg?resize=525%2C300&ssl=1 1.5x, https:\/\/i0.wp.com\/www.hoymercedes.com.ar\/principal\/wp-content\/uploads\/2019\/11\/WhatsApp-Image-2019-11-16-at-18.32.21.jpeg?resize=700%2C400&ssl=1 2x, https:\/\/i0.wp.com\/www.hoymercedes.com.ar\/principal\/wp-content\/uploads\/2019\/11\/WhatsApp-Image-2019-11-16-at-18.32.21.jpeg?resize=1050%2C600&ssl=1 3x"},"classes":[]},{"id":186095,"url":"https:\/\/www.hoymercedes.com.ar\/principal\/2025\/07\/11\/inmejorable-cierre-de-primera-rueda-para-la-u13-de-quilmes\/","url_meta":{"origin":195140,"position":1},"title":"Inmejorable cierre de primera rueda para la U13 de Quilmes","author":"Ariel Musante","date":"11 julio, 2025","format":false,"excerpt":"Quilmes viaj\u00f3 a 25 de Mayo para enfrentar a Sportivo, en una jornada v\u00e1lida por la fecha 11 del torneo de la Asociaci\u00f3n de B\u00e1squet de Chivilcoy y tuvo el triunfo de la U13 que gole\u00f3 por 81 a 42 y finaliz\u00f3 la primera rueda invicta con 12 triunfos. La\u2026","rel":"","context":"En \u00abDeportes\u00bb","block_context":{"text":"Deportes","link":"https:\/\/www.hoymercedes.com.ar\/principal\/category\/deportes\/"},"img":{"alt_text":"","src":"https:\/\/i0.wp.com\/www.hoymercedes.com.ar\/principal\/wp-content\/uploads\/2025\/07\/WhatsApp-Image-2025-07-09-at-11.31.27.jpeg?resize=350%2C200&ssl=1","width":350,"height":200,"srcset":"https:\/\/i0.wp.com\/www.hoymercedes.com.ar\/principal\/wp-content\/uploads\/2025\/07\/WhatsApp-Image-2025-07-09-at-11.31.27.jpeg?resize=350%2C200&ssl=1 1x, https:\/\/i0.wp.com\/www.hoymercedes.com.ar\/principal\/wp-content\/uploads\/2025\/07\/WhatsApp-Image-2025-07-09-at-11.31.27.jpeg?resize=525%2C300&ssl=1 1.5x, https:\/\/i0.wp.com\/www.hoymercedes.com.ar\/principal\/wp-content\/uploads\/2025\/07\/WhatsApp-Image-2025-07-09-at-11.31.27.jpeg?resize=700%2C400&ssl=1 2x, https:\/\/i0.wp.com\/www.hoymercedes.com.ar\/principal\/wp-content\/uploads\/2025\/07\/WhatsApp-Image-2025-07-09-at-11.31.27.jpeg?resize=1050%2C600&ssl=1 3x"},"classes":[]},{"id":189645,"url":"https:\/\/www.hoymercedes.com.ar\/principal\/2025\/11\/18\/quilmes-cayo-ante-colon-de-chivilcoy-mientras-espera-por-la-definicion-en-la-tira\/","url_meta":{"origin":195140,"position":2},"title":"Quilmes cay\u00f3 ante Col\u00f3n de Chivilcoy mientras espera por la definici\u00f3n en \u00abla tira\u00bb","author":"hoymercedes","date":"18 noviembre, 2025","format":false,"excerpt":"En cancha de Racing de Chivilcoy jug\u00f3 Quilmes ante Deportivo Col\u00f3n por la s\u00e9ptima fecha del torneo Clausura de la Asociaci\u00f3n de B\u00e1squetbol de Chivilcoy. Fue derrota para el equipo mercedino por 99 a 61. El conjunto dirigido por Jos\u00e9 Luis Giallorenzo inici\u00f3 el partido con Julio Lastra (5), Patricio\u2026","rel":"","context":"En \u00abDeportes\u00bb","block_context":{"text":"Deportes","link":"https:\/\/www.hoymercedes.com.ar\/principal\/category\/deportes\/"},"img":{"alt_text":"","src":"https:\/\/i0.wp.com\/www.hoymercedes.com.ar\/principal\/wp-content\/uploads\/2025\/11\/WhatsApp-Image-2025-11-17-at-23.17.58.jpeg?resize=350%2C200&ssl=1","width":350,"height":200,"srcset":"https:\/\/i0.wp.com\/www.hoymercedes.com.ar\/principal\/wp-content\/uploads\/2025\/11\/WhatsApp-Image-2025-11-17-at-23.17.58.jpeg?resize=350%2C200&ssl=1 1x, https:\/\/i0.wp.com\/www.hoymercedes.com.ar\/principal\/wp-content\/uploads\/2025\/11\/WhatsApp-Image-2025-11-17-at-23.17.58.jpeg?resize=525%2C300&ssl=1 1.5x, https:\/\/i0.wp.com\/www.hoymercedes.com.ar\/principal\/wp-content\/uploads\/2025\/11\/WhatsApp-Image-2025-11-17-at-23.17.58.jpeg?resize=700%2C400&ssl=1 2x, https:\/\/i0.wp.com\/www.hoymercedes.com.ar\/principal\/wp-content\/uploads\/2025\/11\/WhatsApp-Image-2025-11-17-at-23.17.58.jpeg?resize=1050%2C600&ssl=1 3x"},"classes":[]},{"id":193217,"url":"https:\/\/www.hoymercedes.com.ar\/principal\/2026\/03\/16\/basquet-quilmes-debuto-en-la-primera-de-la-achb-con-derrota-ante-gimnasia-en-chivilcoy\/","url_meta":{"origin":195140,"position":3},"title":"B\u00e1squet: Quilmes debut\u00f3 en la Primera de la ACHB con derrota ante Gimnasia en Chivilcoy","author":"hoymercedes","date":"16 marzo, 2026","format":false,"excerpt":"Durante la noche del viernes 13 se puso en marcha el torneo de Primera Divisi\u00f3n de la Asociaci\u00f3n Chivilcoyana de B\u00e1squetbol (ACHB) y Club Quilmes de Mercedes tuvo su estreno como visitante frente a Gimnasia de Chivilcoy, en un partido disputado en el Estadio del Centro. El encuentro fue parejo\u2026","rel":"","context":"En \u00abDeportes\u00bb","block_context":{"text":"Deportes","link":"https:\/\/www.hoymercedes.com.ar\/principal\/category\/deportes\/"},"img":{"alt_text":"","src":"https:\/\/i0.wp.com\/www.hoymercedes.com.ar\/principal\/wp-content\/uploads\/2026\/03\/image-58.png?resize=350%2C200&ssl=1","width":350,"height":200,"srcset":"https:\/\/i0.wp.com\/www.hoymercedes.com.ar\/principal\/wp-content\/uploads\/2026\/03\/image-58.png?resize=350%2C200&ssl=1 1x, https:\/\/i0.wp.com\/www.hoymercedes.com.ar\/principal\/wp-content\/uploads\/2026\/03\/image-58.png?resize=525%2C300&ssl=1 1.5x"},"classes":[]},{"id":193211,"url":"https:\/\/www.hoymercedes.com.ar\/principal\/2026\/03\/16\/basquet-quilmes-sumo-tres-triunfos-en-su-visita-a-saladillo-galeria-de-fotos\/","url_meta":{"origin":195140,"position":4},"title":"B\u00e1squet: Quilmes sum\u00f3 tres triunfos en su visita a Saladillo (Galer\u00eda de fotos)","author":"hoymercedes","date":"16 marzo, 2026","format":false,"excerpt":"El Club Quilmes de Mercedes tuvo una jornada positiva en el inicio de la actividad de las divisiones formativas dentro de la Asociaci\u00f3n Chivilcoyana de B\u00e1squetbol (ACHB). Este s\u00e1bado, la denominada \u201cTira\u201d del conjunto mercedino viaj\u00f3 a Saladillo para enfrentar a Jacobo Urso por la primera fecha de la temporada\u2026","rel":"","context":"En \u00abDeportes\u00bb","block_context":{"text":"Deportes","link":"https:\/\/www.hoymercedes.com.ar\/principal\/category\/deportes\/"},"img":{"alt_text":"","src":"https:\/\/i0.wp.com\/www.hoymercedes.com.ar\/principal\/wp-content\/uploads\/2026\/03\/WhatsApp-Image-2026-03-14-at-11.43.32.jpeg?resize=350%2C200&ssl=1","width":350,"height":200,"srcset":"https:\/\/i0.wp.com\/www.hoymercedes.com.ar\/principal\/wp-content\/uploads\/2026\/03\/WhatsApp-Image-2026-03-14-at-11.43.32.jpeg?resize=350%2C200&ssl=1 1x, https:\/\/i0.wp.com\/www.hoymercedes.com.ar\/principal\/wp-content\/uploads\/2026\/03\/WhatsApp-Image-2026-03-14-at-11.43.32.jpeg?resize=525%2C300&ssl=1 1.5x, https:\/\/i0.wp.com\/www.hoymercedes.com.ar\/principal\/wp-content\/uploads\/2026\/03\/WhatsApp-Image-2026-03-14-at-11.43.32.jpeg?resize=700%2C400&ssl=1 2x, https:\/\/i0.wp.com\/www.hoymercedes.com.ar\/principal\/wp-content\/uploads\/2026\/03\/WhatsApp-Image-2026-03-14-at-11.43.32.jpeg?resize=1050%2C600&ssl=1 3x"},"classes":[]},{"id":174326,"url":"https:\/\/www.hoymercedes.com.ar\/principal\/2024\/03\/26\/abch-nueva-victoria-para-quilmes\/","url_meta":{"origin":195140,"position":5},"title":"ABCH: Nueva victoria para Quilmes","author":"hoymercedes","date":"26 marzo, 2024","format":false,"excerpt":"El viernes por la noche en el \u201cRolo Cardinal\u201d de 12 y 15, Quilmes recibi\u00f3 a Argentino de Chivilcoy en una nueva fecha del torneo organizado por la Asociaci\u00f3n B\u00e1squetbol Chivilcoy (ABCH) para la Primera Divisi\u00f3n. El \u201cCervecero\u201d ven\u00eda de superar a Atl. 9 de Julio en el partido inicial\u2026","rel":"","context":"En \u00abDeportes\u00bb","block_context":{"text":"Deportes","link":"https:\/\/www.hoymercedes.com.ar\/principal\/category\/deportes\/"},"img":{"alt_text":"","src":"https:\/\/i0.wp.com\/www.hoymercedes.com.ar\/principal\/wp-content\/uploads\/2024\/03\/quilmes-basquet.jpg?resize=350%2C200&ssl=1","width":350,"height":200,"srcset":"https:\/\/i0.wp.com\/www.hoymercedes.com.ar\/principal\/wp-content\/uploads\/2024\/03\/quilmes-basquet.jpg?resize=350%2C200&ssl=1 1x, https:\/\/i0.wp.com\/www.hoymercedes.com.ar\/principal\/wp-content\/uploads\/2024\/03\/quilmes-basquet.jpg?resize=525%2C300&ssl=1 1.5x"},"classes":[]}],"_links":{"self":[{"href":"https:\/\/www.hoymercedes.com.ar\/principal\/wp-json\/wp\/v2\/posts\/195140","targetHints":{"allow":["GET"]}}],"collection":[{"href":"https:\/\/www.hoymercedes.com.ar\/principal\/wp-json\/wp\/v2\/posts"}],"about":[{"href":"https:\/\/www.hoymercedes.com.ar\/principal\/wp-json\/wp\/v2\/types\/post"}],"author":[{"embeddable":true,"href":"https:\/\/www.hoymercedes.com.ar\/principal\/wp-json\/wp\/v2\/users\/1"}],"replies":[{"embeddable":true,"href":"https:\/\/www.hoymercedes.com.ar\/principal\/wp-json\/wp\/v2\/comments?post=195140"}],"version-history":[{"count":1,"href":"https:\/\/www.hoymercedes.com.ar\/principal\/wp-json\/wp\/v2\/posts\/195140\/revisions"}],"predecessor-version":[{"id":195145,"href":"https:\/\/www.hoymercedes.com.ar\/principal\/wp-json\/wp\/v2\/posts\/195140\/revisions\/195145"}],"wp:featuredmedia":[{"embeddable":true,"href":"https:\/\/www.hoymercedes.com.ar\/principal\/wp-json\/wp\/v2\/media\/195141"}],"wp:attachment":[{"href":"https:\/\/www.hoymercedes.com.ar\/principal\/wp-json\/wp\/v2\/media?parent=195140"}],"wp:term":[{"taxonomy":"category","embeddable":true,"href":"https:\/\/www.hoymercedes.com.ar\/principal\/wp-json\/wp\/v2\/categories?post=195140"},{"taxonomy":"post_tag","embeddable":true,"href":"https:\/\/www.hoymercedes.com.ar\/principal\/wp-json\/wp\/v2\/tags?post=195140"}],"curies":[{"name":"wp","href":"https:\/\/api.w.org\/{rel}","templated":true}]}}