{"id":195146,"date":"2026-04-26T16:31:26","date_gmt":"2026-04-26T19:31:26","guid":{"rendered":"https:\/\/www.hoymercedes.com.ar\/principal\/?p=195146"},"modified":"2026-04-26T16:31:29","modified_gmt":"2026-04-26T19:31:29","slug":"liliana-ali-expondra-sus-pinturas-en-arquitectos","status":"publish","type":"post","link":"https:\/\/www.hoymercedes.com.ar\/principal\/2026\/04\/26\/liliana-ali-expondra-sus-pinturas-en-arquitectos\/","title":{"rendered":"Liliana Al\u00ed expondr\u00e1 sus pinturas en Arquitectos"},"content":{"rendered":"\n<p>El Colegio de Arquitectos Distrito 5 inaugura una nueva muestra el venidero s\u00e1bado 2 de mayo, 20:30 horas. En esta oportunidad, la artista Liliana Al\u00ed presenta su exposici\u00f3n de pinturas titulada \u00abLos Colores Guardan Memoria\u00bb. <\/p>\n\n\n\n<p>En palabras de Liliana, la muestra resume un pensamiento en cuanto a los colores: \u00abLos colores guardan memoria en mi b\u00fasqueda art\u00edstica, donde concibo el arte para que sea abrazado, donde genere diferentes experiencias personales, emociones y preguntas que no encuentran lugar en las palabras. Cada cuadro es una invitaci\u00f3n a detenerse, sentir y repensar el mundo que habitamos\u00bb.<\/p>\n\n\n\n<p>Por su parte, el coordinador del Ciclo de Arte del CAPBA5, el Arq. Sebasti\u00e1n Bocca, destaca que el Espacio de Arte EA5 \u00abcontinuar\u00e1 promoviendo y difundiendo la producci\u00f3n art\u00edstica local y regional, consolid\u00e1ndose como un \u00e1mbito de intercambio cultural dentro de la instituci\u00f3n\u00bb.<\/p>\n\n\n\n<p>Recuerdan, a su vez, que la muestra permanecer\u00e1 abierta al p\u00fablico con acceso libre y gratuito, y podr\u00e1 visitarse de lunes a viernes en el horario de 9 a 13 y de 14 a 16 horas, hasta el d\u00eda 15 de mayo.<\/p>\n\n\n<div class=\"wp-block-image\">\n<figure class=\"aligncenter size-full\"><img loading=\"lazy\" decoding=\"async\" width=\"572\" height=\"800\" data-attachment-id=\"195147\" data-permalink=\"https:\/\/www.hoymercedes.com.ar\/principal\/2026\/04\/26\/liliana-ali-expondra-sus-pinturas-en-arquitectos\/whatsapp-image-2026-04-26-at-14-50-24\/#main\" data-orig-file=\"https:\/\/www.hoymercedes.com.ar\/principal\/wp-content\/uploads\/2026\/04\/WhatsApp-Image-2026-04-26-at-14.50.24.jpg\" data-orig-size=\"572,800\" data-comments-opened=\"0\" data-image-meta=\"{&quot;aperture&quot;:&quot;0&quot;,&quot;credit&quot;:&quot;&quot;,&quot;camera&quot;:&quot;&quot;,&quot;caption&quot;:&quot;&quot;,&quot;created_timestamp&quot;:&quot;0&quot;,&quot;copyright&quot;:&quot;&quot;,&quot;focal_length&quot;:&quot;0&quot;,&quot;iso&quot;:&quot;0&quot;,&quot;shutter_speed&quot;:&quot;0&quot;,&quot;title&quot;:&quot;&quot;,&quot;orientation&quot;:&quot;1&quot;}\" data-image-title=\"WhatsApp Image 2026-04-26 at 14.50.24\" data-image-description=\"\" data-image-caption=\"\" data-large-file=\"https:\/\/www.hoymercedes.com.ar\/principal\/wp-content\/uploads\/2026\/04\/WhatsApp-Image-2026-04-26-at-14.50.24.jpg\" src=\"https:\/\/www.hoymercedes.com.ar\/principal\/wp-content\/uploads\/2026\/04\/WhatsApp-Image-2026-04-26-at-14.50.24.jpg\" alt=\"\" class=\"wp-image-195147\" srcset=\"https:\/\/www.hoymercedes.com.ar\/principal\/wp-content\/uploads\/2026\/04\/WhatsApp-Image-2026-04-26-at-14.50.24.jpg 572w, https:\/\/www.hoymercedes.com.ar\/principal\/wp-content\/uploads\/2026\/04\/WhatsApp-Image-2026-04-26-at-14.50.24-443x620.jpg 443w, https:\/\/www.hoymercedes.com.ar\/principal\/wp-content\/uploads\/2026\/04\/WhatsApp-Image-2026-04-26-at-14.50.24-107x150.jpg 107w\" sizes=\"auto, (max-width: 572px) 100vw, 572px\" \/><\/figure>\n<\/div>","protected":false},"excerpt":{"rendered":"<p>El Colegio de Arquitectos Distrito 5 inaugura una nueva muestra el venidero s\u00e1bado 2 de mayo, 20:30 horas. En esta &#8230; <a title=\"Liliana Al\u00ed expondr\u00e1 sus pinturas en Arquitectos\" class=\"read-more\" href=\"https:\/\/www.hoymercedes.com.ar\/principal\/2026\/04\/26\/liliana-ali-expondra-sus-pinturas-en-arquitectos\/\" aria-label=\"Leer m\u00e1s sobre Liliana Al\u00ed expondr\u00e1 sus pinturas en Arquitectos\">Leer m\u00e1s<\/a><\/p>\n","protected":false},"author":1,"featured_media":195148,"comment_status":"closed","ping_status":"open","sticky":false,"template":"","format":"standard","meta":{"_monsterinsights_skip_tracking":false,"_monsterinsights_sitenote_active":false,"_monsterinsights_sitenote_note":"","_monsterinsights_sitenote_category":0,"jetpack_post_was_ever_published":false,"_jetpack_newsletter_access":"","_jetpack_dont_email_post_to_subs":false,"_jetpack_newsletter_tier_id":0,"_jetpack_memberships_contains_paywalled_content":false,"_jetpack_memberships_contains_paid_content":false,"footnotes":"","jetpack_publicize_message":"","jetpack_publicize_feature_enabled":true,"jetpack_social_post_already_shared":true,"jetpack_social_options":{"image_generator_settings":{"template":"highway","default_image_id":0,"font":"","enabled":false},"version":2},"_wpas_customize_per_network":false},"categories":[8],"tags":[],"class_list":["post-195146","post","type-post","status-publish","format-standard","has-post-thumbnail","hentry","category-sociedad","generate-columns","tablet-grid-50","mobile-grid-100","grid-parent","grid-50"],"jetpack_publicize_connections":[],"jetpack_featured_media_url":"https:\/\/www.hoymercedes.com.ar\/principal\/wp-content\/uploads\/2026\/04\/WhatsApp-Image-2026-04-26-at-14.50.25.jpg","wps_subtitle":"","jetpack_sharing_enabled":true,"jetpack-related-posts":[{"id":162178,"url":"https:\/\/www.hoymercedes.com.ar\/principal\/2023\/05\/14\/pintura-abstracta-y-textos-se-comparten-en-arquitectos\/","url_meta":{"origin":195146,"position":0},"title":"Pintura abstracta y textos se comparten en Arquitectos","author":"hoymercedes","date":"14 mayo, 2023","format":false,"excerpt":"El arte y la literatura se combinan en una muestra \u00fanica que se encuentra en exhibici\u00f3n en el Colegio de Arquitectos Distrito 5 de Mercedes. La muestra presenta una serie de pinturas de los artistas Liliana Ali y Mauricio Garc\u00eda, acompa\u00f1adas de textos escritos por la escritora y docente de\u2026","rel":"","context":"En \u00abCultura\u00bb","block_context":{"text":"Cultura","link":"https:\/\/www.hoymercedes.com.ar\/principal\/category\/cultura\/"},"img":{"alt_text":"","src":"https:\/\/i0.wp.com\/www.hoymercedes.com.ar\/principal\/wp-content\/uploads\/2023\/05\/arqui-muestra-mayo-5.jpg?resize=350%2C200&ssl=1","width":350,"height":200,"srcset":"https:\/\/i0.wp.com\/www.hoymercedes.com.ar\/principal\/wp-content\/uploads\/2023\/05\/arqui-muestra-mayo-5.jpg?resize=350%2C200&ssl=1 1x, https:\/\/i0.wp.com\/www.hoymercedes.com.ar\/principal\/wp-content\/uploads\/2023\/05\/arqui-muestra-mayo-5.jpg?resize=525%2C300&ssl=1 1.5x, https:\/\/i0.wp.com\/www.hoymercedes.com.ar\/principal\/wp-content\/uploads\/2023\/05\/arqui-muestra-mayo-5.jpg?resize=700%2C400&ssl=1 2x"},"classes":[]},{"id":162001,"url":"https:\/\/www.hoymercedes.com.ar\/principal\/2023\/05\/10\/muestra-de-arte-en-arquitectos\/","url_meta":{"origin":195146,"position":1},"title":"Muestra de arte en Arquitectos","author":"hoymercedes","date":"10 mayo, 2023","format":false,"excerpt":"El Colegio de Arquitectos del Distrito 5, su sede central Mercedes, llevara adelante una nueva exposici\u00f3n. Ser\u00e1 el viernes 12 de mayo pr\u00f3ximo, a las 20:30 hs. Quienes expondr\u00e1n en esta oportunidad ser\u00e1n los artistas Elizabeth Mehaudy (escritura), Liliana Al\u00ed (pintura) y Mauricio Garc\u00eda (pintura); con su muestra titulada \u201cUn\u2026","rel":"","context":"En \u00abCultura\u00bb","block_context":{"text":"Cultura","link":"https:\/\/www.hoymercedes.com.ar\/principal\/category\/cultura\/"},"img":{"alt_text":"","src":"https:\/\/i0.wp.com\/www.hoymercedes.com.ar\/principal\/wp-content\/uploads\/2023\/05\/image-16.png?resize=350%2C200&ssl=1","width":350,"height":200},"classes":[]},{"id":174687,"url":"https:\/\/www.hoymercedes.com.ar\/principal\/2024\/04\/10\/arquitectos-inaugura-muestra-de-arte\/","url_meta":{"origin":195146,"position":2},"title":"Arquitectos inaugura muestra de arte","author":"hoymercedes","date":"10 abril, 2024","format":false,"excerpt":"En esta oportinidad, expondr\u00e1n Mar\u00eda de los \u00c1ngeles Hommos y Natali Cantero. La exposici\u00f3n ser\u00e1 este viernes 12 de abril a las 20:30 hs. se inaugurar\u00e1 en la Sede Distrital del Colegio de Arquitectos - Distrito 5, (Av. 30 N\u00aa 564), una nueva muestra colectiva de arte. El Coordinador de\u2026","rel":"","context":"En \u00abCultura\u00bb","block_context":{"text":"Cultura","link":"https:\/\/www.hoymercedes.com.ar\/principal\/category\/cultura\/"},"img":{"alt_text":"","src":"https:\/\/i0.wp.com\/www.hoymercedes.com.ar\/principal\/wp-content\/uploads\/2024\/04\/IMG-20240410-WA0001_copy_800x610.jpg?resize=350%2C200&ssl=1","width":350,"height":200,"srcset":"https:\/\/i0.wp.com\/www.hoymercedes.com.ar\/principal\/wp-content\/uploads\/2024\/04\/IMG-20240410-WA0001_copy_800x610.jpg?resize=350%2C200&ssl=1 1x, https:\/\/i0.wp.com\/www.hoymercedes.com.ar\/principal\/wp-content\/uploads\/2024\/04\/IMG-20240410-WA0001_copy_800x610.jpg?resize=525%2C300&ssl=1 1.5x, https:\/\/i0.wp.com\/www.hoymercedes.com.ar\/principal\/wp-content\/uploads\/2024\/04\/IMG-20240410-WA0001_copy_800x610.jpg?resize=700%2C400&ssl=1 2x"},"classes":[]},{"id":187001,"url":"https:\/\/www.hoymercedes.com.ar\/principal\/2025\/08\/17\/ruth-rojas-jalley-expone-en-el-colegio-de-arquitectos\/","url_meta":{"origin":195146,"position":3},"title":"Ruth Rojas Jalley expone en el Colegio de Arquitectos","author":"hoymercedes","date":"17 agosto, 2025","format":false,"excerpt":"El pr\u00f3ximo s\u00e1bado 23 de agosto se inaugurar\u00e1 en la Sede Distrital del Colegio de Arquitectos - Distrito 5, una nueva muestra de arte. En esta oportunidad expondr\u00e1 la artista Ruth RojasJalley con su muestra \u201cSinestesia\" con pintura y fotograf\u00eda. \"Sinestesia\" es una muestra que los invita a explorar la\u2026","rel":"","context":"En \u00abCultura\u00bb","block_context":{"text":"Cultura","link":"https:\/\/www.hoymercedes.com.ar\/principal\/category\/cultura\/"},"img":{"alt_text":"","src":"https:\/\/i0.wp.com\/www.hoymercedes.com.ar\/principal\/wp-content\/uploads\/2025\/08\/IMG-20250817-WA0006.jpg?resize=350%2C200&ssl=1","width":350,"height":200},"classes":[]},{"id":193525,"url":"https:\/\/www.hoymercedes.com.ar\/principal\/2026\/03\/23\/evelina-zunino-expondra-sus-fotos-en-arquitectos\/","url_meta":{"origin":195146,"position":4},"title":"Evelina Zunino expondr\u00e1 sus fotos en Arquitectos","author":"hoymercedes","date":"23 marzo, 2026","format":false,"excerpt":"Continuando con el ciclo de muestra del Colegio de Arquitectos Distrito 5, el venidero s\u00e1bado 28 de marzo, la instituci\u00f3n dar\u00e1 inicio a la exposici\u00f3n de fotograf\u00edas de Evelina Zunino. Con el t\u00edtulo \"Tiempos de Mar\", la premiada fot\u00f3grafa presenta una serie de obras en donde las olas mar\u00edtimas se\u2026","rel":"","context":"En \u00abSociedad\u00bb","block_context":{"text":"Sociedad","link":"https:\/\/www.hoymercedes.com.ar\/principal\/category\/sociedad\/"},"img":{"alt_text":"","src":"https:\/\/i0.wp.com\/www.hoymercedes.com.ar\/principal\/wp-content\/uploads\/2026\/03\/WhatsApp-Image-2026-03-21-at-12.39.36.jpeg?resize=350%2C200&ssl=1","width":350,"height":200,"srcset":"https:\/\/i0.wp.com\/www.hoymercedes.com.ar\/principal\/wp-content\/uploads\/2026\/03\/WhatsApp-Image-2026-03-21-at-12.39.36.jpeg?resize=350%2C200&ssl=1 1x, https:\/\/i0.wp.com\/www.hoymercedes.com.ar\/principal\/wp-content\/uploads\/2026\/03\/WhatsApp-Image-2026-03-21-at-12.39.36.jpeg?resize=525%2C300&ssl=1 1.5x, https:\/\/i0.wp.com\/www.hoymercedes.com.ar\/principal\/wp-content\/uploads\/2026\/03\/WhatsApp-Image-2026-03-21-at-12.39.36.jpeg?resize=700%2C400&ssl=1 2x, https:\/\/i0.wp.com\/www.hoymercedes.com.ar\/principal\/wp-content\/uploads\/2026\/03\/WhatsApp-Image-2026-03-21-at-12.39.36.jpeg?resize=1050%2C600&ssl=1 3x"},"classes":[]},{"id":194225,"url":"https:\/\/www.hoymercedes.com.ar\/principal\/2026\/04\/05\/continua-muestra-de-evelina-zunino-en-arquitectos\/","url_meta":{"origin":195146,"position":5},"title":"Contin\u00faa muestra de Evelina Zunino en Arquitectos","author":"hoymercedes","date":"5 abril, 2026","format":false,"excerpt":"El pasado s\u00e1bado 28 de marzo, se inaugur\u00f3 en la Sede Distrital del Colegio de Arquitectos - Distrito 5 (Av. 30 N\u00ba 564, Mercedes) una nueva muestra de arte. En esta oportunidad expone la artista Evelina Zunino con su muestra \u201cTiempos de Mar\u201d (Fotograf\u00eda). Rese\u00f1a: Mar. Violencia que calma, protege\u2026","rel":"","context":"En \u00abSociedad\u00bb","block_context":{"text":"Sociedad","link":"https:\/\/www.hoymercedes.com.ar\/principal\/category\/sociedad\/"},"img":{"alt_text":"","src":"https:\/\/i0.wp.com\/www.hoymercedes.com.ar\/principal\/wp-content\/uploads\/2026\/04\/54.jpg?resize=350%2C200&ssl=1","width":350,"height":200,"srcset":"https:\/\/i0.wp.com\/www.hoymercedes.com.ar\/principal\/wp-content\/uploads\/2026\/04\/54.jpg?resize=350%2C200&ssl=1 1x, https:\/\/i0.wp.com\/www.hoymercedes.com.ar\/principal\/wp-content\/uploads\/2026\/04\/54.jpg?resize=525%2C300&ssl=1 1.5x, https:\/\/i0.wp.com\/www.hoymercedes.com.ar\/principal\/wp-content\/uploads\/2026\/04\/54.jpg?resize=700%2C400&ssl=1 2x"},"classes":[]}],"_links":{"self":[{"href":"https:\/\/www.hoymercedes.com.ar\/principal\/wp-json\/wp\/v2\/posts\/195146","targetHints":{"allow":["GET"]}}],"collection":[{"href":"https:\/\/www.hoymercedes.com.ar\/principal\/wp-json\/wp\/v2\/posts"}],"about":[{"href":"https:\/\/www.hoymercedes.com.ar\/principal\/wp-json\/wp\/v2\/types\/post"}],"author":[{"embeddable":true,"href":"https:\/\/www.hoymercedes.com.ar\/principal\/wp-json\/wp\/v2\/users\/1"}],"replies":[{"embeddable":true,"href":"https:\/\/www.hoymercedes.com.ar\/principal\/wp-json\/wp\/v2\/comments?post=195146"}],"version-history":[{"count":1,"href":"https:\/\/www.hoymercedes.com.ar\/principal\/wp-json\/wp\/v2\/posts\/195146\/revisions"}],"predecessor-version":[{"id":195149,"href":"https:\/\/www.hoymercedes.com.ar\/principal\/wp-json\/wp\/v2\/posts\/195146\/revisions\/195149"}],"wp:featuredmedia":[{"embeddable":true,"href":"https:\/\/www.hoymercedes.com.ar\/principal\/wp-json\/wp\/v2\/media\/195148"}],"wp:attachment":[{"href":"https:\/\/www.hoymercedes.com.ar\/principal\/wp-json\/wp\/v2\/media?parent=195146"}],"wp:term":[{"taxonomy":"category","embeddable":true,"href":"https:\/\/www.hoymercedes.com.ar\/principal\/wp-json\/wp\/v2\/categories?post=195146"},{"taxonomy":"post_tag","embeddable":true,"href":"https:\/\/www.hoymercedes.com.ar\/principal\/wp-json\/wp\/v2\/tags?post=195146"}],"curies":[{"name":"wp","href":"https:\/\/api.w.org\/{rel}","templated":true}]}}