{"id":195165,"date":"2026-04-26T20:41:16","date_gmt":"2026-04-26T23:41:16","guid":{"rendered":"https:\/\/www.hoymercedes.com.ar\/principal\/?p=195165"},"modified":"2026-04-26T20:41:19","modified_gmt":"2026-04-26T23:41:19","slug":"municipio-fortalece-el-rol-de-las-cooperadoras-escolares-capacitacion-gestion-y-seguridad","status":"publish","type":"post","link":"https:\/\/www.hoymercedes.com.ar\/principal\/2026\/04\/26\/municipio-fortalece-el-rol-de-las-cooperadoras-escolares-capacitacion-gestion-y-seguridad\/","title":{"rendered":"Municipio fortalece el rol de las cooperadoras escolares: capacitaci\u00f3n, gesti\u00f3n y seguridad"},"content":{"rendered":"\n<figure class=\"wp-block-image size-large\"><img loading=\"lazy\" decoding=\"async\" width=\"1024\" height=\"682\" data-attachment-id=\"195166\" data-permalink=\"https:\/\/www.hoymercedes.com.ar\/principal\/2026\/04\/26\/municipio-fortalece-el-rol-de-las-cooperadoras-escolares-capacitacion-gestion-y-seguridad\/cooperadoras-escolares\/#main\" data-orig-file=\"https:\/\/www.hoymercedes.com.ar\/principal\/wp-content\/uploads\/2026\/04\/Cooperadoras-Escolares.jpg\" data-orig-size=\"1319,879\" data-comments-opened=\"0\" data-image-meta=\"{&quot;aperture&quot;:&quot;0&quot;,&quot;credit&quot;:&quot;&quot;,&quot;camera&quot;:&quot;&quot;,&quot;caption&quot;:&quot;&quot;,&quot;created_timestamp&quot;:&quot;0&quot;,&quot;copyright&quot;:&quot;&quot;,&quot;focal_length&quot;:&quot;0&quot;,&quot;iso&quot;:&quot;0&quot;,&quot;shutter_speed&quot;:&quot;0&quot;,&quot;title&quot;:&quot;&quot;,&quot;orientation&quot;:&quot;0&quot;}\" data-image-title=\"Cooperadoras Escolares\" data-image-description=\"&lt;p&gt;Municipio fortalece el rol de las cooperadoras escolares: capacitaci\u00f3n, gesti\u00f3n y seguridad&lt;\/p&gt;\n\" data-image-caption=\"&lt;p&gt;Municipio fortalece el rol de las cooperadoras escolares: capacitaci\u00f3n, gesti\u00f3n y seguridad&lt;\/p&gt;\n\" data-large-file=\"https:\/\/www.hoymercedes.com.ar\/principal\/wp-content\/uploads\/2026\/04\/Cooperadoras-Escolares-1024x682.jpg\" src=\"https:\/\/www.hoymercedes.com.ar\/principal\/wp-content\/uploads\/2026\/04\/Cooperadoras-Escolares-1024x682.jpg\" alt=\"\" class=\"wp-image-195166\" srcset=\"https:\/\/www.hoymercedes.com.ar\/principal\/wp-content\/uploads\/2026\/04\/Cooperadoras-Escolares-1024x682.jpg 1024w, https:\/\/www.hoymercedes.com.ar\/principal\/wp-content\/uploads\/2026\/04\/Cooperadoras-Escolares-630x420.jpg 630w, https:\/\/www.hoymercedes.com.ar\/principal\/wp-content\/uploads\/2026\/04\/Cooperadoras-Escolares-150x100.jpg 150w, https:\/\/www.hoymercedes.com.ar\/principal\/wp-content\/uploads\/2026\/04\/Cooperadoras-Escolares.jpg 1319w\" sizes=\"auto, (max-width: 1024px) 100vw, 1024px\" \/><\/figure>\n\n\n\n<p>En la antesala de las asambleas anuales de mayo, la Secretar\u00eda de Educaci\u00f3n de Mercedes anunci\u00f3 el lanzamiento del primer encuentro de cooperadoras escolares del 2026. Bajo el impulso del programa \u00abCooperar\u00bb, la iniciativa busca profesionalizar la gesti\u00f3n administrativa de las familias en las escuelas y abordar problem\u00e1ticas sociales urgentes, cont\u00f3 Jos\u00e9 Lu\u00eds Pisano.<\/p>\n\n\n\n<p>Capacitaci\u00f3n<\/p>\n\n\n\n<p>El secretario de Educaci\u00f3n, Prof. Jos\u00e9 Luis Pisano, explic\u00f3 que el objetivo primordial es \u201cacompa\u00f1ar a las actuales autoridades y a quienes deseen sumarse en el proceso de renovaci\u00f3n de mandatos\u201d. El funcionario subray\u00f3 que \u201cla asamblea no es solo un acto de participaci\u00f3n, sino el inicio de una serie de responsabilidades legales muy beneficiosas\u201d.<\/p>\n\n\n\n<p>\u00abLa asamblea requiere un conjunto de acciones administrativas que hay que reforzar a\u00f1o a a\u00f1o, como el registro de firmas en el banco o la exenci\u00f3n de impuestos a trav\u00e9s de ARCA\u00bb, detall\u00f3 Pisano.<\/p>\n\n\n\n<p>Participaci\u00f3n<\/p>\n\n\n\n<p>Durante el encuentro se brindar\u00e1n detalles sobre las modificaciones en el Presupuesto Participativo Escolar. Este a\u00f1o, el programa presenta un cronograma renovado con el fin de adelantar plazos y asegurar que la comunidad educativa \u2014cooperadoras, directivos y familias\u2014 tenga una voz m\u00e1s activa en la definici\u00f3n de prioridades de cada establecimiento.<\/p>\n\n\n\n<p>Los puntos clave de la nueva convocatoria incluyen:<\/p>\n\n\n\n<p>* Agilizaci\u00f3n de procesos: Un calendario m\u00e1s eficiente para la ejecuci\u00f3n de proyectos.<\/p>\n\n\n\n<p>* Institucionalidad: Asesoramiento t\u00e9cnico para tr\u00e1mites bancarios y fiscales.<\/p>\n\n\n\n<p>* Participaci\u00f3n real: Fortalecer el v\u00ednculo entre lo que sucede dentro de la escuela y la voluntad de las familias.<\/p>\n\n\n\n<p>Unidad&nbsp;<\/p>\n\n\n\n<p>M\u00e1s all\u00e1 de lo administrativo, Pisano adelant\u00f3 que se trabajar\u00e1 junto a la Federaci\u00f3n de Cooperadoras Escolares en una agenda de contingencia social. El funcionario hizo especial hincapi\u00e9 en la necesidad de involucrar a los padres no solo en la educaci\u00f3n, sino en la protecci\u00f3n del entorno escolar.<\/p>\n\n\n\n<p>\u00abQueremos que nos acompa\u00f1en en un trabajo que venimos realizando para insistir en la participaci\u00f3n de las familias, tal como nos insta siempre el intendente Ustarroz, de trabajar en comunidad, pero tambi\u00e9n para abordar las situaciones de violencia y amenazas que hemos vivido este \u00faltimo tiempo\u00bb, enfatiz\u00f3 el secretario.<\/p>\n\n\n\n<p>Con esta convocatoria, el municipio reafirma a las cooperadoras como un actor pol\u00edtico y social fundamental para garantizar el bienestar de los alumnos y la transparencia en la inversi\u00f3n educativa local.<\/p>\n","protected":false},"excerpt":{"rendered":"<p>En la antesala de las asambleas anuales de mayo, la Secretar\u00eda de Educaci\u00f3n de Mercedes anunci\u00f3 el lanzamiento del primer &#8230; <a title=\"Municipio fortalece el rol de las cooperadoras escolares: capacitaci\u00f3n, gesti\u00f3n y seguridad\" class=\"read-more\" href=\"https:\/\/www.hoymercedes.com.ar\/principal\/2026\/04\/26\/municipio-fortalece-el-rol-de-las-cooperadoras-escolares-capacitacion-gestion-y-seguridad\/\" aria-label=\"Leer m\u00e1s sobre Municipio fortalece el rol de las cooperadoras escolares: capacitaci\u00f3n, gesti\u00f3n y seguridad\">Leer m\u00e1s<\/a><\/p>\n","protected":false},"author":1,"featured_media":195166,"comment_status":"closed","ping_status":"open","sticky":false,"template":"","format":"standard","meta":{"_monsterinsights_skip_tracking":false,"_monsterinsights_sitenote_active":false,"_monsterinsights_sitenote_note":"","_monsterinsights_sitenote_category":0,"jetpack_post_was_ever_published":false,"_jetpack_newsletter_access":"","_jetpack_dont_email_post_to_subs":false,"_jetpack_newsletter_tier_id":0,"_jetpack_memberships_contains_paywalled_content":false,"_jetpack_memberships_contains_paid_content":false,"footnotes":"","jetpack_publicize_message":"","jetpack_publicize_feature_enabled":true,"jetpack_social_post_already_shared":true,"jetpack_social_options":{"image_generator_settings":{"template":"highway","default_image_id":0,"font":"","enabled":false},"version":2},"_wpas_customize_per_network":false},"categories":[23],"tags":[21135,17615],"class_list":["post-195165","post","type-post","status-publish","format-standard","has-post-thumbnail","hentry","category-educacion","tag-cooperadoras-mercedes","tag-jose-luis-pisano-2","generate-columns","tablet-grid-50","mobile-grid-100","grid-parent","grid-50"],"jetpack_publicize_connections":[],"jetpack_featured_media_url":"https:\/\/www.hoymercedes.com.ar\/principal\/wp-content\/uploads\/2026\/04\/Cooperadoras-Escolares.jpg","wps_subtitle":"Comunidad","jetpack_sharing_enabled":true,"_links":{"self":[{"href":"https:\/\/www.hoymercedes.com.ar\/principal\/wp-json\/wp\/v2\/posts\/195165","targetHints":{"allow":["GET"]}}],"collection":[{"href":"https:\/\/www.hoymercedes.com.ar\/principal\/wp-json\/wp\/v2\/posts"}],"about":[{"href":"https:\/\/www.hoymercedes.com.ar\/principal\/wp-json\/wp\/v2\/types\/post"}],"author":[{"embeddable":true,"href":"https:\/\/www.hoymercedes.com.ar\/principal\/wp-json\/wp\/v2\/users\/1"}],"replies":[{"embeddable":true,"href":"https:\/\/www.hoymercedes.com.ar\/principal\/wp-json\/wp\/v2\/comments?post=195165"}],"version-history":[{"count":2,"href":"https:\/\/www.hoymercedes.com.ar\/principal\/wp-json\/wp\/v2\/posts\/195165\/revisions"}],"predecessor-version":[{"id":195168,"href":"https:\/\/www.hoymercedes.com.ar\/principal\/wp-json\/wp\/v2\/posts\/195165\/revisions\/195168"}],"wp:featuredmedia":[{"embeddable":true,"href":"https:\/\/www.hoymercedes.com.ar\/principal\/wp-json\/wp\/v2\/media\/195166"}],"wp:attachment":[{"href":"https:\/\/www.hoymercedes.com.ar\/principal\/wp-json\/wp\/v2\/media?parent=195165"}],"wp:term":[{"taxonomy":"category","embeddable":true,"href":"https:\/\/www.hoymercedes.com.ar\/principal\/wp-json\/wp\/v2\/categories?post=195165"},{"taxonomy":"post_tag","embeddable":true,"href":"https:\/\/www.hoymercedes.com.ar\/principal\/wp-json\/wp\/v2\/tags?post=195165"}],"curies":[{"name":"wp","href":"https:\/\/api.w.org\/{rel}","templated":true}]}}