{"id":195169,"date":"2026-04-26T21:41:00","date_gmt":"2026-04-27T00:41:00","guid":{"rendered":"https:\/\/www.hoymercedes.com.ar\/principal\/?p=195169"},"modified":"2026-04-26T20:44:48","modified_gmt":"2026-04-26T23:44:48","slug":"una-sola-salud-cuidado-animal-y-promocion-ambiental","status":"publish","type":"post","link":"https:\/\/www.hoymercedes.com.ar\/principal\/2026\/04\/26\/una-sola-salud-cuidado-animal-y-promocion-ambiental\/","title":{"rendered":"\u00abUna Sola Salud\u00bb:  cuidado animal y promoci\u00f3n ambiental"},"content":{"rendered":"\n<figure class=\"wp-block-image size-large is-resized\"><img loading=\"lazy\" decoding=\"async\" width=\"1024\" height=\"717\" data-attachment-id=\"195170\" data-permalink=\"https:\/\/www.hoymercedes.com.ar\/principal\/2026\/04\/26\/una-sola-salud-cuidado-animal-y-promocion-ambiental\/a-17\/#main\" data-orig-file=\"https:\/\/www.hoymercedes.com.ar\/principal\/wp-content\/uploads\/2026\/04\/A.jpg\" data-orig-size=\"1255,879\" data-comments-opened=\"0\" data-image-meta=\"{&quot;aperture&quot;:&quot;0&quot;,&quot;credit&quot;:&quot;&quot;,&quot;camera&quot;:&quot;&quot;,&quot;caption&quot;:&quot;&quot;,&quot;created_timestamp&quot;:&quot;0&quot;,&quot;copyright&quot;:&quot;&quot;,&quot;focal_length&quot;:&quot;0&quot;,&quot;iso&quot;:&quot;0&quot;,&quot;shutter_speed&quot;:&quot;0&quot;,&quot;title&quot;:&quot;&quot;,&quot;orientation&quot;:&quot;0&quot;}\" data-image-title=\"A\u00bbUna Sola Salud\u00bb: Exitosa jornada de puesta en valor y concientizaci\u00f3n en la Plaza de Av.40 y Av.1\" data-image-description=\"&lt;p&gt;\u00abUna Sola Salud\u00bb: Exitosa jornada de puesta en valor y concientizaci\u00f3n en la Plaza de Av.40 y Av.1&lt;\/p&gt;\n\" data-image-caption=\"&lt;p&gt;\u00abUna Sola Salud\u00bb: Exitosa jornada de puesta en valor y concientizaci\u00f3n en la Plaza de Av.40 y Av.1&lt;\/p&gt;\n\" data-large-file=\"https:\/\/www.hoymercedes.com.ar\/principal\/wp-content\/uploads\/2026\/04\/A-1024x717.jpg\" src=\"https:\/\/www.hoymercedes.com.ar\/principal\/wp-content\/uploads\/2026\/04\/A-1024x717.jpg\" alt=\"\" class=\"wp-image-195170\" style=\"width:1052px;height:auto\" srcset=\"https:\/\/www.hoymercedes.com.ar\/principal\/wp-content\/uploads\/2026\/04\/A-1024x717.jpg 1024w, https:\/\/www.hoymercedes.com.ar\/principal\/wp-content\/uploads\/2026\/04\/A-630x441.jpg 630w, https:\/\/www.hoymercedes.com.ar\/principal\/wp-content\/uploads\/2026\/04\/A-150x105.jpg 150w, https:\/\/www.hoymercedes.com.ar\/principal\/wp-content\/uploads\/2026\/04\/A.jpg 1255w\" sizes=\"auto, (max-width: 1024px) 100vw, 1024px\" \/><\/figure>\n\n\n\n<p>Se llev\u00f3 adelante una nutrida jornada de cuidado ambiental y promoci\u00f3n de la salud en la jerarquizada plaza de Av.40 y Av.1. Participaron varias \u00e1reas municipales donde los vecinos se acercaron a informarse, formarse y efectuar acciones de cuidado animal.<\/p>\n\n\n\n<p>El Licenciado Agust\u00edn Lasala, integrante de la Mesa Ambiental municipal, destac\u00f3 la importancia de la interdependencia entre la salud humana, ambiental y animal. La actividad cont\u00f3 con una masiva participaci\u00f3n de vecinos, instituciones y diversas \u00e1reas del municipio. Se destac\u00f3 la participaci\u00f3n de espacios proteccionistas de animales, quienes \u201crealizan una enorme tarea cotidiana\u201d.<\/p>\n\n\n\n<p>En el marco de las acciones impulsadas por la gesti\u00f3n local para promover el cuidado del entorno y la calidad de vida, se llev\u00f3 adelante una jornada integral en la denominada <strong>Plaza Saludable de la rotonda de Av.1 y Av.40<\/strong>. El evento no solo sirvi\u00f3 para la puesta en valor del espacio p\u00fablico, sino tambi\u00e9n para plasmar territorialmente el concepto de <strong>\u00abUna Sola Salud\u00bb<\/strong>, promovido por la Organizaci\u00f3n Mundial de la Salud (OMS).<\/p>\n\n\n\n<p>Al respecto, el <strong>Lic. Agust\u00edn Lasala<\/strong>&nbsp;explic\u00f3 que la iniciativa surge del trabajo articulado de la <strong>Mesa Ambiental<\/strong>, conformada por las \u00e1reas de Ambiente, Obras y Servicios P\u00fablicos, Salud, Educaci\u00f3n y Espacios Verdes. <em>\u00abBuscamos que esta plaza sea el reflejo de la interdependencia que existe entre la salud de las personas, el ambiente y los animales. Es un concepto que venimos trabajando con fuerza desde la Secretar\u00eda de Salud\u00bb<\/em>, se\u00f1al\u00f3 Lasala.<\/p>\n\n\n\n<p><strong>Espacio<\/strong><\/p>\n\n\n\n<p>Uno de los momentos m\u00e1s destacados de la jornada fue la intervenci\u00f3n en los <strong>biocorredores<\/strong>&nbsp;y la colocaci\u00f3n de nueva se\u00f1al\u00e9tica sobre las ecorregiones locales. Este proyecto tiene una ra\u00edz educativa: naci\u00f3 hace dos a\u00f1os como una propuesta de alumnos de la <strong>Escuela Agraria<\/strong>.<\/p>\n\n\n\n<p><em>\u00abFue muy gratificante contar con la presencia de la directora de la Escuela Agraria y del joven que impuls\u00f3 originalmente este proyecto. El intendente los escuch\u00f3 en su momento y hoy ese conocimiento est\u00e1 aplicado en la plaza para que todos los vecinos lo disfruten y aprendan sobre nuestra biodiversidad\u00bb<\/em>, subray\u00f3 el Licenciado. Adem\u00e1s, el Vivero Biotecnol\u00f3gico municipal particip\u00f3 entregando plantas nativas a los presentes.<\/p>\n\n\n\n<figure class=\"wp-block-image size-large is-resized\"><img loading=\"lazy\" decoding=\"async\" width=\"1024\" height=\"717\" data-attachment-id=\"195171\" data-permalink=\"https:\/\/www.hoymercedes.com.ar\/principal\/2026\/04\/26\/una-sola-salud-cuidado-animal-y-promocion-ambiental\/c-10\/#main\" data-orig-file=\"https:\/\/www.hoymercedes.com.ar\/principal\/wp-content\/uploads\/2026\/04\/C.jpg\" data-orig-size=\"1255,879\" data-comments-opened=\"0\" data-image-meta=\"{&quot;aperture&quot;:&quot;0&quot;,&quot;credit&quot;:&quot;&quot;,&quot;camera&quot;:&quot;&quot;,&quot;caption&quot;:&quot;&quot;,&quot;created_timestamp&quot;:&quot;0&quot;,&quot;copyright&quot;:&quot;&quot;,&quot;focal_length&quot;:&quot;0&quot;,&quot;iso&quot;:&quot;0&quot;,&quot;shutter_speed&quot;:&quot;0&quot;,&quot;title&quot;:&quot;&quot;,&quot;orientation&quot;:&quot;0&quot;}\" data-image-title=\"C\" data-image-description=\"\" data-image-caption=\"\" data-large-file=\"https:\/\/www.hoymercedes.com.ar\/principal\/wp-content\/uploads\/2026\/04\/C-1024x717.jpg\" src=\"https:\/\/www.hoymercedes.com.ar\/principal\/wp-content\/uploads\/2026\/04\/C-1024x717.jpg\" alt=\"\" class=\"wp-image-195171\" style=\"width:1059px;height:auto\" srcset=\"https:\/\/www.hoymercedes.com.ar\/principal\/wp-content\/uploads\/2026\/04\/C-1024x717.jpg 1024w, https:\/\/www.hoymercedes.com.ar\/principal\/wp-content\/uploads\/2026\/04\/C-630x441.jpg 630w, https:\/\/www.hoymercedes.com.ar\/principal\/wp-content\/uploads\/2026\/04\/C-150x105.jpg 150w, https:\/\/www.hoymercedes.com.ar\/principal\/wp-content\/uploads\/2026\/04\/C.jpg 1255w\" sizes=\"auto, (max-width: 1024px) 100vw, 1024px\" \/><\/figure>\n\n\n\n<p><strong>Servicios<\/strong><\/p>\n\n\n\n<p>La jornada cont\u00f3 con distintos servicios, entre ellos S<strong>alud Animal:<\/strong>&nbsp;El Centro de Zoonosis, junto a proteccionistas locales, realiz\u00f3 vacunaci\u00f3n antirr\u00e1bica y brind\u00f3 charlas sobre tenencia responsable en la renovada Plaza Canina. H<strong>\u00e1bitos Saludables:<\/strong>&nbsp;Las direcciones de Deportes y el Programa Alimentario Municipal asesoraron sobre actividad f\u00edsica y nutrici\u00f3n. <strong>Gesti\u00f3n de Residuos:<\/strong>&nbsp;A trav\u00e9s del Punto Verde, se foment\u00f3 la separaci\u00f3n en origen, logrando que muchos vecinos se acercaran con sus reciclables.<\/p>\n\n\n\n<p>Finalmente, Lasala calific\u00f3 la actividad como un \u00e9xito rotundo: <em>\u00abVimos una participaci\u00f3n muy alta, con mucha alegr\u00eda y paz. Logramos revalorizar este espacio y contar el relato de para qu\u00e9 est\u00e1 esta plaza: para promover el buen vivir y el v\u00ednculo sano con nuestra comunidad. Seguramente vendr\u00e1n muchos eventos m\u00e1s en este lugar\u00bb<\/em>.<\/p>\n\n\n\n<p>La plaza, que lleva el nombre de <strong>Gandini<\/strong>, luce ahora renovada carteler\u00eda, puestos de hidrataci\u00f3n para humanos y mascotas, y una infraestructura pensada para el encuentro vecinal bajo una mirada sustentable.<\/p>\n\n\n\n<p><\/p>\n","protected":false},"excerpt":{"rendered":"<p>Se llev\u00f3 adelante una nutrida jornada de cuidado ambiental y promoci\u00f3n de la salud en la jerarquizada plaza de Av.40 &#8230; <a title=\"\u00abUna Sola Salud\u00bb:  cuidado animal y promoci\u00f3n ambiental\" class=\"read-more\" href=\"https:\/\/www.hoymercedes.com.ar\/principal\/2026\/04\/26\/una-sola-salud-cuidado-animal-y-promocion-ambiental\/\" aria-label=\"Leer m\u00e1s sobre \u00abUna Sola Salud\u00bb:  cuidado animal y promoci\u00f3n ambiental\">Leer m\u00e1s<\/a><\/p>\n","protected":false},"author":1,"featured_media":195170,"comment_status":"closed","ping_status":"open","sticky":false,"template":"","format":"standard","meta":{"_monsterinsights_skip_tracking":false,"_monsterinsights_sitenote_active":false,"_monsterinsights_sitenote_note":"","_monsterinsights_sitenote_category":0,"jetpack_post_was_ever_published":false,"_jetpack_newsletter_access":"","_jetpack_dont_email_post_to_subs":false,"_jetpack_newsletter_tier_id":0,"_jetpack_memberships_contains_paywalled_content":false,"_jetpack_memberships_contains_paid_content":false,"footnotes":"","jetpack_publicize_message":"","jetpack_publicize_feature_enabled":true,"jetpack_social_post_already_shared":true,"jetpack_social_options":{"image_generator_settings":{"template":"highway","default_image_id":0,"font":"","enabled":false},"version":2},"_wpas_customize_per_network":false},"categories":[30],"tags":[17622,18287,18838],"class_list":["post-195169","post","type-post","status-publish","format-standard","has-post-thumbnail","hentry","category-municipio","tag-cuidado-ambiental","tag-cuidado-animal","tag-cuidado-de-la-salud","generate-columns","tablet-grid-50","mobile-grid-100","grid-parent","grid-50"],"jetpack_publicize_connections":[],"jetpack_featured_media_url":"https:\/\/www.hoymercedes.com.ar\/principal\/wp-content\/uploads\/2026\/04\/A.jpg","wps_subtitle":"Promoci\u00f3n","jetpack_sharing_enabled":true,"_links":{"self":[{"href":"https:\/\/www.hoymercedes.com.ar\/principal\/wp-json\/wp\/v2\/posts\/195169","targetHints":{"allow":["GET"]}}],"collection":[{"href":"https:\/\/www.hoymercedes.com.ar\/principal\/wp-json\/wp\/v2\/posts"}],"about":[{"href":"https:\/\/www.hoymercedes.com.ar\/principal\/wp-json\/wp\/v2\/types\/post"}],"author":[{"embeddable":true,"href":"https:\/\/www.hoymercedes.com.ar\/principal\/wp-json\/wp\/v2\/users\/1"}],"replies":[{"embeddable":true,"href":"https:\/\/www.hoymercedes.com.ar\/principal\/wp-json\/wp\/v2\/comments?post=195169"}],"version-history":[{"count":2,"href":"https:\/\/www.hoymercedes.com.ar\/principal\/wp-json\/wp\/v2\/posts\/195169\/revisions"}],"predecessor-version":[{"id":195173,"href":"https:\/\/www.hoymercedes.com.ar\/principal\/wp-json\/wp\/v2\/posts\/195169\/revisions\/195173"}],"wp:featuredmedia":[{"embeddable":true,"href":"https:\/\/www.hoymercedes.com.ar\/principal\/wp-json\/wp\/v2\/media\/195170"}],"wp:attachment":[{"href":"https:\/\/www.hoymercedes.com.ar\/principal\/wp-json\/wp\/v2\/media?parent=195169"}],"wp:term":[{"taxonomy":"category","embeddable":true,"href":"https:\/\/www.hoymercedes.com.ar\/principal\/wp-json\/wp\/v2\/categories?post=195169"},{"taxonomy":"post_tag","embeddable":true,"href":"https:\/\/www.hoymercedes.com.ar\/principal\/wp-json\/wp\/v2\/tags?post=195169"}],"curies":[{"name":"wp","href":"https:\/\/api.w.org\/{rel}","templated":true}]}}