{"id":195174,"date":"2026-04-27T08:18:00","date_gmt":"2026-04-27T11:18:00","guid":{"rendered":"https:\/\/www.hoymercedes.com.ar\/principal\/?p=195174"},"modified":"2026-04-26T21:44:10","modified_gmt":"2026-04-27T00:44:10","slug":"exitoso-encuentro-de-cicloturismo-en-mercedes","status":"publish","type":"post","link":"https:\/\/www.hoymercedes.com.ar\/principal\/2026\/04\/27\/exitoso-encuentro-de-cicloturismo-en-mercedes\/","title":{"rendered":"Exitoso encuentro de \u201cCicloturismo\u201d en Mercedes"},"content":{"rendered":"\n<figure class=\"wp-block-image size-large is-resized\"><img loading=\"lazy\" decoding=\"async\" width=\"1024\" height=\"1024\" data-attachment-id=\"195177\" data-permalink=\"https:\/\/www.hoymercedes.com.ar\/principal\/2026\/04\/27\/exitoso-encuentro-de-cicloturismo-en-mercedes\/cicloturismo\/#main\" data-orig-file=\"https:\/\/www.hoymercedes.com.ar\/principal\/wp-content\/uploads\/2026\/04\/CicloTurismo.jpg\" data-orig-size=\"1599,1600\" data-comments-opened=\"0\" data-image-meta=\"{&quot;aperture&quot;:&quot;0&quot;,&quot;credit&quot;:&quot;&quot;,&quot;camera&quot;:&quot;&quot;,&quot;caption&quot;:&quot;&quot;,&quot;created_timestamp&quot;:&quot;0&quot;,&quot;copyright&quot;:&quot;&quot;,&quot;focal_length&quot;:&quot;0&quot;,&quot;iso&quot;:&quot;0&quot;,&quot;shutter_speed&quot;:&quot;0&quot;,&quot;title&quot;:&quot;&quot;,&quot;orientation&quot;:&quot;0&quot;}\" data-image-title=\"Exitoso encuentro de \u201cCicloturismo\u201d en Mercedes\" data-image-description=\"&lt;p&gt;Exitoso encuentro de \u201cCicloturismo\u201d en Mercedes&lt;\/p&gt;\n\" data-image-caption=\"&lt;p&gt;Exitoso encuentro de \u201cCicloturismo\u201d en Mercedes&lt;\/p&gt;\n\" data-large-file=\"https:\/\/www.hoymercedes.com.ar\/principal\/wp-content\/uploads\/2026\/04\/CicloTurismo-1024x1024.jpg\" src=\"https:\/\/www.hoymercedes.com.ar\/principal\/wp-content\/uploads\/2026\/04\/CicloTurismo-1024x1024.jpg\" alt=\"\" class=\"wp-image-195177\" style=\"width:1056px;height:auto\" srcset=\"https:\/\/www.hoymercedes.com.ar\/principal\/wp-content\/uploads\/2026\/04\/CicloTurismo-1024x1024.jpg 1024w, https:\/\/www.hoymercedes.com.ar\/principal\/wp-content\/uploads\/2026\/04\/CicloTurismo-620x620.jpg 620w, https:\/\/www.hoymercedes.com.ar\/principal\/wp-content\/uploads\/2026\/04\/CicloTurismo-150x150.jpg 150w, https:\/\/www.hoymercedes.com.ar\/principal\/wp-content\/uploads\/2026\/04\/CicloTurismo-1536x1536.jpg 1536w, https:\/\/www.hoymercedes.com.ar\/principal\/wp-content\/uploads\/2026\/04\/CicloTurismo.jpg 1599w\" sizes=\"auto, (max-width: 1024px) 100vw, 1024px\" \/><\/figure>\n\n\n\n<p>Nuestra ciudad recibi\u00f3 a una enorme cantidad de asistentes en el Encuentro de Cicloturismo en Mercedes, con largada desde el Ce.Mu.Adra. Fueron 186 ciclistas que compartieron una jornada deportiva, de salud y turismo, conociendo m\u00e1s espacios de nuestro Partido. La organizaci\u00f3n estuvo a cargo de la \u201cAgrupaci\u00f3n de ciclistas en mercedina\u201d.<\/p>\n\n\n\n<p>Recorrido<br>El recorrido atraves\u00f3 los pueblos de Franklin y San Jacinto, sumando kil\u00f3metros de caminos rurales y paisajes mercedinos. Participaron 186 ciclistas que llegaron desde Luj\u00e1n, General Rodr\u00edguez, Bragado, Merlo, Chivilcoy y Capital Federal, en una jornada que uni\u00f3 deporte y turismo.<\/p>\n\n\n\n<p>Organizaci\u00f3n<br>La agrupaci\u00f3n \u201cCiclistas en Movimiento\u201d remarc\u00f3 especialmente su agradecimiento a la Direcci\u00f3n de Deportes de la Municipalidad de Mercedes por el acompa\u00f1amiento durante toda la jornada y por apostar por esta actividad deportiva. Destacaron que el apoyo fue clave para que el evento se desarrollara con seguridad y pudiera recibir a ciclistas de toda la regi\u00f3n.<\/p>\n\n\n\n<p>Camarader\u00eda<br>La actividad cerr\u00f3 con un encuentro entre todas las delegaciones en el Parque Independencia, consolidando a Mercedes como punto de encuentro para el cicloturismo bonaerense.<\/p>\n","protected":false},"excerpt":{"rendered":"<p>Nuestra ciudad recibi\u00f3 a una enorme cantidad de asistentes en el Encuentro de Cicloturismo en Mercedes, con largada desde el &#8230; <a title=\"Exitoso encuentro de \u201cCicloturismo\u201d en Mercedes\" class=\"read-more\" href=\"https:\/\/www.hoymercedes.com.ar\/principal\/2026\/04\/27\/exitoso-encuentro-de-cicloturismo-en-mercedes\/\" aria-label=\"Leer m\u00e1s sobre Exitoso encuentro de \u201cCicloturismo\u201d en Mercedes\">Leer m\u00e1s<\/a><\/p>\n","protected":false},"author":1,"featured_media":195177,"comment_status":"closed","ping_status":"open","sticky":false,"template":"","format":"standard","meta":{"_monsterinsights_skip_tracking":false,"_monsterinsights_sitenote_active":false,"_monsterinsights_sitenote_note":"","_monsterinsights_sitenote_category":0,"jetpack_post_was_ever_published":false,"_jetpack_newsletter_access":"","_jetpack_dont_email_post_to_subs":false,"_jetpack_newsletter_tier_id":0,"_jetpack_memberships_contains_paywalled_content":false,"_jetpack_memberships_contains_paid_content":false,"footnotes":"","jetpack_publicize_message":"","jetpack_publicize_feature_enabled":true,"jetpack_social_post_already_shared":true,"jetpack_social_options":{"image_generator_settings":{"template":"highway","default_image_id":0,"font":"","enabled":false},"version":2},"_wpas_customize_per_network":false},"categories":[21],"tags":[21137,21136],"class_list":["post-195174","post","type-post","status-publish","format-standard","has-post-thumbnail","hentry","category-deportes","tag-agrupacion-ciclistar-mercedinos","tag-exitoso-encuentro-de-cicloturismo-en-mercedes","generate-columns","tablet-grid-50","mobile-grid-100","grid-parent","grid-50"],"jetpack_publicize_connections":[],"jetpack_featured_media_url":"https:\/\/www.hoymercedes.com.ar\/principal\/wp-content\/uploads\/2026\/04\/CicloTurismo.jpg","wps_subtitle":"Deportes y Salud","jetpack_sharing_enabled":true,"_links":{"self":[{"href":"https:\/\/www.hoymercedes.com.ar\/principal\/wp-json\/wp\/v2\/posts\/195174","targetHints":{"allow":["GET"]}}],"collection":[{"href":"https:\/\/www.hoymercedes.com.ar\/principal\/wp-json\/wp\/v2\/posts"}],"about":[{"href":"https:\/\/www.hoymercedes.com.ar\/principal\/wp-json\/wp\/v2\/types\/post"}],"author":[{"embeddable":true,"href":"https:\/\/www.hoymercedes.com.ar\/principal\/wp-json\/wp\/v2\/users\/1"}],"replies":[{"embeddable":true,"href":"https:\/\/www.hoymercedes.com.ar\/principal\/wp-json\/wp\/v2\/comments?post=195174"}],"version-history":[{"count":2,"href":"https:\/\/www.hoymercedes.com.ar\/principal\/wp-json\/wp\/v2\/posts\/195174\/revisions"}],"predecessor-version":[{"id":195179,"href":"https:\/\/www.hoymercedes.com.ar\/principal\/wp-json\/wp\/v2\/posts\/195174\/revisions\/195179"}],"wp:featuredmedia":[{"embeddable":true,"href":"https:\/\/www.hoymercedes.com.ar\/principal\/wp-json\/wp\/v2\/media\/195177"}],"wp:attachment":[{"href":"https:\/\/www.hoymercedes.com.ar\/principal\/wp-json\/wp\/v2\/media?parent=195174"}],"wp:term":[{"taxonomy":"category","embeddable":true,"href":"https:\/\/www.hoymercedes.com.ar\/principal\/wp-json\/wp\/v2\/categories?post=195174"},{"taxonomy":"post_tag","embeddable":true,"href":"https:\/\/www.hoymercedes.com.ar\/principal\/wp-json\/wp\/v2\/tags?post=195174"}],"curies":[{"name":"wp","href":"https:\/\/api.w.org\/{rel}","templated":true}]}}