{"id":195183,"date":"2026-04-26T21:58:48","date_gmt":"2026-04-27T00:58:48","guid":{"rendered":"https:\/\/www.hoymercedes.com.ar\/principal\/?p=195183"},"modified":"2026-04-26T21:58:50","modified_gmt":"2026-04-27T00:58:50","slug":"incendio-de-auto-de-mercedinos-en-suipacha-video","status":"publish","type":"post","link":"https:\/\/www.hoymercedes.com.ar\/principal\/2026\/04\/26\/incendio-de-auto-de-mercedinos-en-suipacha-video\/","title":{"rendered":"Incendio de auto de mercedinos en Suipacha (video)"},"content":{"rendered":"\n<figure class=\"wp-block-image size-large\"><img loading=\"lazy\" decoding=\"async\" width=\"1024\" height=\"1024\" data-attachment-id=\"195184\" data-permalink=\"https:\/\/www.hoymercedes.com.ar\/principal\/2026\/04\/26\/incendio-de-auto-de-mercedinos-en-suipacha-video\/image-463\/#main\" data-orig-file=\"https:\/\/www.hoymercedes.com.ar\/principal\/wp-content\/uploads\/2026\/04\/image-67.png\" data-orig-size=\"1080,1080\" data-comments-opened=\"0\" data-image-meta=\"{&quot;aperture&quot;:&quot;0&quot;,&quot;credit&quot;:&quot;&quot;,&quot;camera&quot;:&quot;&quot;,&quot;caption&quot;:&quot;&quot;,&quot;created_timestamp&quot;:&quot;0&quot;,&quot;copyright&quot;:&quot;&quot;,&quot;focal_length&quot;:&quot;0&quot;,&quot;iso&quot;:&quot;0&quot;,&quot;shutter_speed&quot;:&quot;0&quot;,&quot;title&quot;:&quot;&quot;,&quot;orientation&quot;:&quot;0&quot;}\" data-image-title=\"image\" data-image-description=\"\" data-image-caption=\"\" data-large-file=\"https:\/\/www.hoymercedes.com.ar\/principal\/wp-content\/uploads\/2026\/04\/image-67-1024x1024.png\" src=\"https:\/\/www.hoymercedes.com.ar\/principal\/wp-content\/uploads\/2026\/04\/image-67-1024x1024.png\" alt=\"\" class=\"wp-image-195184\" srcset=\"https:\/\/www.hoymercedes.com.ar\/principal\/wp-content\/uploads\/2026\/04\/image-67-1024x1024.png 1024w, https:\/\/www.hoymercedes.com.ar\/principal\/wp-content\/uploads\/2026\/04\/image-67-620x620.png 620w, https:\/\/www.hoymercedes.com.ar\/principal\/wp-content\/uploads\/2026\/04\/image-67-150x150.png 150w, https:\/\/www.hoymercedes.com.ar\/principal\/wp-content\/uploads\/2026\/04\/image-67.png 1080w\" sizes=\"auto, (max-width: 1024px) 100vw, 1024px\" \/><\/figure>\n\n\n\n<p>Informaci\u00f3n e im\u00e1genes: Jorge Lasala. Un autom\u00f3vil se incendi\u00f3 por completo en la tarde de este domingo 26 de abril sobre el acceso a la localidad de General Rivas, en el partido de Suipacha, generando preocupaci\u00f3n y una r\u00e1pida intervenci\u00f3n de los servicios de emergencia.<\/p>\n\n\n\n<p>El hecho se registr\u00f3 alrededor de las 19:00 horas, a unos cuatro kil\u00f3metros de la rotonda del Cimarr\u00f3n. Por causas que se investigan, aunque se presume una <strong>falla el\u00e9ctrica<\/strong>, un <strong>Chevrolet Corsa<\/strong> (dominio KMB930) comenz\u00f3 a prenderse fuego mientras circulaba por la zona.<\/p>\n\n\n\n<p>El veh\u00edculo era conducido por <strong>Tamara Torres<\/strong>, de 31 a\u00f1os, quien viajaba acompa\u00f1ada por <strong>Ignacio Koelbl<\/strong>, tambi\u00e9n de 31, ambos domiciliados en la ciudad de Mercedes. Seg\u00fan se inform\u00f3, el foco \u00edgneo avanz\u00f3 r\u00e1pidamente y termin\u00f3 por <strong>consumir el autom\u00f3vil en su totalidad<\/strong>, extendi\u00e9ndose adem\u00e1s hacia la cuneta y parte del campo lindero a la ruta.<\/p>\n\n\n\n<p>A pesar de la magnitud del incendio, los ocupantes lograron salir a tiempo y <strong>resultaron ilesos<\/strong>. Se dirig\u00edan desde Mercedes hacia la Estancia Santa Rosa al momento del siniestro.<\/p>\n\n\n\n<p>En el lugar trabajaron <strong>Bomberos Voluntarios de Suipacha<\/strong>, quienes lograron controlar las llamas, junto con efectivos del <strong>Destacamento de Polic\u00eda Comunal de General Rivas<\/strong>, que colaboraron en las tareas de prevenci\u00f3n y ordenamiento del tr\u00e1nsito.<\/p>\n\n\n\n<figure class=\"wp-block-video\"><video height=\"720\" style=\"aspect-ratio: 720 \/ 720;\" width=\"720\" controls src=\"https:\/\/www.hoymercedes.com.ar\/principal\/wp-content\/uploads\/2026\/04\/FDownloader.Net_AQPqBSi3ptTqnknfq0LfkpDmdATIxPM1-RP3zCu2PBBjefUHyqzHQTcfF4WdUDAUnyu_QNggPH93mV-TndPzPZOPpMhWz2jlLU0zKHA_720p_HD.mp4\"><\/video><\/figure>\n","protected":false},"excerpt":{"rendered":"<p>Informaci\u00f3n e im\u00e1genes: Jorge Lasala. Un autom\u00f3vil se incendi\u00f3 por completo en la tarde de este domingo 26 de abril &#8230; <a title=\"Incendio de auto de mercedinos en Suipacha (video)\" class=\"read-more\" href=\"https:\/\/www.hoymercedes.com.ar\/principal\/2026\/04\/26\/incendio-de-auto-de-mercedinos-en-suipacha-video\/\" aria-label=\"Leer m\u00e1s sobre Incendio de auto de mercedinos en Suipacha (video)\">Leer m\u00e1s<\/a><\/p>\n","protected":false},"author":1,"featured_media":195184,"comment_status":"closed","ping_status":"open","sticky":false,"template":"","format":"standard","meta":{"_monsterinsights_skip_tracking":false,"_monsterinsights_sitenote_active":false,"_monsterinsights_sitenote_note":"","_monsterinsights_sitenote_category":0,"jetpack_post_was_ever_published":false,"_jetpack_newsletter_access":"","_jetpack_dont_email_post_to_subs":false,"_jetpack_newsletter_tier_id":0,"_jetpack_memberships_contains_paywalled_content":false,"_jetpack_memberships_contains_paid_content":false,"footnotes":"","jetpack_publicize_message":"","jetpack_publicize_feature_enabled":true,"jetpack_social_post_already_shared":true,"jetpack_social_options":{"image_generator_settings":{"template":"highway","default_image_id":0,"font":"","enabled":false},"version":2},"_wpas_customize_per_network":false},"categories":[85],"tags":[],"class_list":["post-195183","post","type-post","status-publish","format-standard","has-post-thumbnail","hentry","category-policial","generate-columns","tablet-grid-50","mobile-grid-100","grid-parent","grid-50"],"jetpack_publicize_connections":[],"jetpack_featured_media_url":"https:\/\/www.hoymercedes.com.ar\/principal\/wp-content\/uploads\/2026\/04\/image-67.png","wps_subtitle":"","jetpack_sharing_enabled":true,"_links":{"self":[{"href":"https:\/\/www.hoymercedes.com.ar\/principal\/wp-json\/wp\/v2\/posts\/195183","targetHints":{"allow":["GET"]}}],"collection":[{"href":"https:\/\/www.hoymercedes.com.ar\/principal\/wp-json\/wp\/v2\/posts"}],"about":[{"href":"https:\/\/www.hoymercedes.com.ar\/principal\/wp-json\/wp\/v2\/types\/post"}],"author":[{"embeddable":true,"href":"https:\/\/www.hoymercedes.com.ar\/principal\/wp-json\/wp\/v2\/users\/1"}],"replies":[{"embeddable":true,"href":"https:\/\/www.hoymercedes.com.ar\/principal\/wp-json\/wp\/v2\/comments?post=195183"}],"version-history":[{"count":1,"href":"https:\/\/www.hoymercedes.com.ar\/principal\/wp-json\/wp\/v2\/posts\/195183\/revisions"}],"predecessor-version":[{"id":195186,"href":"https:\/\/www.hoymercedes.com.ar\/principal\/wp-json\/wp\/v2\/posts\/195183\/revisions\/195186"}],"wp:featuredmedia":[{"embeddable":true,"href":"https:\/\/www.hoymercedes.com.ar\/principal\/wp-json\/wp\/v2\/media\/195184"}],"wp:attachment":[{"href":"https:\/\/www.hoymercedes.com.ar\/principal\/wp-json\/wp\/v2\/media?parent=195183"}],"wp:term":[{"taxonomy":"category","embeddable":true,"href":"https:\/\/www.hoymercedes.com.ar\/principal\/wp-json\/wp\/v2\/categories?post=195183"},{"taxonomy":"post_tag","embeddable":true,"href":"https:\/\/www.hoymercedes.com.ar\/principal\/wp-json\/wp\/v2\/tags?post=195183"}],"curies":[{"name":"wp","href":"https:\/\/api.w.org\/{rel}","templated":true}]}}