{"id":195190,"date":"2026-04-27T09:13:00","date_gmt":"2026-04-27T12:13:00","guid":{"rendered":"https:\/\/www.hoymercedes.com.ar\/principal\/?p=195190"},"modified":"2026-04-26T22:17:46","modified_gmt":"2026-04-27T01:17:46","slug":"hombre-de-san-andres-de-giles-fue-detenido-tras-una-serie-de-robos-y-escalamientos","status":"publish","type":"post","link":"https:\/\/www.hoymercedes.com.ar\/principal\/2026\/04\/27\/hombre-de-san-andres-de-giles-fue-detenido-tras-una-serie-de-robos-y-escalamientos\/","title":{"rendered":"Hombre de San Andr\u00e9s de Giles fue detenido tras una serie de robos y escalamientos"},"content":{"rendered":"\n<figure class=\"wp-block-image size-large\"><img loading=\"lazy\" decoding=\"async\" width=\"1024\" height=\"682\" data-attachment-id=\"185455\" data-permalink=\"https:\/\/www.hoymercedes.com.ar\/principal\/2025\/06\/18\/dos-detenidos-por-multiples-delitos\/policia-bonaerense-patrullero\/#main\" data-orig-file=\"https:\/\/www.hoymercedes.com.ar\/principal\/wp-content\/uploads\/2025\/06\/Policia-Bonaerense-Patrullero.jpg\" data-orig-size=\"1319,879\" data-comments-opened=\"0\" data-image-meta=\"{&quot;aperture&quot;:&quot;0&quot;,&quot;credit&quot;:&quot;seba_avila_1&quot;,&quot;camera&quot;:&quot;&quot;,&quot;caption&quot;:&quot;&quot;,&quot;created_timestamp&quot;:&quot;0&quot;,&quot;copyright&quot;:&quot;&quot;,&quot;focal_length&quot;:&quot;0&quot;,&quot;iso&quot;:&quot;0&quot;,&quot;shutter_speed&quot;:&quot;0&quot;,&quot;title&quot;:&quot;&quot;,&quot;orientation&quot;:&quot;0&quot;}\" data-image-title=\"Policia-Bonaerense-Patrullero\" data-image-description=\"&lt;p&gt;Patrulla de la Polic\u00eda Bonaerense &amp;#8211; Polic\u00eda Comunal Mercedes &lt;\/p&gt;\n\" data-image-caption=\"&lt;p&gt;Patrulla de la Polic\u00eda Bonaerense &amp;#8211; Polic\u00eda Comunal Mercedes &lt;\/p&gt;\n\" data-large-file=\"https:\/\/www.hoymercedes.com.ar\/principal\/wp-content\/uploads\/2025\/06\/Policia-Bonaerense-Patrullero-1024x682.jpg\" src=\"https:\/\/www.hoymercedes.com.ar\/principal\/wp-content\/uploads\/2025\/06\/Policia-Bonaerense-Patrullero-1024x682.jpg\" alt=\"Patrulla de la Polic\u00eda Bonaerense - Polic\u00eda Comunal Mercedes\" class=\"wp-image-185455\" srcset=\"https:\/\/www.hoymercedes.com.ar\/principal\/wp-content\/uploads\/2025\/06\/Policia-Bonaerense-Patrullero-1024x682.jpg 1024w, https:\/\/www.hoymercedes.com.ar\/principal\/wp-content\/uploads\/2025\/06\/Policia-Bonaerense-Patrullero-630x420.jpg 630w, https:\/\/www.hoymercedes.com.ar\/principal\/wp-content\/uploads\/2025\/06\/Policia-Bonaerense-Patrullero-150x100.jpg 150w, https:\/\/www.hoymercedes.com.ar\/principal\/wp-content\/uploads\/2025\/06\/Policia-Bonaerense-Patrullero-700x465.jpg 700w, https:\/\/www.hoymercedes.com.ar\/principal\/wp-content\/uploads\/2025\/06\/Policia-Bonaerense-Patrullero.jpg 1319w\" sizes=\"auto, (max-width: 1024px) 100vw, 1024px\" \/><figcaption class=\"wp-element-caption\">Patrulla de la Polic\u00eda Bonaerense &#8211; Polic\u00eda Comunal Mercedes <\/figcaption><\/figure>\n\n\n\n<p>En las \u00faltimas horas, la polic\u00eda de Mercedes logr\u00f3 el esclarecimiento de varios il\u00edcitos tras la aprehensi\u00f3n de un sujeto oriundo de la vecina localidad de San Andr\u00e9s de Giles y el recupero de elementos sustra\u00eddos en distintas propiedades de la zona c\u00e9ntrica.<\/p>\n\n\n\n<p>Desde la secretar\u00eda de seguridad, a cargo del Dr. Mat\u00edas Maresca, confirmaron el hecho, agradeciendo el compromiso de los efectivos que dieron r\u00e1pida respuesta a las demandas ciudadanas.<\/p>\n\n\n\n<p>Esclarecimiento<br>El procedimiento principal se llev\u00f3 a cabo este domingo 26 de abril en la zona de calle 26 entre 11 y 9. All\u00ed, los efectivos procedieron a la aprehensi\u00f3n de un hombre de 29 a\u00f1os, domiciliado en la ciudad de San Andr\u00e9s de Giles, quien fue sorprendido tras saltar un tapial de un terreno bald\u00edo.<\/p>\n\n\n\n<p>Al momento de su captura, el sospechoso cargaba con una bolsa que conten\u00eda prendas de vestir y ropa de cama. Seg\u00fan se pudo establecer, estos elementos hab\u00edan sido denunciados como robados el pasado viernes en una vivienda de calle 11, propiedad de una mujer de 81 a\u00f1os, donde el autor ingres\u00f3 tras romper el mosquitero de un galp\u00f3n.<\/p>\n\n\n\n<p>Tras las tareas investigativas de rigor, la polic\u00eda logr\u00f3 vincular al detenido de 29 a\u00f1os con otro hecho delictivo previo denunciado por una mujer de 39 a\u00f1os.<br>En el caso tom\u00f3 intervenci\u00f3n la UFI N\u00ba 6 del Departamento Judicial Mercedes, bajo la car\u00e1tula de \u00abRobo agravado por escalamiento y hurto\u00bb.<\/p>\n","protected":false},"excerpt":{"rendered":"<p>En las \u00faltimas horas, la polic\u00eda de Mercedes logr\u00f3 el esclarecimiento de varios il\u00edcitos tras la aprehensi\u00f3n de un sujeto &#8230; <a title=\"Hombre de San Andr\u00e9s de Giles fue detenido tras una serie de robos y escalamientos\" class=\"read-more\" href=\"https:\/\/www.hoymercedes.com.ar\/principal\/2026\/04\/27\/hombre-de-san-andres-de-giles-fue-detenido-tras-una-serie-de-robos-y-escalamientos\/\" aria-label=\"Leer m\u00e1s sobre Hombre de San Andr\u00e9s de Giles fue detenido tras una serie de robos y escalamientos\">Leer m\u00e1s<\/a><\/p>\n","protected":false},"author":1,"featured_media":185455,"comment_status":"closed","ping_status":"open","sticky":false,"template":"","format":"standard","meta":{"_monsterinsights_skip_tracking":false,"_monsterinsights_sitenote_active":false,"_monsterinsights_sitenote_note":"","_monsterinsights_sitenote_category":0,"jetpack_post_was_ever_published":false,"_jetpack_newsletter_access":"","_jetpack_dont_email_post_to_subs":false,"_jetpack_newsletter_tier_id":0,"_jetpack_memberships_contains_paywalled_content":false,"_jetpack_memberships_contains_paid_content":false,"footnotes":"","jetpack_publicize_message":"","jetpack_publicize_feature_enabled":true,"jetpack_social_post_already_shared":true,"jetpack_social_options":{"image_generator_settings":{"template":"highway","default_image_id":0,"font":"","enabled":false},"version":2},"_wpas_customize_per_network":false},"categories":[85],"tags":[],"class_list":["post-195190","post","type-post","status-publish","format-standard","has-post-thumbnail","hentry","category-policial","generate-columns","tablet-grid-50","mobile-grid-100","grid-parent","grid-50"],"jetpack_publicize_connections":[],"jetpack_featured_media_url":"https:\/\/www.hoymercedes.com.ar\/principal\/wp-content\/uploads\/2025\/06\/Policia-Bonaerense-Patrullero.jpg","wps_subtitle":"","jetpack_sharing_enabled":true,"_links":{"self":[{"href":"https:\/\/www.hoymercedes.com.ar\/principal\/wp-json\/wp\/v2\/posts\/195190","targetHints":{"allow":["GET"]}}],"collection":[{"href":"https:\/\/www.hoymercedes.com.ar\/principal\/wp-json\/wp\/v2\/posts"}],"about":[{"href":"https:\/\/www.hoymercedes.com.ar\/principal\/wp-json\/wp\/v2\/types\/post"}],"author":[{"embeddable":true,"href":"https:\/\/www.hoymercedes.com.ar\/principal\/wp-json\/wp\/v2\/users\/1"}],"replies":[{"embeddable":true,"href":"https:\/\/www.hoymercedes.com.ar\/principal\/wp-json\/wp\/v2\/comments?post=195190"}],"version-history":[{"count":1,"href":"https:\/\/www.hoymercedes.com.ar\/principal\/wp-json\/wp\/v2\/posts\/195190\/revisions"}],"predecessor-version":[{"id":195191,"href":"https:\/\/www.hoymercedes.com.ar\/principal\/wp-json\/wp\/v2\/posts\/195190\/revisions\/195191"}],"wp:featuredmedia":[{"embeddable":true,"href":"https:\/\/www.hoymercedes.com.ar\/principal\/wp-json\/wp\/v2\/media\/185455"}],"wp:attachment":[{"href":"https:\/\/www.hoymercedes.com.ar\/principal\/wp-json\/wp\/v2\/media?parent=195190"}],"wp:term":[{"taxonomy":"category","embeddable":true,"href":"https:\/\/www.hoymercedes.com.ar\/principal\/wp-json\/wp\/v2\/categories?post=195190"},{"taxonomy":"post_tag","embeddable":true,"href":"https:\/\/www.hoymercedes.com.ar\/principal\/wp-json\/wp\/v2\/tags?post=195190"}],"curies":[{"name":"wp","href":"https:\/\/api.w.org\/{rel}","templated":true}]}}