{"id":195193,"date":"2026-04-27T10:21:00","date_gmt":"2026-04-27T13:21:00","guid":{"rendered":"https:\/\/www.hoymercedes.com.ar\/principal\/?p=195193"},"modified":"2026-04-26T22:24:22","modified_gmt":"2026-04-27T01:24:22","slug":"sabado-de-sergios-en-el-golf-club-mercedes","status":"publish","type":"post","link":"https:\/\/www.hoymercedes.com.ar\/principal\/2026\/04\/27\/sabado-de-sergios-en-el-golf-club-mercedes\/","title":{"rendered":"S\u00e1bado de \u00abSergios\u00bb en el Golf Club Mercedes"},"content":{"rendered":"\n<figure class=\"wp-block-image size-full\"><img loading=\"lazy\" decoding=\"async\" width=\"960\" height=\"747\" data-attachment-id=\"195194\" data-permalink=\"https:\/\/www.hoymercedes.com.ar\/principal\/2026\/04\/27\/sabado-de-sergios-en-el-golf-club-mercedes\/whatsapp-image-2026-04-26-at-18-40-15\/#main\" data-orig-file=\"https:\/\/www.hoymercedes.com.ar\/principal\/wp-content\/uploads\/2026\/04\/WhatsApp-Image-2026-04-26-at-18.40.15.jpeg\" data-orig-size=\"960,747\" data-comments-opened=\"0\" data-image-meta=\"{&quot;aperture&quot;:&quot;0&quot;,&quot;credit&quot;:&quot;&quot;,&quot;camera&quot;:&quot;&quot;,&quot;caption&quot;:&quot;&quot;,&quot;created_timestamp&quot;:&quot;0&quot;,&quot;copyright&quot;:&quot;&quot;,&quot;focal_length&quot;:&quot;0&quot;,&quot;iso&quot;:&quot;0&quot;,&quot;shutter_speed&quot;:&quot;0&quot;,&quot;title&quot;:&quot;&quot;,&quot;orientation&quot;:&quot;0&quot;}\" data-image-title=\"WhatsApp Image 2026-04-26 at 18.40.15\" data-image-description=\"\" data-image-caption=\"\" data-large-file=\"https:\/\/www.hoymercedes.com.ar\/principal\/wp-content\/uploads\/2026\/04\/WhatsApp-Image-2026-04-26-at-18.40.15.jpeg\" src=\"https:\/\/www.hoymercedes.com.ar\/principal\/wp-content\/uploads\/2026\/04\/WhatsApp-Image-2026-04-26-at-18.40.15.jpeg\" alt=\"\" class=\"wp-image-195194\" srcset=\"https:\/\/www.hoymercedes.com.ar\/principal\/wp-content\/uploads\/2026\/04\/WhatsApp-Image-2026-04-26-at-18.40.15.jpeg 960w, https:\/\/www.hoymercedes.com.ar\/principal\/wp-content\/uploads\/2026\/04\/WhatsApp-Image-2026-04-26-at-18.40.15-630x490.jpeg 630w, https:\/\/www.hoymercedes.com.ar\/principal\/wp-content\/uploads\/2026\/04\/WhatsApp-Image-2026-04-26-at-18.40.15-150x117.jpeg 150w\" sizes=\"auto, (max-width: 960px) 100vw, 960px\" \/><\/figure>\n\n\n\n<p>Por Ram\u00f3n Badano. Se jug\u00f3 este s\u00e1bado en el Golf Club Mercedes un nuevo Medal a 18 Hoyos. Muchos golfistas fueron saliendo al verde farway en busca de hacer su mejor tarjeta y quienes se lucieron fueron Sergio Munarriz y Sergio Bustos, quienes presentaron tarjetas bajo el par de cancha de 66 y 67 golpes respectivamente por lo que ganaron su categor\u00eda. <\/p>\n\n\n\n<p>Los resultados del Medal fueron:<\/p>\n\n\n\n<p>Categor\u00eda hasta 16 de Hcap.<\/p>\n\n\n\n<p>1) MUNARRIZ SERGIO 66<br>2) ARISTI TOM\u00c1S 67<br>3) BRAMAJO PEDRO 69<br>4) TIPITTO GUILLERMO 70<br>5) MARQUEZ JOS\u00c9 LUIS 71<br>6) MENDIOLA PABLO 72<\/p>\n\n\n\n<p><br>Categor\u00eda de 17 de Hcap. en adelante<\/p>\n\n\n\n<p>1) BUSTOS SERGIO 67<br>2) SOCASTRO JULIO 72<br>3) GHIRARDELLI JUAN 74<br>4) TESSORE LUCAS 75<br>5) OJEA VALENTIN 75<br>6) PEREYRA ORLANDO 76<\/p>\n\n\n\n<p>Tambi\u00e9n se jugaron los cuartos de final del Torneo con Handicap del Golf Club Mercedes y ya tenemos tres semifinalistas;<\/p>\n\n\n\n<p>Giacobone L. a Rocha Eduardo<br>Brandoni F. a Vazquez D.<br>Diaz M. a Bustos Sergio<\/p>\n","protected":false},"excerpt":{"rendered":"<p>Por Ram\u00f3n Badano. Se jug\u00f3 este s\u00e1bado en el Golf Club Mercedes un nuevo Medal a 18 Hoyos. Muchos golfistas &#8230; <a title=\"S\u00e1bado de \u00abSergios\u00bb en el Golf Club Mercedes\" class=\"read-more\" href=\"https:\/\/www.hoymercedes.com.ar\/principal\/2026\/04\/27\/sabado-de-sergios-en-el-golf-club-mercedes\/\" aria-label=\"Leer m\u00e1s sobre S\u00e1bado de \u00abSergios\u00bb en el Golf Club Mercedes\">Leer m\u00e1s<\/a><\/p>\n","protected":false},"author":1,"featured_media":195194,"comment_status":"closed","ping_status":"open","sticky":false,"template":"","format":"standard","meta":{"_monsterinsights_skip_tracking":false,"_monsterinsights_sitenote_active":false,"_monsterinsights_sitenote_note":"","_monsterinsights_sitenote_category":0,"jetpack_post_was_ever_published":false,"_jetpack_newsletter_access":"","_jetpack_dont_email_post_to_subs":false,"_jetpack_newsletter_tier_id":0,"_jetpack_memberships_contains_paywalled_content":false,"_jetpack_memberships_contains_paid_content":false,"footnotes":"","jetpack_publicize_message":"","jetpack_publicize_feature_enabled":true,"jetpack_social_post_already_shared":true,"jetpack_social_options":{"image_generator_settings":{"template":"highway","default_image_id":0,"font":"","enabled":false},"version":2},"_wpas_customize_per_network":false},"categories":[21],"tags":[],"class_list":["post-195193","post","type-post","status-publish","format-standard","has-post-thumbnail","hentry","category-deportes","generate-columns","tablet-grid-50","mobile-grid-100","grid-parent","grid-50"],"jetpack_publicize_connections":[],"jetpack_featured_media_url":"https:\/\/www.hoymercedes.com.ar\/principal\/wp-content\/uploads\/2026\/04\/WhatsApp-Image-2026-04-26-at-18.40.15.jpeg","wps_subtitle":"","jetpack_sharing_enabled":true,"_links":{"self":[{"href":"https:\/\/www.hoymercedes.com.ar\/principal\/wp-json\/wp\/v2\/posts\/195193","targetHints":{"allow":["GET"]}}],"collection":[{"href":"https:\/\/www.hoymercedes.com.ar\/principal\/wp-json\/wp\/v2\/posts"}],"about":[{"href":"https:\/\/www.hoymercedes.com.ar\/principal\/wp-json\/wp\/v2\/types\/post"}],"author":[{"embeddable":true,"href":"https:\/\/www.hoymercedes.com.ar\/principal\/wp-json\/wp\/v2\/users\/1"}],"replies":[{"embeddable":true,"href":"https:\/\/www.hoymercedes.com.ar\/principal\/wp-json\/wp\/v2\/comments?post=195193"}],"version-history":[{"count":1,"href":"https:\/\/www.hoymercedes.com.ar\/principal\/wp-json\/wp\/v2\/posts\/195193\/revisions"}],"predecessor-version":[{"id":195195,"href":"https:\/\/www.hoymercedes.com.ar\/principal\/wp-json\/wp\/v2\/posts\/195193\/revisions\/195195"}],"wp:featuredmedia":[{"embeddable":true,"href":"https:\/\/www.hoymercedes.com.ar\/principal\/wp-json\/wp\/v2\/media\/195194"}],"wp:attachment":[{"href":"https:\/\/www.hoymercedes.com.ar\/principal\/wp-json\/wp\/v2\/media?parent=195193"}],"wp:term":[{"taxonomy":"category","embeddable":true,"href":"https:\/\/www.hoymercedes.com.ar\/principal\/wp-json\/wp\/v2\/categories?post=195193"},{"taxonomy":"post_tag","embeddable":true,"href":"https:\/\/www.hoymercedes.com.ar\/principal\/wp-json\/wp\/v2\/tags?post=195193"}],"curies":[{"name":"wp","href":"https:\/\/api.w.org\/{rel}","templated":true}]}}