{"id":195196,"date":"2026-04-27T10:54:00","date_gmt":"2026-04-27T13:54:00","guid":{"rendered":"https:\/\/www.hoymercedes.com.ar\/principal\/?p=195196"},"modified":"2026-04-26T22:28:22","modified_gmt":"2026-04-27T01:28:22","slug":"desbaratan-banda-dedicada-a-robos-y-hurtos-tras-una-serie-de-allanamientos","status":"publish","type":"post","link":"https:\/\/www.hoymercedes.com.ar\/principal\/2026\/04\/27\/desbaratan-banda-dedicada-a-robos-y-hurtos-tras-una-serie-de-allanamientos\/","title":{"rendered":"Desbaratan banda dedicada a robos y hurtos tras una serie de allanamientos"},"content":{"rendered":"\n<figure class=\"wp-block-image size-large\"><img loading=\"lazy\" decoding=\"async\" width=\"1024\" height=\"682\" data-attachment-id=\"185452\" data-permalink=\"https:\/\/www.hoymercedes.com.ar\/principal\/2025\/06\/19\/dos-aprehendidos-por-varios-hechos-de-escruches\/policia-bonaerense-patrullero-2\/#main\" data-orig-file=\"https:\/\/www.hoymercedes.com.ar\/principal\/wp-content\/uploads\/2025\/06\/Policia-Bonaerense-Patrullero-2.jpg\" data-orig-size=\"1319,879\" data-comments-opened=\"0\" data-image-meta=\"{&quot;aperture&quot;:&quot;0&quot;,&quot;credit&quot;:&quot;&quot;,&quot;camera&quot;:&quot;&quot;,&quot;caption&quot;:&quot;&quot;,&quot;created_timestamp&quot;:&quot;0&quot;,&quot;copyright&quot;:&quot;&quot;,&quot;focal_length&quot;:&quot;0&quot;,&quot;iso&quot;:&quot;0&quot;,&quot;shutter_speed&quot;:&quot;0&quot;,&quot;title&quot;:&quot;&quot;,&quot;orientation&quot;:&quot;0&quot;}\" data-image-title=\"Policia-Bonaerense-Patrullero-2\" data-image-description=\"&lt;p&gt;Polic\u00eda Bonaerense &amp;#8211; Mercedes &amp;#8211; Buenos Aires&lt;\/p&gt;\n\" data-image-caption=\"\" data-large-file=\"https:\/\/www.hoymercedes.com.ar\/principal\/wp-content\/uploads\/2025\/06\/Policia-Bonaerense-Patrullero-2-1024x682.jpg\" src=\"https:\/\/www.hoymercedes.com.ar\/principal\/wp-content\/uploads\/2025\/06\/Policia-Bonaerense-Patrullero-2-1024x682.jpg\" alt=\"Polic\u00eda Bonaerense - Mercedes - Buenos Aires\" class=\"wp-image-185452\" srcset=\"https:\/\/www.hoymercedes.com.ar\/principal\/wp-content\/uploads\/2025\/06\/Policia-Bonaerense-Patrullero-2-1024x682.jpg 1024w, https:\/\/www.hoymercedes.com.ar\/principal\/wp-content\/uploads\/2025\/06\/Policia-Bonaerense-Patrullero-2-630x420.jpg 630w, https:\/\/www.hoymercedes.com.ar\/principal\/wp-content\/uploads\/2025\/06\/Policia-Bonaerense-Patrullero-2-150x100.jpg 150w, https:\/\/www.hoymercedes.com.ar\/principal\/wp-content\/uploads\/2025\/06\/Policia-Bonaerense-Patrullero-2-700x465.jpg 700w, https:\/\/www.hoymercedes.com.ar\/principal\/wp-content\/uploads\/2025\/06\/Policia-Bonaerense-Patrullero-2.jpg 1319w\" sizes=\"auto, (max-width: 1024px) 100vw, 1024px\" \/><\/figure>\n\n\n\n<p>En el marco de una investigaci\u00f3n iniciada a mediados de mes por diversos il\u00edcitos contra la propiedad, la Polic\u00eda Comunal con el acompa\u00f1amiento de la Secretar\u00eda de Seguridad lograron la aprehensi\u00f3n de tres hombres y el recupero de elementos robados, tras un exhaustivo an\u00e1lisis de material f\u00edlmico y pruebas recolectadas desde el Centro de Monitoreo municipal.<\/p>\n\n\n\n<p>El secretario Dr Mat\u00edas Maresca agradeci\u00f3 el compromiso y dedicaci\u00f3n tanto a la Polic\u00eda Comunal como al equipo del Centro de Monitorio, siempre atentos y diligentes para dar asistencia a la justicia y llevar respuestas a la ciudadan\u00eda<\/p>\n\n\n\n<p>Investigaci\u00f3n<br>La investigaci\u00f3n, centralizada en la Unidad Funcional de Instrucci\u00f3n (UFI) N.\u00ba 4, permiti\u00f3 unificar tres causas distintas: un robo y dos hurtos que hab\u00edan damnificado a vecinos de la ciudad en las \u00faltimas semanas.<\/p>\n\n\n\n<p>Detenciones<br>El operativo se despleg\u00f3 en distintos puntos estrat\u00e9gicos de la ciudad, arrojando los siguientes resultados: Primera intervenci\u00f3n: En las inmediaciones de la Avenida San Mart\u00edn, entre las calles 109 y 111, los efectivos procedieron a la aprehensi\u00f3n de un hombre de 36 a\u00f1os. Segunda intervenci\u00f3n: En el cruce de calle 113 y 312, se captur\u00f3 a un joven de 22 a\u00f1os. Al momento de la requisa, el sujeto llevaba entre sus prendas tarjetas de cr\u00e9dito pertenecientes a una de las v\u00edctimas de los hurtos investigados. Diligencias domiciliarias: Tras las detenciones, se ejecutaron allanamientos fiscales en viviendas ubicadas sobre la calle 12 (entre 107 y 105) y en la Avenida San Mart\u00edn (entre 107 y 109). En este \u00faltimo domicilio, se detuvo a un tercer implicado, tambi\u00e9n de 36 a\u00f1os, y se secuestraron prendas de vestir que coinciden con las captadas por las c\u00e1maras de seguridad al momento de los hechos.<\/p>\n\n\n\n<p>Recupero<br>Gracias a las tareas de inteligencia y a las declaraciones obtenidas, la polic\u00eda logr\u00f3 localizar bienes que ya hab\u00edan sido comercializados o descartados.<\/p>\n\n\n\n<p>Causa<br>Los tres aprehendidos quedaron a disposici\u00f3n de la justicia bajo las car\u00e1tulas de \u00abRobo\u00bb y \u00abHurto\u00bb, mientras se analiza su posible participaci\u00f3n en otros hechos delictivos ocurridos bajo la misma modalidad en la zona.<\/p>\n","protected":false},"excerpt":{"rendered":"<p>En el marco de una investigaci\u00f3n iniciada a mediados de mes por diversos il\u00edcitos contra la propiedad, la Polic\u00eda Comunal &#8230; <a title=\"Desbaratan banda dedicada a robos y hurtos tras una serie de allanamientos\" class=\"read-more\" href=\"https:\/\/www.hoymercedes.com.ar\/principal\/2026\/04\/27\/desbaratan-banda-dedicada-a-robos-y-hurtos-tras-una-serie-de-allanamientos\/\" aria-label=\"Leer m\u00e1s sobre Desbaratan banda dedicada a robos y hurtos tras una serie de allanamientos\">Leer m\u00e1s<\/a><\/p>\n","protected":false},"author":1,"featured_media":185452,"comment_status":"closed","ping_status":"open","sticky":false,"template":"","format":"standard","meta":{"_monsterinsights_skip_tracking":false,"_monsterinsights_sitenote_active":false,"_monsterinsights_sitenote_note":"","_monsterinsights_sitenote_category":0,"jetpack_post_was_ever_published":false,"_jetpack_newsletter_access":"","_jetpack_dont_email_post_to_subs":false,"_jetpack_newsletter_tier_id":0,"_jetpack_memberships_contains_paywalled_content":false,"_jetpack_memberships_contains_paid_content":false,"footnotes":"","jetpack_publicize_message":"","jetpack_publicize_feature_enabled":true,"jetpack_social_post_already_shared":true,"jetpack_social_options":{"image_generator_settings":{"template":"highway","default_image_id":0,"font":"","enabled":false},"version":2},"_wpas_customize_per_network":false},"categories":[85],"tags":[],"class_list":["post-195196","post","type-post","status-publish","format-standard","has-post-thumbnail","hentry","category-policial","generate-columns","tablet-grid-50","mobile-grid-100","grid-parent","grid-50"],"jetpack_publicize_connections":[],"jetpack_featured_media_url":"https:\/\/www.hoymercedes.com.ar\/principal\/wp-content\/uploads\/2025\/06\/Policia-Bonaerense-Patrullero-2.jpg","wps_subtitle":"","jetpack_sharing_enabled":true,"_links":{"self":[{"href":"https:\/\/www.hoymercedes.com.ar\/principal\/wp-json\/wp\/v2\/posts\/195196","targetHints":{"allow":["GET"]}}],"collection":[{"href":"https:\/\/www.hoymercedes.com.ar\/principal\/wp-json\/wp\/v2\/posts"}],"about":[{"href":"https:\/\/www.hoymercedes.com.ar\/principal\/wp-json\/wp\/v2\/types\/post"}],"author":[{"embeddable":true,"href":"https:\/\/www.hoymercedes.com.ar\/principal\/wp-json\/wp\/v2\/users\/1"}],"replies":[{"embeddable":true,"href":"https:\/\/www.hoymercedes.com.ar\/principal\/wp-json\/wp\/v2\/comments?post=195196"}],"version-history":[{"count":1,"href":"https:\/\/www.hoymercedes.com.ar\/principal\/wp-json\/wp\/v2\/posts\/195196\/revisions"}],"predecessor-version":[{"id":195197,"href":"https:\/\/www.hoymercedes.com.ar\/principal\/wp-json\/wp\/v2\/posts\/195196\/revisions\/195197"}],"wp:featuredmedia":[{"embeddable":true,"href":"https:\/\/www.hoymercedes.com.ar\/principal\/wp-json\/wp\/v2\/media\/185452"}],"wp:attachment":[{"href":"https:\/\/www.hoymercedes.com.ar\/principal\/wp-json\/wp\/v2\/media?parent=195196"}],"wp:term":[{"taxonomy":"category","embeddable":true,"href":"https:\/\/www.hoymercedes.com.ar\/principal\/wp-json\/wp\/v2\/categories?post=195196"},{"taxonomy":"post_tag","embeddable":true,"href":"https:\/\/www.hoymercedes.com.ar\/principal\/wp-json\/wp\/v2\/tags?post=195196"}],"curies":[{"name":"wp","href":"https:\/\/api.w.org\/{rel}","templated":true}]}}