{"id":195198,"date":"2026-04-27T11:28:00","date_gmt":"2026-04-27T14:28:00","guid":{"rendered":"https:\/\/www.hoymercedes.com.ar\/principal\/?p=195198"},"modified":"2026-04-26T22:30:00","modified_gmt":"2026-04-27T01:30:00","slug":"buscan-reconocer-por-ordenanza-el-logro-mundial-de-lola-montenegro","status":"publish","type":"post","link":"https:\/\/www.hoymercedes.com.ar\/principal\/2026\/04\/27\/buscan-reconocer-por-ordenanza-el-logro-mundial-de-lola-montenegro\/","title":{"rendered":"Buscan reconocer por ordenanza el logro mundial de Lola Montenegro"},"content":{"rendered":"\n<figure class=\"wp-block-image size-full\"><img loading=\"lazy\" decoding=\"async\" width=\"640\" height=\"883\" data-attachment-id=\"194814\" data-permalink=\"https:\/\/www.hoymercedes.com.ar\/principal\/2026\/04\/20\/patin-lola-montenegro-gano-la-semifinal-y-jugara-la-final-en-italia\/image-440\/#main\" data-orig-file=\"https:\/\/www.hoymercedes.com.ar\/principal\/wp-content\/uploads\/2026\/04\/image-44.png\" data-orig-size=\"640,883\" data-comments-opened=\"0\" data-image-meta=\"{&quot;aperture&quot;:&quot;0&quot;,&quot;credit&quot;:&quot;&quot;,&quot;camera&quot;:&quot;&quot;,&quot;caption&quot;:&quot;&quot;,&quot;created_timestamp&quot;:&quot;0&quot;,&quot;copyright&quot;:&quot;&quot;,&quot;focal_length&quot;:&quot;0&quot;,&quot;iso&quot;:&quot;0&quot;,&quot;shutter_speed&quot;:&quot;0&quot;,&quot;title&quot;:&quot;&quot;,&quot;orientation&quot;:&quot;0&quot;}\" data-image-title=\"image\" data-image-description=\"\" data-image-caption=\"\" data-large-file=\"https:\/\/www.hoymercedes.com.ar\/principal\/wp-content\/uploads\/2026\/04\/image-44.png\" src=\"https:\/\/www.hoymercedes.com.ar\/principal\/wp-content\/uploads\/2026\/04\/image-44.png\" alt=\"\" class=\"wp-image-194814\" srcset=\"https:\/\/www.hoymercedes.com.ar\/principal\/wp-content\/uploads\/2026\/04\/image-44.png 640w, https:\/\/www.hoymercedes.com.ar\/principal\/wp-content\/uploads\/2026\/04\/image-44-449x620.png 449w, https:\/\/www.hoymercedes.com.ar\/principal\/wp-content\/uploads\/2026\/04\/image-44-109x150.png 109w\" sizes=\"auto, (max-width: 640px) 100vw, 640px\" \/><\/figure>\n\n\n\n<p>El bloque de concejales de <strong>Fuerza Patria<\/strong> present\u00f3 un proyecto en el Concejo Deliberante de Mercedes para <strong>reconocer oficialmente el desempe\u00f1o internacional de la patinadora Lola Montenegro<\/strong>, tras su reciente consagraci\u00f3n en el \u00e1mbito mundial.<\/p>\n\n\n\n<p>Con apenas <strong>14 a\u00f1os<\/strong>, la deportista logr\u00f3 el <strong>primer puesto en la semifinal del Mundial de Pat\u00edn Art\u00edstico<\/strong>, resultado que le permiti\u00f3 <strong>clasificar a la final<\/strong>, marcando un hecho destacado para el deporte local.<\/p>\n\n\n\n<p><strong>Reconocimiento al esfuerzo y al entorno<\/strong><\/p>\n\n\n\n<p>La iniciativa fue impulsada por la concejala <strong>Mariana San Mart\u00edn<\/strong>, quien destac\u00f3 no solo el talento de la joven, sino tambi\u00e9n el <strong>acompa\u00f1amiento de su familia y su equipo t\u00e9cnico<\/strong>, elementos clave en su crecimiento deportivo.<\/p>\n\n\n\n<p>El proyecto busca brindar un <strong>respaldo institucional<\/strong> a Montenegro, valorando su dedicaci\u00f3n y su proyecci\u00f3n internacional, adem\u00e1s de acompa\u00f1ar los desaf\u00edos que tendr\u00e1 en su carrera.<\/p>\n\n\n\n<p><strong>Impacto en la comunidad<\/strong><\/p>\n\n\n\n<p>Desde el Concejo se\u00f1alaron que este tipo de logros <strong>posicionan a Mercedes en el plano deportivo internacional<\/strong> y reflejan el trabajo de las instituciones locales como formadoras de talentos.<\/p>\n\n\n\n<p>A su vez, se destac\u00f3 que el reconocimiento apunta tambi\u00e9n a <strong>incentivar a otros j\u00f3venes<\/strong> a involucrarse en el deporte, promoviendo el desarrollo con apoyo del Estado y la comunidad.<\/p>\n","protected":false},"excerpt":{"rendered":"<p>El bloque de concejales de Fuerza Patria present\u00f3 un proyecto en el Concejo Deliberante de Mercedes para reconocer oficialmente el &#8230; <a title=\"Buscan reconocer por ordenanza el logro mundial de Lola Montenegro\" class=\"read-more\" href=\"https:\/\/www.hoymercedes.com.ar\/principal\/2026\/04\/27\/buscan-reconocer-por-ordenanza-el-logro-mundial-de-lola-montenegro\/\" aria-label=\"Leer m\u00e1s sobre Buscan reconocer por ordenanza el logro mundial de Lola Montenegro\">Leer m\u00e1s<\/a><\/p>\n","protected":false},"author":1,"featured_media":194814,"comment_status":"closed","ping_status":"open","sticky":false,"template":"","format":"standard","meta":{"_monsterinsights_skip_tracking":false,"_monsterinsights_sitenote_active":false,"_monsterinsights_sitenote_note":"","_monsterinsights_sitenote_category":0,"jetpack_post_was_ever_published":false,"_jetpack_newsletter_access":"","_jetpack_dont_email_post_to_subs":false,"_jetpack_newsletter_tier_id":0,"_jetpack_memberships_contains_paywalled_content":false,"_jetpack_memberships_contains_paid_content":false,"footnotes":"","jetpack_publicize_message":"","jetpack_publicize_feature_enabled":true,"jetpack_social_post_already_shared":true,"jetpack_social_options":{"image_generator_settings":{"template":"highway","default_image_id":0,"font":"","enabled":false},"version":2},"_wpas_customize_per_network":false},"categories":[21],"tags":[],"class_list":["post-195198","post","type-post","status-publish","format-standard","has-post-thumbnail","hentry","category-deportes","generate-columns","tablet-grid-50","mobile-grid-100","grid-parent","grid-50"],"jetpack_publicize_connections":[],"jetpack_featured_media_url":"https:\/\/www.hoymercedes.com.ar\/principal\/wp-content\/uploads\/2026\/04\/image-44.png","wps_subtitle":"","jetpack_sharing_enabled":true,"_links":{"self":[{"href":"https:\/\/www.hoymercedes.com.ar\/principal\/wp-json\/wp\/v2\/posts\/195198","targetHints":{"allow":["GET"]}}],"collection":[{"href":"https:\/\/www.hoymercedes.com.ar\/principal\/wp-json\/wp\/v2\/posts"}],"about":[{"href":"https:\/\/www.hoymercedes.com.ar\/principal\/wp-json\/wp\/v2\/types\/post"}],"author":[{"embeddable":true,"href":"https:\/\/www.hoymercedes.com.ar\/principal\/wp-json\/wp\/v2\/users\/1"}],"replies":[{"embeddable":true,"href":"https:\/\/www.hoymercedes.com.ar\/principal\/wp-json\/wp\/v2\/comments?post=195198"}],"version-history":[{"count":1,"href":"https:\/\/www.hoymercedes.com.ar\/principal\/wp-json\/wp\/v2\/posts\/195198\/revisions"}],"predecessor-version":[{"id":195199,"href":"https:\/\/www.hoymercedes.com.ar\/principal\/wp-json\/wp\/v2\/posts\/195198\/revisions\/195199"}],"wp:featuredmedia":[{"embeddable":true,"href":"https:\/\/www.hoymercedes.com.ar\/principal\/wp-json\/wp\/v2\/media\/194814"}],"wp:attachment":[{"href":"https:\/\/www.hoymercedes.com.ar\/principal\/wp-json\/wp\/v2\/media?parent=195198"}],"wp:term":[{"taxonomy":"category","embeddable":true,"href":"https:\/\/www.hoymercedes.com.ar\/principal\/wp-json\/wp\/v2\/categories?post=195198"},{"taxonomy":"post_tag","embeddable":true,"href":"https:\/\/www.hoymercedes.com.ar\/principal\/wp-json\/wp\/v2\/tags?post=195198"}],"curies":[{"name":"wp","href":"https:\/\/api.w.org\/{rel}","templated":true}]}}