{"id":195200,"date":"2026-04-27T11:30:00","date_gmt":"2026-04-27T14:30:00","guid":{"rendered":"https:\/\/www.hoymercedes.com.ar\/principal\/?p=195200"},"modified":"2026-04-26T22:32:06","modified_gmt":"2026-04-27T01:32:06","slug":"menores-aprehendidos-tras-saltar-de-un-techo","status":"publish","type":"post","link":"https:\/\/www.hoymercedes.com.ar\/principal\/2026\/04\/27\/menores-aprehendidos-tras-saltar-de-un-techo\/","title":{"rendered":"Menores aprehendidos tras saltar de un techo"},"content":{"rendered":"\n<figure class=\"wp-block-image size-full\"><img loading=\"lazy\" decoding=\"async\" width=\"800\" height=\"600\" data-attachment-id=\"125642\" data-permalink=\"https:\/\/www.hoymercedes.com.ar\/principal\/2021\/03\/02\/internos-repararan-moviles-policiales-que-fueron-entregados-a-seguridad\/02-movil-policia\/#main\" data-orig-file=\"https:\/\/www.hoymercedes.com.ar\/principal\/wp-content\/uploads\/2021\/03\/02-movil-policia.jpg\" data-orig-size=\"800,600\" data-comments-opened=\"0\" data-image-meta=\"{&quot;aperture&quot;:&quot;2&quot;,&quot;credit&quot;:&quot;&quot;,&quot;camera&quot;:&quot;Moto G (5S) Plus&quot;,&quot;caption&quot;:&quot;&quot;,&quot;created_timestamp&quot;:&quot;1614593767&quot;,&quot;copyright&quot;:&quot;&quot;,&quot;focal_length&quot;:&quot;3.59&quot;,&quot;iso&quot;:&quot;100&quot;,&quot;shutter_speed&quot;:&quot;0.00066666666666667&quot;,&quot;title&quot;:&quot;&quot;,&quot;orientation&quot;:&quot;1&quot;}\" data-image-title=\"Polic\u00eda Comunal Mercedes\" data-image-description=\"&lt;p&gt;Polic\u00eda Comunal Mercedes&lt;\/p&gt;\n\" data-image-caption=\"&lt;p&gt;Polic\u00eda Comunal Mercedes&lt;\/p&gt;\n\" data-large-file=\"https:\/\/www.hoymercedes.com.ar\/principal\/wp-content\/uploads\/2021\/03\/02-movil-policia.jpg\" src=\"https:\/\/www.hoymercedes.com.ar\/principal\/wp-content\/uploads\/2021\/03\/02-movil-policia.jpg\" alt=\"Polic\u00eda Comunal Mercedes\" class=\"wp-image-125642\" srcset=\"https:\/\/www.hoymercedes.com.ar\/principal\/wp-content\/uploads\/2021\/03\/02-movil-policia.jpg 800w, https:\/\/www.hoymercedes.com.ar\/principal\/wp-content\/uploads\/2021\/03\/02-movil-policia-630x473.jpg 630w, https:\/\/www.hoymercedes.com.ar\/principal\/wp-content\/uploads\/2021\/03\/02-movil-policia-150x113.jpg 150w\" sizes=\"auto, (max-width: 800px) 100vw, 800px\" \/><figcaption class=\"wp-element-caption\">Polic\u00eda Comunal Mercedes<\/figcaption><\/figure>\n\n\n\n<p>En un operativo realizado por personal policial se constituy\u00f3 en la calle 109 entre 26 y 28 por un intento de hurto con escalamiento.<\/p>\n\n\n\n<p>En el lugar, fueron aprehendidos dos menores de edad, de 14 y 17 a\u00f1os, ambos con domicilio en Mercedes, quienes momentos antes hab\u00edan sido vistos saltando desde el techo de una obra en construcci\u00f3n.<\/p>\n\n\n\n<p>Ante esta situaci\u00f3n, el Dr. Ponce aval\u00f3 las actuaciones policiales y dispuso la intervenci\u00f3n del Servicio Local.<\/p>\n\n\n\n<p>Tras cumplir con las diligencias legales de rigor, ambos menores fueron entregados a sus progenitores.<\/p>\n\n\n\n<p>Este hecho qued\u00f3 bajo la \u00f3rbita de la UFI N\u00ba 8 del Departamento Judicial de Mercedes.<\/p>\n","protected":false},"excerpt":{"rendered":"<p>En un operativo realizado por personal policial se constituy\u00f3 en la calle 109 entre 26 y 28 por un intento &#8230; <a title=\"Menores aprehendidos tras saltar de un techo\" class=\"read-more\" href=\"https:\/\/www.hoymercedes.com.ar\/principal\/2026\/04\/27\/menores-aprehendidos-tras-saltar-de-un-techo\/\" aria-label=\"Leer m\u00e1s sobre Menores aprehendidos tras saltar de un techo\">Leer m\u00e1s<\/a><\/p>\n","protected":false},"author":1,"featured_media":125642,"comment_status":"closed","ping_status":"open","sticky":false,"template":"","format":"standard","meta":{"_monsterinsights_skip_tracking":false,"_monsterinsights_sitenote_active":false,"_monsterinsights_sitenote_note":"","_monsterinsights_sitenote_category":0,"jetpack_post_was_ever_published":false,"_jetpack_newsletter_access":"","_jetpack_dont_email_post_to_subs":false,"_jetpack_newsletter_tier_id":0,"_jetpack_memberships_contains_paywalled_content":false,"_jetpack_memberships_contains_paid_content":false,"footnotes":"","jetpack_publicize_message":"","jetpack_publicize_feature_enabled":true,"jetpack_social_post_already_shared":true,"jetpack_social_options":{"image_generator_settings":{"template":"highway","default_image_id":0,"font":"","enabled":false},"version":2},"_wpas_customize_per_network":false},"categories":[85],"tags":[],"class_list":["post-195200","post","type-post","status-publish","format-standard","has-post-thumbnail","hentry","category-policial","generate-columns","tablet-grid-50","mobile-grid-100","grid-parent","grid-50"],"jetpack_publicize_connections":[],"jetpack_featured_media_url":"https:\/\/www.hoymercedes.com.ar\/principal\/wp-content\/uploads\/2021\/03\/02-movil-policia.jpg","wps_subtitle":"","jetpack_sharing_enabled":true,"_links":{"self":[{"href":"https:\/\/www.hoymercedes.com.ar\/principal\/wp-json\/wp\/v2\/posts\/195200","targetHints":{"allow":["GET"]}}],"collection":[{"href":"https:\/\/www.hoymercedes.com.ar\/principal\/wp-json\/wp\/v2\/posts"}],"about":[{"href":"https:\/\/www.hoymercedes.com.ar\/principal\/wp-json\/wp\/v2\/types\/post"}],"author":[{"embeddable":true,"href":"https:\/\/www.hoymercedes.com.ar\/principal\/wp-json\/wp\/v2\/users\/1"}],"replies":[{"embeddable":true,"href":"https:\/\/www.hoymercedes.com.ar\/principal\/wp-json\/wp\/v2\/comments?post=195200"}],"version-history":[{"count":1,"href":"https:\/\/www.hoymercedes.com.ar\/principal\/wp-json\/wp\/v2\/posts\/195200\/revisions"}],"predecessor-version":[{"id":195201,"href":"https:\/\/www.hoymercedes.com.ar\/principal\/wp-json\/wp\/v2\/posts\/195200\/revisions\/195201"}],"wp:featuredmedia":[{"embeddable":true,"href":"https:\/\/www.hoymercedes.com.ar\/principal\/wp-json\/wp\/v2\/media\/125642"}],"wp:attachment":[{"href":"https:\/\/www.hoymercedes.com.ar\/principal\/wp-json\/wp\/v2\/media?parent=195200"}],"wp:term":[{"taxonomy":"category","embeddable":true,"href":"https:\/\/www.hoymercedes.com.ar\/principal\/wp-json\/wp\/v2\/categories?post=195200"},{"taxonomy":"post_tag","embeddable":true,"href":"https:\/\/www.hoymercedes.com.ar\/principal\/wp-json\/wp\/v2\/tags?post=195200"}],"curies":[{"name":"wp","href":"https:\/\/api.w.org\/{rel}","templated":true}]}}